{"id":427192,"date":"2025-09-29T23:02:39","date_gmt":"2025-09-29T23:02:39","guid":{"rendered":"https:\/\/www.europesays.com\/fr\/427192\/"},"modified":"2025-09-29T23:02:39","modified_gmt":"2025-09-29T23:02:39","slug":"ce-que-strasbourg-a-decide-hier","status":"publish","type":"post","link":"https:\/\/www.europesays.com\/fr\/427192\/","title":{"rendered":"ce que Strasbourg a d\u00e9cid\u00e9 hier"},"content":{"rendered":"<p class=\"p1\"><b>C\u2019est la derni\u00e8re rentr\u00e9e du conseil municipal strasbourgeois, fa\u00e7on mandat 2020-2026 de Jeanne Barseghian. Sentant le vent de la fin arriver, nos \u00e9lu(e)s ont plut\u00f4t la t\u00eate ailleurs, un peu accapar\u00e9(e)s par les soubresauts politiques de la campagne des municipales. Il y avait tout de m\u00eame quelques projets \u00e0 voter et \u00e0 faire avancer dans ce nouvel \u00e9pisode de la s\u00e9rie politique pr\u00e9f\u00e9r\u00e9e des Strasbourgeois(es).<\/b><\/p>\n<p class=\"p1\">La rentr\u00e9e politique strasbourgeoise en conseil municipal a \u00e9t\u00e9 inversement proportionnelle \u00e0 celle des municipales : <b>alors que le mercato des personnalit\u00e9s politiques <a href=\"https:\/\/pokaa.fr\/2025\/09\/15\/municipales-2026-cest-quoi-ce-sondage-qui-place-trautmann-et-vetter-en-tete-a-strasbourg\/\" target=\"_blank\" rel=\"noopener nofollow\">et les discussions \u00e0 propos des sondages ont battu leur plein<\/a>, nos \u00e9lu(e)s sont sagement retourn\u00e9(e)s dans un h\u00e9micycle tr\u00e8s calme<\/b>. Catherine Trautmann et Pernelle Richardot (PS) n\u2019\u00e9taient pas pr\u00e9sentes, Jeanne Barseghian \u00e9tait l\u00e0 mais malade, tandis que Nicolas Matt si\u00e8ge d\u00e9sormais \u00e0 c\u00f4t\u00e9 de Jean-Philippe Maurer (LR) apr\u00e8s son ralliement \u00e0 Jean-Philippe Vetter.<\/p>\n<p>                <a href=\"https:\/\/pokaa.fr\/2025\/09\/23\/rentree-politique-a-strasbourg-petit-recap-pour-y-voir-plus-clair-dans-les-municipales-2026\/\" rel=\"nofollow noopener\" target=\"_blank\"><br \/>\n                    <img width=\"450\" height=\"270\" src=\"https:\/\/www.europesays.com\/fr\/wp-content\/uploads\/2025\/09\/2-450x270.png\" class=\"attachment-card-horizontal--same-subject size-card-horizontal--same-subject wp-post-image\" alt=\"\" decoding=\"async\" loading=\"lazy\"\/>                <\/a><\/p>\n<p>Ce calme apparent s\u2019est ressenti dans un ordre du jour majoritairement technique : <b>13 points retenus, dont plusieurs votes de subventions, de nouvelles d\u00e9nominations de rues, un centre d\u2019h\u00e9bergement \u00e0 la Montagne Verte ou encore le sujet du tunnel des Halles<\/b>.<\/p>\n<p>Il a \u00e9t\u00e9 \u00e9toff\u00e9 par des textes additionnels, notamment ceux sur les travaux avenue de Colmar, sur le Wagon Souk ou sur le maintien des lignes de train Paris-Berlin et Paris-Vienne, qui disparaitront le 14 d\u00e9cembre prochain.<\/p>\n<p>                <a href=\"https:\/\/pokaa.fr\/2025\/09\/29\/bye-bye-berlin-et-vienne-a-strasbourg-les-trains-de-nuit-supprimes-des-le-14-decembre\/\" rel=\"nofollow noopener\" target=\"_blank\"><br \/>\n                    <img width=\"450\" height=\"246\" src=\"https:\/\/www.europesays.com\/fr\/wp-content\/uploads\/2025\/09\/train-de-nuit-strasbourg-vienne.jpg\" class=\"attachment-card-horizontal--same-subject size-card-horizontal--same-subject wp-post-image\" alt=\"\" decoding=\"async\" loading=\"lazy\"  \/>                <\/a><\/p>\n<p>    <img width=\"800\" height=\"447\" src=\"https:\/\/www.europesays.com\/fr\/wp-content\/uploads\/2025\/09\/capture-decran-2025-09-29-a-203505-800x447.png\" class=\"attachment-image-size-L size-image-size-L\" alt=\"conseil municipal he\u0301micycle\" decoding=\"async\" loading=\"lazy\"  \/>         \u00a9 Live conseil municipal du 29 septembre \/ Capture d&rsquo;\u00e9cran <\/p>\n<p>Les sujets insolites du conseil<\/p>\n<p class=\"p3\">Strasbourg se trouvant en r\u00e9serve \u00e9lectorale depuis le 1er septembre, ce qui emp\u00eache la Ville de faire de la promotion de nouveaux projets, <strong>deux sujets sont sortis du lot<\/strong> dans un ordre du jour tr\u00e8s pauvre en points saillants.<\/p>\n<p>Un projet de cryptomonnaie locale\u00a0en r\u00e9flexion<\/p>\n<p>Le premier sujet est l\u2019ambition de la Ville de r\u00e9fl\u00e9chir \u00e0 un projet de cryptomonnaie locale. Pr\u00e9sent\u00e9 par Caroline Zorn, il prend pour le moment la forme d\u2019une motion, <b>c\u2019est-\u00e0-dire d\u2019une d\u00e9claration d\u2019intention de la municipalit\u00e9 de se pencher sur le sujet<\/b>, prenant l\u2019exemple de l\u2019initiative de la monnaie locale du St\u00fcck.<\/p>\n<p>La conseill\u00e8re municipale d\u00e9l\u00e9gu\u00e9e au num\u00e9rique explique que 10% des Fran\u00e7ais(es) en d\u00e9tiennent,<b> et que la cryptomonnaie \u00ab repr\u00e9sente une opportunit\u00e9 pour baisser les prix de l\u2019\u00e9nergie, et avoir une \u00e9conomie plus r\u00e9siliente \u00bb<\/b>.<\/p>\n<blockquote><p>\n        Quand on parle de crypto locale, on parle solidarit\u00e9, tourisme et \u00e9conomie.    <\/p><\/blockquote>\n<p>            Caroline Zorn, conseill\u00e8re municipale d\u00e9l\u00e9gu\u00e9e au num\u00e9rique<\/p>\n<p>    <img width=\"800\" height=\"367\" src=\"https:\/\/www.europesays.com\/fr\/wp-content\/uploads\/2025\/09\/capture-decran-2025-09-29-a-185422-800x367.png\" class=\"attachment-image-size-L size-image-size-L\" alt=\"caroline zorn\" decoding=\"async\" loading=\"lazy\"  \/>         \u00a9 Live conseil municipal du 29 septembre \/ Capture d&rsquo;\u00e9cran <\/p>\n<p class=\"p3\">C\u00f4t\u00e9 opposition, on s\u2019interroge. C\u00e9line Geissmann (PS) ironise sur le fait qu\u2019avant d\u2019\u00e9tudier la cryptomonnaie, il serait bien que les \u00e9lu(e)s puissent recevoir leurs mails. Jean-Philippe Vetter (LR) s\u2019amuse d\u2019une \u00ab\u00a0motion pirate\u00a0\u00bb, puisqu\u2019elle est pr\u00e9sent\u00e9e par Caroline Zorn en son nom propre [faisant r\u00e9f\u00e9rence au parti auquel appartient la conseill\u00e8re, ndlr], <b>tout en s\u2019inqui\u00e9tant de l\u2019impact \u00e9cologique, de la sp\u00e9culation et du march\u00e9 noir<\/b>. Le candidat aux municipales sait de quoi il parle, ayant lanc\u00e9 un projet, avort\u00e9, de start-up dans les nouvelles technologies, dont la blockchain.<\/p>\n<p class=\"p3\">Caroline Zorn r\u00e9pond aux critiques, insistant sur le fait que \u00ab quand on parle crypto locale, on parle solidarit\u00e9, tourisme et \u00e9conomie \u00bb. Elle pr\u00e9cise \u00e9galement que \u00ab le minage bitcoin permet de stabiliser le r\u00e9seau \u00e9lectrique\u00a0\u00bb, alors que le plus gros op\u00e9rateur t\u00e9l\u00e9com d\u2019Allemagne participe \u00e0 un projet de production de cryptos par le surplus d\u2019\u00e9nergies renouvelables dans l\u2019Union europ\u00e9enne. <b>Surtout, elle r\u00e9it\u00e8re que ce projet n\u2019en est pour l\u2019instant qu\u2019\u00e0 l\u2019\u00e9tape d\u2019une r\u00e9flexion et d\u2019une concertation<\/b>, avec peut-\u00eatre l\u2019organisation d\u2019une conf\u00e9rence. La motion est adopt\u00e9e \u00e0 19 voix pour et 12 abstentions. Fait assez particulier, des membres de la majorit\u00e9 se sont abstenus, comme Jeanne Barseghian, Guillaume Libsig ou Benjamin Soulet, avec le groupe de la droite.\u00a0A contrario, Syamak Agha Babaei, Jo\u00ebl Steffen, Carole Zielenski ou Suzanne Brolly ont vot\u00e9 pour.<\/p>\n<p>    <img width=\"800\" height=\"600\" src=\"https:\/\/www.europesays.com\/fr\/wp-content\/uploads\/2025\/09\/275932173_901261923975568_748651849686736688_n.jpg\" class=\"attachment-image-size-L size-image-size-L\" alt=\"crypto\" decoding=\"async\" loading=\"lazy\"  \/>         \u00a9 Pokaa <\/p>\n<p>La crise au Racing Club de Strasbourg s\u2019invite en conseil municipal<\/p>\n<p class=\"p6\">En ce moment, impossible de passer \u00e0 c\u00f4t\u00e9 de la crise au Racing Club de Strasbourg, entre la direction et ses ultras. Le sujet est m\u00eame arriv\u00e9 dans l\u2019ar\u00e8ne municipale par une intervention de Soraya Ouldji (non inscrite), arguant que \u00ab la Ville ne peut rester indiff\u00e9rente \u00e0 cette fracture et doit s\u2019engager pour un dialogue constructif \u00bb. <strong>Elle propose de le faire<\/strong><strong>\u00a0\u00e0 travers le dispositif d\u2019une m\u00e9diation ainsi qu\u2019un m\u00e9canisme de suivi et d\u2019\u00e9valuation<\/strong>.<\/p>\n<p>                <a href=\"https:\/\/pokaa.fr\/2025\/09\/25\/racing-club-de-strasbourg-apres-14-ans-damour-pourquoi-ultras-et-direction-divorcent\/\" rel=\"nofollow noopener\" target=\"_blank\"><br \/>\n                    <img width=\"450\" height=\"270\" src=\"https:\/\/www.europesays.com\/fr\/wp-content\/uploads\/2025\/07\/img-8932-grande-450x270.jpeg\" class=\"attachment-card-horizontal--same-subject size-card-horizontal--same-subject wp-post-image\" alt=\"\" decoding=\"async\" loading=\"lazy\"\/>                <\/a><\/p>\n<p class=\"p6\">En r\u00e9ponse, <strong>Owusu Tufuor rappelle que la capacit\u00e9 d\u2019intervention de la Ville est limit\u00e9e, et que leur r\u00f4le n\u2019est pas de faire de l\u2019ing\u00e9rence<\/strong>. Il fait \u00ab\u00a0confiance au pr\u00e9sident pour arriver \u00e0 l\u2019apaisement\u00a0\u00bb [voeu pieux, ndlr], et insiste sur les effets de la gr\u00e8ve sur les joueurs, regrettant qu\u2019aucun but n\u2019ait \u00e9t\u00e9 marqu\u00e9 dans le 1er quart d\u2019heure depuis son d\u00e9but. Postulat par ailleurs erron\u00e9, le Racing ayant inscrit deux buts l\u2019an dernier, un de Lemar\u00e9chal en Coupe de France, l\u2019autre de Moreira face \u00e0 Saint-\u00c9tienne.<\/p>\n<p class=\"p6\">Un focus sur le sportif et les bons r\u00e9sultats du club, rejoint par Jeanne Barseghian qui tient la m\u00eame position que son adjoint au sport. <b>La maire rappelle au passage avoir sign\u00e9 une tribune de soutien \u00e0 Marc Keller et ajoute que \u00ab\u00a0la Ville a pris ses responsabilit\u00e9s en arr\u00eatant la subvention envers le club depuis le rachat par BlueCo\u00a0\u00bb<\/b>. N\u00e9anmoins, elle ne se prononce pas sur les sanctions et privations de libert\u00e9 envers les quatre associations vis\u00e9es. En tribunes comme autour du club, la situation n\u2019est pas pr\u00eate de s\u2019apaiser.<\/p>\n<p>    <img width=\"800\" height=\"533\" src=\"https:\/\/www.europesays.com\/fr\/wp-content\/uploads\/2025\/09\/dsc02460-800x533.jpg\" class=\"attachment-image-size-L size-image-size-L\" alt=\"racing meinau\" decoding=\"async\" loading=\"lazy\"  \/>         \u00a9 Anthony Jilli \/ Pokaa <\/p>\n<p>Ce qui change pour Strasbourg et les Strasbourgeois(es)<br \/>\nBisbilles autour du tunnel des Halles vers le P3<\/p>\n<p class=\"p1\">Dans le r\u00e9am\u00e9nagement global du secteur des Halles, la r\u00e9surrection du tunnel Wodli-S\u00e9bastopol joue un r\u00f4le important. Ferm\u00e9 depuis 20 ans, <b>il va permettre \u00e0 partir du mois de novembre de relier directement via une tr\u00e9mie le parking P3 via la petite rue des Magasins<\/b>. Permettant ainsi un acc\u00e8s direct \u00e0 une entr\u00e9e de ville par l\u2019autoroute, <a href=\"https:\/\/pokaa.fr\/2025\/08\/31\/chantier-xxl-a-415-millions-de-a-strasbourg-la-bretelle-des-halles-se-devoile\/\" target=\"_blank\" rel=\"noopener nofollow\">et la nouvelle bretelle en cours d\u2019am\u00e9nagement<\/a>.<\/p>\n<p>                <a href=\"https:\/\/pokaa.fr\/2025\/03\/03\/strasbourg-ferme-depuis-20-ans-lancien-tunnel-des-halles-va-rouvrir-avant-la-fin-de-lannee\/\" rel=\"nofollow noopener\" target=\"_blank\"><br \/>\n                    <img width=\"450\" height=\"270\" src=\"https:\/\/www.europesays.com\/fr\/wp-content\/uploads\/2025\/06\/1-2-450x270.png\" class=\"attachment-card-horizontal--same-subject size-card-horizontal--same-subject wp-post-image\" alt=\"\" decoding=\"async\" loading=\"lazy\"\/>                <\/a><\/p>\n<p class=\"p3\">Le projet est revenu en conseil municipal via le sujet technique de deux conventions, une de non-financi\u00e8re de remise de biens et une autre de transfert de gestion. Tr\u00e8s simplement, <b>la CTS remet d\u2019abord \u00e0 l\u2019Eurom\u00e9tropole les biens et ouvrages pour la cr\u00e9ation du nouvel acc\u00e8s au tunnel menant vers le P3 ainsi que la r\u00e9habilitation et la mise aux normes d\u2019une partie du tunnel<\/b>. Cette convention \u00e9tablie, l\u2019Eurom\u00e9tropole peut transf\u00e9rer la gestion du tunnel \u00e0 la Ville, qui va elle-m\u00eame la transf\u00e9rer au concessionnaire Parcus, qui s\u2019occupe des parkings strasbourgeois.<\/p>\n<p class=\"p1\">Sur le sujet, l\u2019opposition d\u00e9nonce un flou, particuli\u00e8rement par la voix de Caroline Barri\u00e8re (PS). L\u2019\u00e9lue critique \u00ab\u00a0des d\u00e9lib\u00e9rations qui ne nous convainquent pas\u00a0\u00bb, <b>et ass\u00e8ne que \u00ab\u00a0la pr\u00e9cipitation n\u2019est\u00a0pas bonne conseill\u00e8re\u00a0\u00bb alors que l\u2019on vote sur un transfert de comp\u00e9tences alors que les travaux ne sont m\u00eame pas termin\u00e9s<\/b>. Pierre Jakubowicz (Horizons) d\u00e9plore comme \u00e0 son habitude une \u00ab\u00a0bunkerisation\u00a0\u00bb du secteur et s\u2019inqui\u00e8te du plan de circulation dans et aux alentours du tunnel, en cas de bouchons.<\/p>\n<blockquote><p>\n        Vous avez pos\u00e9 sur une grande plaie un tout petit pansement dont les modalit\u00e9s de gestion ne pourront r\u00e9pondre aux probl\u00e8mes que vous avez vous-m\u00eames cr\u00e9\u00e9s.    <\/p><\/blockquote>\n<p>            Pierre Jakubowicz, conseiller municipal d&rsquo;opposition Horizons<\/p>\n<p class=\"p3\">Pour Pierre Ozenne, \u00ab\u00a0l\u2019acc\u00e8s par la tr\u00e9mie est un vrai plus pour faciliter le fonctionnement de la gare routi\u00e8re\u00a0\u00bb. <b>L\u2019adjoint \u00e0 l\u2019espace public \u00e9voque la pr\u00e9sence d\u2019une barri\u00e8re \u00e0 l\u2019entr\u00e9e, qui permettra de pr\u00e9venir d\u2019\u00e9ventuels accidents et \u00e9vitera que des personnes soient bloqu\u00e9es \u00e0 l\u2019int\u00e9rieur de la tr\u00e9mie<\/b>. Quant \u00e0 savoir si Parcus pourra (sup)porter les co\u00fbts du projet, Syamak Agha Babaei explique qu\u2019\u00ab \u00e0 ce jour, les \u00e9quipes techniques de Parcus pensent que ce sera suffisant \u00bb.<\/p>\n<p class=\"p1\">La premi\u00e8re d\u00e9lib\u00e9ration est vot\u00e9e \u00e0 39 voix pour et 11 abstentions de l\u2019opposition. Une opposition qui vote ensuite contre la seconde d\u00e9lib\u00e9ration, tout de m\u00eame adopt\u00e9e avec ses 36 voix pour. <b>Le rendez-vous est d\u00e9sormais pris dans six semaines pour l\u2019ouverture<\/b>.<\/p>\n<p>    <img width=\"800\" height=\"600\" src=\"https:\/\/www.europesays.com\/fr\/wp-content\/uploads\/2025\/09\/img-7157-grande-800x600.jpeg\" class=\"attachment-image-size-L size-image-size-L\" alt=\"tunnel halles\" decoding=\"async\" loading=\"lazy\"  \/>         \u00a9 Nicolas Kaspar \/ Pokaa <\/p>\n<p>Strasbourg s\u2019int\u00e9resse \u00e0 la consommation de viande avec le \u00ab\u00a0trait\u00e9 v\u00e9g\u00e9talien\u00a0\u00bb<\/p>\n<p class=\"p3\">Fait peu commun, le conseil municipal du 29 septembre a \u00e9tudi\u00e9 une p\u00e9tition citoyenne, <b>dispositif qui, s\u2019il d\u00e9passe 1 400 signatures, peut \u00eatre \u00e9tudi\u00e9 dans l\u2019h\u00e9micycle<\/b>. Cette fois, il concerne le Plant Based Treaty, ou \u00ab\u00a0trait\u00e9 v\u00e9g\u00e9talien\u00a0\u00bb. Initiative internationale, <b>il entend r\u00e9duire la consommation de produits d\u2019origine animale, promouvoir l\u2019agriculture durable et oeuvrer pour la r\u00e9orientation agricole vers des solutions plus \u00e9cologiques<\/b>.<\/p>\n<p class=\"p3\">Dans le cas strasbourgeois, Gaspard Pr\u00e9vot, m\u00e9decin, et Lucie Dubois, doctorante \u00e0 l\u2019Unistra sur la soutenabilit\u00e9 des syst\u00e8mes alimentaires dans le cadre du changement climatique, pr\u00e9sentent la p\u00e9tition<b> qui vise \u00e0 encourager l\u2019alimentation v\u00e9g\u00e9tale et \u00e0 int\u00e9grer les objectifs du \u00ab trait\u00e9 v\u00e9g\u00e9talien \u00bb dans la politique environnementale et de sant\u00e9 publique de la Ville<\/b>. Gaspard Pr\u00e9vot rappelle par exemple que l\u2019option v\u00e9g\u00e9tarienne quotidienne figure dans la loi, ce qui est respect\u00e9 par la Ville, a contrario de la CEA ou de la r\u00e9gion.<\/p>\n<p>    <img width=\"480\" height=\"600\" src=\"https:\/\/www.europesays.com\/fr\/wp-content\/uploads\/2025\/09\/img-0677-480x600.jpeg\" class=\"attachment-image-size-M size-image-size-M\" alt=\"Planchette v\u00e9g\u00e9tarienne Bistrot de Villages\" decoding=\"async\" loading=\"lazy\"  \/>         \u00a9 Clara Lindenlaub \/ Pokaa <\/p>\n<p class=\"p3\">Dans des d\u00e9bats plus cordiaux que ce \u00e0 quoi on aurait pu s\u2019attendre, le conseiller municipal d\u00e9l\u00e9gu\u00e9 \u00e0 l\u2019alimentation et \u00e0 l\u2019agriculture nourrici\u00e8re Antoine Neumann annonce qu\u2019il y aura \u00ab\u00a0un travail \u00e0 mener pour d\u00e9finir ce qui est faisable\u00a0\u00bb. Jean-Philippe Vetter apporte son soutien aux agriculteurs\/rices,<b> admettant \u00e9galement que \u00ab\u00a0ce qu\u2019on a dans notre assiette a un impact sur la plan\u00e8te\u00a0\u00bb<\/b>. Nicolas Matt trouve que le questionnement \u00ab\u00a0va dans le sens de l\u2019histoire\u00a0\u00bb, tout en demandant de s\u2019int\u00e9resser \u00e0 la probl\u00e9matique des d\u00e9chets.<\/p>\n<p class=\"p3\">De son c\u00f4t\u00e9, C\u00e9line Geissmann souligne que l\u2019huile de palme, le soja et d\u2019autres cultures peuvent \u00eatre aussi destructrices, voire plus, que l\u2019\u00e9levage. <b>Une affirmation retoqu\u00e9e par Lucie Dubois, qui explique que le soja responsable de d\u00e9forestation est celui utilis\u00e9 pour nourrir les animaux que l\u2019on consomme apr\u00e8s<\/b>. Le soja utilis\u00e9 pour se nourrir vient, lui, principalement de France.<\/p>\n<blockquote><p>\n        Un repas sain et de qualit\u00e9 n\u2019est pas forc\u00e9ment un repas o\u00f9 il y a de la viande.    <\/p><\/blockquote>\n<p>            Syamak Agha Babaei, premier adjoint<\/p>\n<p class=\"p6\">Alors que Lucie Dubois pr\u00e9cise que la consommation de viande ne baisse pas r\u00e9ellement en France, Aur\u00e9lien Bonnarel (Communistes) alerte : \u00ab\u00a0<b>Il serait n\u00e9anmoins dangereux de remplacer les exc\u00e8s de l\u2019\u00e9levage industriel par une alimentation 100% v\u00e9g\u00e9tale tout aussi soumise aux forces du capitalisme.<\/b> \u00bb<\/p>\n<p class=\"p6\">Finalement, Jeanne Barseghian annonce qu\u2019une motion reviendra sur le sujet au prochain conseil municipal. <b>Un dispositif non contraignant qui met un coup \u00e0 l\u2019ambition du trait\u00e9 et de la p\u00e9tition, mais dont la maire assure qu\u2019il sera accompagn\u00e9 \u00ab\u00a0de quelques engagements concrets\u00a0\u00bb<\/b>. Les signataires verront sans doute l\u2019assiette \u00e0 moiti\u00e9 vide, et ce m\u00eame si elle est v\u00e9g\u00e9tale.<\/p>\n<p>    <img width=\"800\" height=\"450\" src=\"https:\/\/www.europesays.com\/fr\/wp-content\/uploads\/2025\/09\/capture-decran-2025-09-29-a-121836-800x450.png\" class=\"attachment-image-size-L size-image-size-L\" alt=\"conseil municipal\" decoding=\"async\" loading=\"lazy\"  \/>         \u00a9 Live conseil municipal du 29 septembre \/ Capture d&rsquo;\u00e9cran <\/p>\n<p>35 nouveaux noms de rues et places \u00e0 Strasbourg<\/p>\n<p class=\"p1\">Comme l\u2019an dernier, la commission de d\u00e9nomination de rues a propos\u00e9 de nouveaux noms pour les rues et places strasbourgeoises. Des noms une nouvelle fois fortement f\u00e9minis\u00e9s, inscrits dans la politique de la municipalit\u00e9 \u00e9cologiste et de ses alli\u00e9(e)s, <b>qui mettent \u00ab \u00e0 l\u2019honneur des femmes qui ont fait de l\u2019int\u00e9r\u00eat populaire leur combat \u00bb,<\/b> selon H\u00fclliya Turan (Communistes).<\/p>\n<p class=\"p1\">Dans le d\u00e9tail, quelques nouveaux noms :<\/p>\n<ul class=\"ul1\">\n<li class=\"li3\"><strong>Deux futures passerelles reliant Archipel 2 \u00e0 Schiltigheim et le quartier Citadelle \u00e0 l\u2019Esplanade<\/strong> porteront respectivement <a href=\"https:\/\/pokaa.fr\/2025\/07\/16\/plus-de-70-000-m2-au-wacken-le-projet-archipel-2-continue-de-grandir-a-strasbourg\/\" target=\"_blank\" rel=\"noopener nofollow\">les noms d\u2019Henrietta Leavitt<\/a> (astronome am\u00e9ricaine) et Rosa Luxembourg (femme politique pacifiste et th\u00e9oricienne du communisme internationaliste).<\/li>\n<\/ul>\n<p>                <a href=\"https:\/\/pokaa.fr\/2025\/04\/17\/des-deux-rives-a-lesplanade-une-passerelle-xxl-reliera-2-quartiers-de-strasbourg-des-2026\/\" rel=\"nofollow noopener\" target=\"_blank\"><br \/>\n                    <img width=\"450\" height=\"270\" src=\"https:\/\/www.europesays.com\/fr\/wp-content\/uploads\/2025\/09\/vue-de-la-passerelle-de-la-citadelle-depuis-la-digue-de-nantes-credits-image-strates-oa-architecte-4.jpeg\" class=\"attachment-card-horizontal--same-subject size-card-horizontal--same-subject wp-post-image\" alt=\"\" decoding=\"async\" loading=\"lazy\"\/>                <\/a><\/p>\n<ul class=\"ul1\">\n<li class=\"li3\"><b>\u00c0 Hautepierre, plusieurs rues porteront des noms autour de la litt\u00e9rature de diff\u00e9rentes nationalit\u00e9s<\/b>, comme celui d\u2019Oum Kalthoum, Mariama B\u00e2 et Sh\u00e9h\u00e9razade. <\/li>\n<li class=\"li3\"><b>Le futur square des Halles sera nomm\u00e9 Ilse Totzke<\/b>, musicienne allemande lesbienne, Juste parmi les nations et d\u00e9port\u00e9e.<\/li>\n<li class=\"li3\">4 all\u00e9es au Port du Rhin sont respectivement nomm\u00e9es Berthe Diebolt-Siffert (employ\u00e9e de la Coop\u00e9 et \u00e9lue strasbourgeoise), Th\u00e9r\u00e8se de Dillmont (brodeuse, \u00e9crivaine et \u00e9ditrice), Margarete Steiff (directrice de son entreprise de jouets) et Suzanne Lalique (artiste fran\u00e7aise). <b>D\u2019autres rues du quartier Citadelle seront nomm\u00e9es en hommage \u00e0 des navigatrices<\/b>.<\/li>\n<\/ul>\n<blockquote><p>\n        Choisir des femmes ayant marqu\u00e9 l\u2019histoire par leur contribution scientifique, leur engagement politique ou leur art est en soi une action dans la lutte pour le droit et la visibilit\u00e9 des femmes.    <\/p><\/blockquote>\n<p>            H\u00fclliya Turan, adjointe \u00e0 l&rsquo;\u00e9ducation<\/p>\n<p class=\"p1\">Aussi,<b> le parvis du centre administratif portera les noms de Samuel Paty et Dominique Bernard, deux professeurs assassin\u00e9s lors d\u2019actes terroristes<\/b>. Pierre Jakubowicz salue une d\u00e9cision \u00ab\u00a0porteuse de beaucoup de sens et d\u2019\u00e9motion\u00a0\u00bb. Il pousse \u00e0 nouveau pour que l\u2019arr\u00eat de tram \u00c9toile Bourse porte \u00e9galement leurs noms, mais \u00ab\u00a0les discussions n\u2019ont pas abouti\u00a0\u00bb selon Jeanne Barseghian.<\/p>\n<p class=\"p1\">De son c\u00f4t\u00e9, <b>C\u00e9line Geissmann souhaite que le conseil administratif ait comme adresse postale le nom de la place nomm\u00e9e Samuel Paty-Dominique Bernard<\/b>. Une possibilit\u00e9 \u00ab\u00a0impossible techniquement\u00a0\u00bb pour Jeanne Barseghian. Enfin, Jean-Philippe Vetter souhaite toujours qu\u2019une place ou rue porte le nom du colonel Arnaud Beltrame. Anne Mistler lui explique que cette possibilit\u00e9 est \u00ab\u00a0int\u00e9gr\u00e9e dans le r\u00e9pertoire mais n\u2019a pas trouv\u00e9 d\u2019affectation pour l\u2019instant\u00a0\u00bb. La d\u00e9lib\u00e9ration est finalement vot\u00e9e \u00e0 l\u2019unanimit\u00e9.<\/p>\n<p>    <img width=\"800\" height=\"533\" src=\"https:\/\/www.europesays.com\/fr\/wp-content\/uploads\/2025\/09\/centre-administratif-800x533.jpg\" class=\"attachment-image-size-L size-image-size-L\" alt=\"Centre administratif\" decoding=\"async\" loading=\"lazy\"  \/>         \u00a9 David Lev\u00eaque \/ Pokaa <\/p>\n<p>Le sujet ch\u00f4 : un centre d\u2019h\u00e9bergement \u00e0 la Montagne Verte<\/p>\n<p class=\"p1\">Marronnier du conseil municipal, l\u2019implantation d\u2019un centre d\u2019h\u00e9bergement \u00e0 la Montagne Verte est une nouvelle fois revenue sur la table, alors qu\u2019il va rentrer dans une phase plus op\u00e9rationnelle. <b>Situ\u00e9 sur un terrain de 2 042 m2, il comportera des b\u00e2timents modulaires pouvant accueillir 80 personnes, soit un peu moins de 20 familles, qui seront prises en charge pour une p\u00e9riode de 6 mois renouvelable deux fois<\/b>. Vingt logements et une salle commune sont pr\u00e9vus, sur une structure d\u2019un seul \u00e9tage, pour une meilleure int\u00e9gration dans l\u2019environnement.<\/p>\n<p class=\"p3\">Un appel \u00e0 candidatures a \u00e9t\u00e9 lanc\u00e9 le 13 mars 2025 par la Ville de Strasbourg et la pr\u00e9fecture du Bas-Rhin, qui souhaitaient soutenir le d\u00e9veloppement d\u2019une telle offre d\u2019h\u00e9bergement. <b>C\u2019est l\u2019organisation Caritas qui a finalement \u00e9t\u00e9 choisie pour mener \u00e0 bien le projet<\/b>. Celui-ci est pr\u00e9vu pour une dur\u00e9e de 10 ans, et aura \u00e0 terme l\u2019ensemble de ses b\u00e2timents d\u00e9mont\u00e9s, afin de ne pas imperm\u00e9abiliser le terrain, situ\u00e9 en pleine Ceinture verte.<\/p>\n<p>    <img width=\"800\" height=\"600\" src=\"https:\/\/www.europesays.com\/fr\/wp-content\/uploads\/2025\/09\/strasbourg_montagne_verte-23.jpg\" class=\"attachment-image-size-L size-image-size-L\" alt=\"strasbourg_montagne_verte (23)\" decoding=\"async\" loading=\"lazy\"  \/>         \u00a9 Florian Crouvezier \/ Pokaa <\/p>\n<p>Une opposition vent debout contre \u00ab\u00a0le contre-exemple parfait\u00a0de ce qu\u2019il faudrait faire en termes d\u2019habitat intercalaire\u00a0\u00bb<\/p>\n<p class=\"p3\">N\u00e9anmoins, si ce sujet a beaucoup \u00e9t\u00e9 \u00e9voqu\u00e9, c\u2019est qu\u2019il a fait longtemps pol\u00e9mique. <a href=\"https:\/\/assoc-pmv.fr\/wp-content\/uploads\/2025\/02\/2025.02.16-Communique-APMV-public.pdf\" target=\"_blank\" rel=\"noopener nofollow\">L\u2019association Portes de la Montagne Verte d\u00e9non\u00e7ait en f\u00e9vrier<\/a> <b>\u00ab\u00a0un projet inadapt\u00e9 et d\u00e9mesur\u00e9, d\u00e9connect\u00e9 des r\u00e9alit\u00e9s et un leurre d\u2019insertion\u00a0\u00bb dans \u00ab\u00a0un quartier d\u00e9j\u00e0 sous pression [avec] des \u00e9coles surcharg\u00e9es\u00a0\u00bb<\/b>. Les r\u00e9unions publiques sur le sujet ont souvent \u00e9t\u00e9 houleuses, tandis que les \u00e9lu(e)s d\u2019opposition se sont mis(es) du c\u00f4t\u00e9 des habitant(e)s m\u00e9content(e)s.<\/p>\n<blockquote><p>\n        Vous avez mis un mandat \u00e0 construire des solutions \u00e9ph\u00e9m\u00e8res.    <\/p><\/blockquote>\n<p>            Pierre Jakubowicz, conseiller municipal d&rsquo;opposition Horizons<\/p>\n<p class=\"p1\">Pour Pierre Jakubowicz, ce projet suscite toujours de \u00ab\u00a0vives inqui\u00e9tudes dans le quartier\u00a0\u00bb auxquelles la municipalit\u00e9 n\u2019a pas su r\u00e9pondre. <b>Il estime par ailleurs que la Montagne Verte n\u2019est pas le meilleur site pour implanter le centre d\u2019accueil<\/b>, situ\u00e9 entre des quartiers consid\u00e9r\u00e9s comme des QPV, comme la Laiterie ou l\u2019Elsau. Le n\u00e9o-candidat Horizons-Renaissance pour les municipales demande aussi la teneur du dispositif de s\u00e9curit\u00e9 autour du projet, tout en d\u00e9plorant son c\u00f4t\u00e9 \u00e9ph\u00e9m\u00e8re.<\/p>\n<p class=\"p1\">Il est rejoint dans ses critiques par C\u00e9line Geissmann. <b>L\u2019\u00e9lue socialiste d\u00e9nonce \u00ab\u00a0une concentration de pr\u00e9carit\u00e9 l\u00e0 o\u00f9 elle est d\u00e9j\u00e0 forte\u00a0\u00bb, \u00ab\u00a0un terrain trop \u00e9loign\u00e9 des \u00e9coles\u00a0\u00bb<\/b>, mais \u00e9galement \u00ab un projet bricol\u00e9 et vot\u00e9 \u00e0 la h\u00e2te \u00e0 seulement quelques mois des \u00e9lections \u00bb.<\/p>\n<p>    <img width=\"800\" height=\"600\" src=\"https:\/\/www.europesays.com\/fr\/wp-content\/uploads\/2025\/09\/strasbourg_montagne_verte-30.jpg\" class=\"attachment-image-size-L size-image-size-L\" alt=\"strasbourg_montagne_verte (30)\" decoding=\"async\" loading=\"lazy\"  \/>         \u00a9 Florian Crouvezier \/ Pokaa <\/p>\n<p>Une municipalit\u00e9 qui d\u00e9fend son projet pour donner \u00ab\u00a0acc\u00e8s \u00e0 la ville et \u00e0 la vie\u00a0\u00bb<\/p>\n<p class=\"p1\">C\u00f4t\u00e9 municipalit\u00e9, Syamak Agha Babaei d\u00e9plore l\u2019attitude de l\u2019opposition \u00e0 \u00ab trouver toutes les arguties politiciennes pour s\u2019opposer au projet \u00bb. <b>Florian Varieras accuse Pierre Jakubowicz de \u00ab [r\u00e9\u00e9crire] une histoire qui n\u2019est pas celle qui s\u2019est d\u00e9roul\u00e9e \u00bb<\/b> et rappelle que le projet permettra l\u2019h\u00e9bergement de 80 personnes, afin de leur offrir un \u00ab\u00a0acc\u00e8s \u00e0 la ville et \u00e0 la vie\u00a0\u00bb.<\/p>\n<blockquote><p>\n        Permettez-nous un jour d\u2019interroger votre sensibilit\u00e9 politique de fond, puisque vous votez contre chaque projet ?    <\/p><\/blockquote>\n<p>            Jeanne Barseghian<\/p>\n<p>Dans un deuxi\u00e8me tour de parole qui recycle les m\u00eames attaques et arguments, <b>Jeanne Barseghian rappelle que le projet est port\u00e9 majoritairement par l\u2019\u00c9tat et la pr\u00e9fecture du Bas-Rhin<\/b>, <b>la Ville intervenant seulement sur la d\u00e9pollution des sols et l\u2019accompagnement des personnes<\/b>. Au bout de 10 ans, le lieu sera rendu au quartier, dans un meilleur \u00e9tat qu\u2019avant.<\/p>\n<p>Finalement, la d\u00e9lib\u00e9ration est vot\u00e9e \u00e0 47 pour et 7 abstentions de la droite et du centre, les socialistes n\u2019ayant pas pris part au vote. D\u00e9sormais, c\u2019est \u00e0 Caritas de mettre en place le projet.<\/p>\n<p>    <img width=\"800\" height=\"600\" src=\"https:\/\/www.europesays.com\/fr\/wp-content\/uploads\/2025\/09\/strasbourg_montagne_verte-19.jpg\" class=\"attachment-image-size-L size-image-size-L\" alt=\"strasbourg_montagne_verte (19)\" decoding=\"async\" loading=\"lazy\"  \/>         \u00a9 Florian Crouvezier \/ Pokaa <\/p>\n<p>Le CM en bref<\/p>\n<p class=\"p1\">Dans ces (seulement) 8h30 de d\u00e9bats souvent techniques, le conseil municipal a accouch\u00e9 de quelques autres points int\u00e9ressants. Dans le d\u00e9tail :<\/p>\n<ul class=\"ul1\">\n<li class=\"li3\">Des questions orales ont permis de revenir sur des sujets qui ont fait pol\u00e9mique ces derni\u00e8res semaines, <b>notamment \u00e0 travers la situation actuelle du Wagon Souk, emp\u00eatr\u00e9 dans des accusations de violences et une fermeture administrative<\/b>. Jean-Philippe Maurer demande la position exacte de la municipalit\u00e9, et Syamak Agha Babaei r\u00e9pond que le lieu ne rouvrira pas \u00e0 l\u2019issue des 4 mois de fermeture, \u00ab tant que le projet associatif n\u2019est pas construit et que la lumi\u00e8re sur les d\u00e9fauts de gestion sur des faits de violence n\u2019est pas faite \u00bb.<\/li>\n<\/ul>\n<p>                <a href=\"https:\/\/pokaa.fr\/2025\/09\/18\/accusations-de-violences-et-fermeture-administrative-a-strasbourg-le-wagon-souk-deraille\/\" rel=\"nofollow noopener\" target=\"_blank\"><br \/>\n                    <img width=\"450\" height=\"270\" src=\"https:\/\/www.europesays.com\/fr\/wp-content\/uploads\/2025\/09\/wagonsouk-85-450x270.png\" class=\"attachment-card-horizontal--same-subject size-card-horizontal--same-subject wp-post-image\" alt=\"\" decoding=\"async\" loading=\"lazy\"\/>                <\/a><\/p>\n<ul>\n<li><b>Une r\u00e9solution port\u00e9e par Pernelle Richardot demande la plantation d\u2019un olivier en hommage \u00e0 Ilan Halimi et \u00e0 toutes les victimes de l\u2019antis\u00e9mitisme<\/b>. Valid\u00e9e \u00e0 l\u2019unanimit\u00e9 par l\u2019h\u00e9micycle, elle envoie un \u00ab message de solidarit\u00e9 envers les Strasbourgeois(es) de confession juive mais aussi les Strasbourgeois(es) dans leur ensemble \u00bb, selon Syamak Agha Babaei. Floriane Varieras rajoute que ce ne sera peut-\u00eatre pas un olivier qui sera plant\u00e9, au vu du climat alsacien. Un beau moment de concorde.<\/li>\n<li>Alors que la ville est presque partout en chantier, celui sur l\u2019avenue de Colmar a \u00e9t\u00e9 abord\u00e9 par Pierre Jakubowicz. <b>Il critique \u00ab\u00a0des travaux qui d\u00e9gradent lourdement le quotidien des Strasbourgeois\u00a0\u00bb et une \u00ab\u00a0situation intenable pour les commer\u00e7ants\u00a0\u00bb<\/b>. Jo\u00ebl Steffen assure \u00eatre attentif \u00e0 la situation compliqu\u00e9e de ces derniers\/\u00e8res et que les travaux impr\u00e9vus sur le r\u00e9seau de chaleur de l\u2019avenue ont compliqu\u00e9 le chantier.<\/li>\n<\/ul>\n<p>                <a href=\"https:\/\/pokaa.fr\/2025\/08\/11\/strasbourg-en-travaux-pendant-3-mois-circuler-sur-lavenue-de-colmar-sannonce-complique\/\" rel=\"nofollow noopener\" target=\"_blank\"><br \/>\n                    <img width=\"450\" height=\"270\" src=\"https:\/\/www.europesays.com\/fr\/wp-content\/uploads\/2025\/09\/img-0757-grande-450x270.jpeg\" class=\"attachment-card-horizontal--same-subject size-card-horizontal--same-subject wp-post-image\" alt=\"\" decoding=\"async\" loading=\"lazy\"\/>                <\/a><\/p>\n<p>    <img width=\"800\" height=\"600\" src=\"https:\/\/www.europesays.com\/fr\/wp-content\/uploads\/2025\/09\/img-0759-grande-800x600.jpeg\" class=\"attachment-image-size-L size-image-size-L\" alt=\"la colmarienne\" decoding=\"async\" loading=\"lazy\"  \/>         \u00a9 Nicolas Kaspar \/ Pokaa <\/p>\n<p><b>Il est 18h22 lorsque le conseil municipal se termine dans le brouhaha. Une fin qui tranche avec l\u2019atmosph\u00e8re relativement calme d\u2019un conseil qui a battu des records de rapidit\u00e9. Alors que la campagne des municipales va encore prendre de l\u2019ampleur dans les prochaines semaines, on retrouvera nos \u00e9lu(e)s d\u00e9but novembre. \u00c0 ce moment-l\u00e0, il ne restera plus que trois conseils municipaux. La fin d\u2019une \u00e8re.<\/b><\/p>\n","protected":false},"excerpt":{"rendered":"C\u2019est la derni\u00e8re rentr\u00e9e du conseil municipal strasbourgeois, fa\u00e7on mandat 2020-2026 de Jeanne Barseghian. Sentant le vent de&hellip;\n","protected":false},"author":2,"featured_media":427193,"comment_status":"","ping_status":"","sticky":false,"template":"","format":"standard","meta":{"footnotes":""},"categories":[2820],"tags":[1111,11,1984,1777,674,1011,27,775,12,316,25,640],"class_list":{"0":"post-427192","1":"post","2":"type-post","3":"status-publish","4":"format-standard","5":"has-post-thumbnail","7":"category-strasbourg","8":"tag-actu","9":"tag-actualites","10":"tag-conseil-municipal","11":"tag-eu","12":"tag-europe","13":"tag-fr","14":"tag-france","15":"tag-grand-est","16":"tag-news","17":"tag-politique","18":"tag-republique-francaise","19":"tag-strasbourg"},"share_on_mastodon":{"url":"https:\/\/pubeurope.com\/@fr\/115290083229606251","error":""},"_links":{"self":[{"href":"https:\/\/www.europesays.com\/fr\/wp-json\/wp\/v2\/posts\/427192","targetHints":{"allow":["GET"]}}],"collection":[{"href":"https:\/\/www.europesays.com\/fr\/wp-json\/wp\/v2\/posts"}],"about":[{"href":"https:\/\/www.europesays.com\/fr\/wp-json\/wp\/v2\/types\/post"}],"author":[{"embeddable":true,"href":"https:\/\/www.europesays.com\/fr\/wp-json\/wp\/v2\/users\/2"}],"replies":[{"embeddable":true,"href":"https:\/\/www.europesays.com\/fr\/wp-json\/wp\/v2\/comments?post=427192"}],"version-history":[{"count":0,"href":"https:\/\/www.europesays.com\/fr\/wp-json\/wp\/v2\/posts\/427192\/revisions"}],"wp:featuredmedia":[{"embeddable":true,"href":"https:\/\/www.europesays.com\/fr\/wp-json\/wp\/v2\/media\/427193"}],"wp:attachment":[{"href":"https:\/\/www.europesays.com\/fr\/wp-json\/wp\/v2\/media?parent=427192"}],"wp:term":[{"taxonomy":"category","embeddable":true,"href":"https:\/\/www.europesays.com\/fr\/wp-json\/wp\/v2\/categories?post=427192"},{"taxonomy":"post_tag","embeddable":true,"href":"https:\/\/www.europesays.com\/fr\/wp-json\/wp\/v2\/tags?post=427192"}],"curies":[{"name":"wp","href":"https:\/\/api.w.org\/{rel}","templated":true}]}}