{"id":427194,"date":"2025-09-29T23:04:12","date_gmt":"2025-09-29T23:04:12","guid":{"rendered":"https:\/\/www.europesays.com\/fr\/427194\/"},"modified":"2025-09-29T23:04:12","modified_gmt":"2025-09-29T23:04:12","slug":"attentats-de-nice-des-soupcons-de-manipulation-de-documents-sur-le-dispositif-de-securite","status":"publish","type":"post","link":"https:\/\/www.europesays.com\/fr\/427194\/","title":{"rendered":"Attentats de Nice\u00a0: Des soup\u00e7ons de manipulation de documents sur le dispositif de s\u00e9curit\u00e9"},"content":{"rendered":"<p>La Ville de Nice (Alpes-Maritimes) pourrait avoir falsifi\u00e9 au moins un des arr\u00eat\u00e9s relatifs au dispositif de s\u00e9curit\u00e9 du soir des attentats du 14\u00a0juillet 2016. C\u2019est en tout cas ce que sugg\u00e9rerait une conversation entre Beno\u00eet Kandel, ancien premier adjoint de Christian Estrosi et un ex-magistrat.<\/p>\n<p>Le premier a remis l\u2019enregistrement \u00e0 la juge d\u2019instruction charg\u00e9e des recherches, rapporte <a href=\"https:\/\/france3-regions.franceinfo.fr\/provence-alpes-cote-d-azur\/alpes-maritimes\/nice\/info-france3-attentat-du-14-juillet-a-nice-la-justice-sollicite-de-nouvelles-investigations-pour-faux-et-usage-de-faux-3223805.html\" target=\"_blank\" rel=\"nofollow noopener\"> France 3\u00a0Provence-Alpes C\u00f4te d\u2019Azur <\/a>\u00a0samedi 27\u00a0septembre 2025.<\/p>\n<p>Une conversation datant de 2018<\/p>\n<p>Le parquet de Marseille, qui enqu\u00eate sur le dispositif,\u00a0a requis en mars\u00a02025 de nouvelles investigations sur de possibles faux en \u00e9criture publique. <strong>\u00ab\u00a0Ils ont trich\u00e9 sur les arr\u00eat\u00e9s, les arr\u00eat\u00e9s ils n\u2019\u00e9taient pas sign\u00e9s, ils ont \u00e9t\u00e9 antidat\u00e9s, ils ont \u00e9t\u00e9 sign\u00e9s a posteriori et antidat\u00e9s\u00a0\u00bb<\/strong>, peut-on entendre dans l\u2019\u00e9change cit\u00e9 par nos confr\u00e8res qui se serait d\u00e9roul\u00e9 en 2018.<\/p>\n<p>Les textes mentionn\u00e9s\u00a0seraient au moins en partie ceux pris pour r\u00e9glementer la circulation <a href=\"https:\/\/rennes.maville.com\/actu\/actudet_-recit.-attentat-du-14-juillet-a-nice-86-morts-des-centaines-de-blesses-en-4-minutes-et-17-secondes-_54135-5387548_actu.Htm\" target=\"_blank\" rel=\"nofollow noopener\">le soir de l\u2019attentat<\/a>.<\/p>\n<p>Des \u00ab\u00a0indices graves et concordants\u00a0\u00bb<\/p>\n<p>Concernant la cr\u00e9dibilit\u00e9 des propos, le parquet a \u00e9voqu\u00e9 des\u00a0<strong>\u00ab\u00a0indices graves et concordants\u00a0\u00bb<\/strong>.\u00a0<\/p>\n<p>Archibald Celeyron, avocat de la Ville de Nice, a de son c\u00f4t\u00e9 qualifi\u00e9 les accusations de\u00a0<strong>\u00ab\u00a0rumeur grotesque\u00a0\u00bb<\/strong>, assurant qu\u2019il \u00e9tait\u00a0<strong>\u00ab\u00a0impossible d\u2019antidater ce type d\u2019arr\u00eat\u00e9s\u00a0\u00bb<\/strong>.<\/p>\n<p>\u00a0<\/p>\n","protected":false},"excerpt":{"rendered":"La Ville de Nice (Alpes-Maritimes) pourrait avoir falsifi\u00e9 au moins un des arr\u00eat\u00e9s relatifs au dispositif de s\u00e9curit\u00e9&hellip;\n","protected":false},"author":2,"featured_media":427195,"comment_status":"","ping_status":"","sticky":false,"template":"","format":"standard","meta":{"footnotes":""},"categories":[2819],"tags":[1111,11,23846,9119,44862,1777,674,1011,27,15670,12,2401,882,25,656,28814,2310],"class_list":{"0":"post-427194","1":"post","2":"type-post","3":"status-publish","4":"format-standard","5":"has-post-thumbnail","7":"category-nice","8":"tag-actu","9":"tag-actualites","10":"tag-attentats","11":"tag-dispositif","12":"tag-documents","13":"tag-eu","14":"tag-europe","15":"tag-fr","16":"tag-france","17":"tag-manipulation","18":"tag-news","19":"tag-nice","20":"tag-provence-alpes-cote-dazur","21":"tag-republique-francaise","22":"tag-securite","23":"tag-soupcons","24":"tag-toulon"},"share_on_mastodon":{"url":"https:\/\/pubeurope.com\/@fr\/115290090014084277","error":""},"_links":{"self":[{"href":"https:\/\/www.europesays.com\/fr\/wp-json\/wp\/v2\/posts\/427194","targetHints":{"allow":["GET"]}}],"collection":[{"href":"https:\/\/www.europesays.com\/fr\/wp-json\/wp\/v2\/posts"}],"about":[{"href":"https:\/\/www.europesays.com\/fr\/wp-json\/wp\/v2\/types\/post"}],"author":[{"embeddable":true,"href":"https:\/\/www.europesays.com\/fr\/wp-json\/wp\/v2\/users\/2"}],"replies":[{"embeddable":true,"href":"https:\/\/www.europesays.com\/fr\/wp-json\/wp\/v2\/comments?post=427194"}],"version-history":[{"count":0,"href":"https:\/\/www.europesays.com\/fr\/wp-json\/wp\/v2\/posts\/427194\/revisions"}],"wp:featuredmedia":[{"embeddable":true,"href":"https:\/\/www.europesays.com\/fr\/wp-json\/wp\/v2\/media\/427195"}],"wp:attachment":[{"href":"https:\/\/www.europesays.com\/fr\/wp-json\/wp\/v2\/media?parent=427194"}],"wp:term":[{"taxonomy":"category","embeddable":true,"href":"https:\/\/www.europesays.com\/fr\/wp-json\/wp\/v2\/categories?post=427194"},{"taxonomy":"post_tag","embeddable":true,"href":"https:\/\/www.europesays.com\/fr\/wp-json\/wp\/v2\/tags?post=427194"}],"curies":[{"name":"wp","href":"https:\/\/api.w.org\/{rel}","templated":true}]}}