{"id":427201,"date":"2025-09-29T23:08:16","date_gmt":"2025-09-29T23:08:16","guid":{"rendered":"https:\/\/www.europesays.com\/fr\/427201\/"},"modified":"2025-09-29T23:08:16","modified_gmt":"2025-09-29T23:08:16","slug":"un-homme-admet-etre-a-lorigine-du-deces-mais-des-zones-dombre-subsistent","status":"publish","type":"post","link":"https:\/\/www.europesays.com\/fr\/427201\/","title":{"rendered":"un homme admet \u00eatre \u00e0 l\u2019origine du d\u00e9c\u00e8s, mais des zones d\u2019ombre subsistent"},"content":{"rendered":"<p>            Par<br \/>\n        <strong><br \/>\n            <a href=\"https:\/\/actu.fr\/auteur\/juliette-cardinale\" title=\"Consulter tous les articles de Juliette Cardinale\" target=\"_blank\" rel=\"noopener\">Juliette Cardinale<\/a><br \/>\n        <\/strong><\/p>\n<p>        Publi\u00e9 le<\/p>\n<p>            29 sept. 2025 \u00e0 18h02        <\/p>\n<p>L\u2019enqu\u00eate avance, apr\u00e8s la <a href=\"https:\/\/actu.fr\/nouvelle-aquitaine\/le-haillan_33200\/pres-de-bordeaux-un-cycliste-decede-dans-un-accident-de-la-route_63194389.html\" target=\"_blank\" rel=\"noopener\">d\u00e9couverte d\u2019un cycliste mortellement bless\u00e9 lundi 22\u00a0septembre 2025 au Haillan,<\/a> pr\u00e8s de Bordeaux. <strong>La victime<\/strong> avait \u00e9t\u00e9 retrouv\u00e9e au niveau du rond-point Madeleine Pelletier un peu apr\u00e8s 4\u00a0heures du matin. Quelques jours plus tard, un <strong>homme a \u00e9t\u00e9 interpell\u00e9<\/strong> par les policiers indique le <a href=\"https:\/\/actu.fr\/bordeaux\/\" target=\"_blank\" rel=\"noopener\">parquet de Bordeaux,<\/a> confirmant une information de <a href=\"https:\/\/www.sudouest.fr\/gironde\/le-haillan\/cycliste-tue-pres-de-bordeaux-le-conducteur-d-un-camion-interpelle-et-defere-26110282.php\" target=\"_blank\" rel=\"noopener\">Sud Ouest.<\/a> S\u2019il a reconnu \u00ab\u2009\u00eatre \u00e0 l\u2019origine du d\u00e9c\u00e8s\u2009\u00bb, des zones d\u2019ombre subsistent.<\/p>\n<p class=\" wall-content\">C\u2019est en apercevant le cycliste, au niveau de ce rond-point entre l\u2019avenue de Magudas et la rue Caroline Aigle, que des usagers de la route avaient pr\u00e9venu<a href=\"https:\/\/actu.fr\/tag\/urgences\" target=\"_blank\" rel=\"noopener\"> les secours.<\/a> Ils \u00ab\u2009ont <strong>constat\u00e9 le d\u00e9c\u00e8s<\/strong> de la victime \u00e0 5\u00a0heures du matin\u2009\u00bb, rappelle Renaud Gaudeul, procureur de la R\u00e9publique de Bordeaux, une semaine apr\u00e8s les faits.<\/p>\n<p>La victime r\u00e9sidait \u00e0 Eysines<\/p>\n<p class=\" wall-content\">Les enqu\u00eateurs ont pu identifier la victime\u2009: il s\u2019agit d\u2019un homme de 55\u00a0ans, domicili\u00e9 <a href=\"https:\/\/actu.fr\/nouvelle-aquitaine\/eysines_33162\" target=\"_blank\" rel=\"noopener\">\u00e0 Eysines,<\/a> qui se rendait sur son lieu de travail. \u00ab\u2009Il \u00e9tait porteur <strong>d\u2019un gilet orange<\/strong> et son v\u00e9lo avait les lumi\u00e8res en fonctionnement\u2009\u00bb, pr\u00e9cise le procureur.<\/p>\n<p class=\" wall-content\">Une \u00ab\u2009minutieuse enqu\u00eate\u2009\u00bb men\u00e9e par le Service local de police judiciaire (SLPJ) de la Direction interd\u00e9partementale de la police nationale (DIPN) de Bordeaux a permis <strong>d\u2019identifier le poids lourd impliqu\u00e9,<\/strong> puis le chauffeur.<\/p>\n<p class=\" wall-content\">\u00c2g\u00e9 de 28\u00a0ans, ce dernier a \u00e9t\u00e9 interpell\u00e9 et plac\u00e9 en garde \u00e0 vue le 25\u00a0septembre. \u00ab\u2009S\u2019il a admis \u00eatre \u00e0 l\u2019origine du d\u00e9c\u00e8s de la victime, il a <strong>contest\u00e9 avoir sciemment pris la fuite\u2009\u00bb,<\/strong> relate Renaud Gaudeul.<\/p>\n<p class=\" wall-content\">Le suspect a \u00e9t\u00e9 pr\u00e9sent\u00e9 \u00e0 un magistrat instructeur le 27\u00a0septembre du chef <strong>d\u2019homicide routier avec d\u00e9lit de fuite. \u00ab<\/strong>\u2009Il a \u00e9t\u00e9 plac\u00e9 sous contr\u00f4le judiciaire avec notamment l\u2019interdiction de conduire tous v\u00e9hicules terrestres \u00e0 moteur, interdiction de para\u00eetre au Haillan et une obligation de soins\u2009\u00bb, pr\u00e9cise le procureur de Bordeaux.<\/p>\n<p class=\" wall-content\">L\u2019enqu\u00eate continue, afin de <strong>d\u00e9terminer les circonstances pr\u00e9cises<\/strong> de l\u2019accident. La question de la fuite sera sans aucun doute au c\u0153ur des investigations.<\/p>\n<p class=\" wall-content\">Personnalisez votre actualit\u00e9 en ajoutant vos villes et m\u00e9dias en favori avec <a href=\"https:\/\/moncompte.actu.fr\" title=\"D\u00e9couvez Mon Actu\" rel=\"nofollow noopener\" data-trk=\"{&quot;cta&quot;:{&quot;action&quot;:&quot;https:\\\/\\\/moncompte.actu.fr&quot;,&quot;category&quot;:&quot;mon compte&quot;,&quot;from&quot;:&quot;article footer&quot;,&quot;name&quot;:&quot;Mon actu&quot;,&quot;type&quot;:&quot;cta&quot;}}\" target=\"_blank\">Mon Actu<\/a>.<\/p>\n","protected":false},"excerpt":{"rendered":"Par Juliette Cardinale Publi\u00e9 le 29 sept. 2025 \u00e0 18h02 L\u2019enqu\u00eate avance, apr\u00e8s la d\u00e9couverte d\u2019un cycliste mortellement&hellip;\n","protected":false},"author":2,"featured_media":415398,"comment_status":"","ping_status":"","sticky":false,"template":"","format":"standard","meta":{"footnotes":""},"categories":[2817],"tags":[119,1111,11,1997,1777,674,118,1011,27,12,2219,1072,25,208],"class_list":{"0":"post-427201","1":"post","2":"type-post","3":"status-publish","4":"format-standard","5":"has-post-thumbnail","7":"category-bordeaux","8":"tag-accident","9":"tag-actu","10":"tag-actualites","11":"tag-bordeaux","12":"tag-eu","13":"tag-europe","14":"tag-faits-divers","15":"tag-fr","16":"tag-france","17":"tag-news","18":"tag-nouvelle-aquitaine","19":"tag-police","20":"tag-republique-francaise","21":"tag-velo"},"share_on_mastodon":{"url":"https:\/\/pubeurope.com\/@fr\/115290105773465725","error":""},"_links":{"self":[{"href":"https:\/\/www.europesays.com\/fr\/wp-json\/wp\/v2\/posts\/427201","targetHints":{"allow":["GET"]}}],"collection":[{"href":"https:\/\/www.europesays.com\/fr\/wp-json\/wp\/v2\/posts"}],"about":[{"href":"https:\/\/www.europesays.com\/fr\/wp-json\/wp\/v2\/types\/post"}],"author":[{"embeddable":true,"href":"https:\/\/www.europesays.com\/fr\/wp-json\/wp\/v2\/users\/2"}],"replies":[{"embeddable":true,"href":"https:\/\/www.europesays.com\/fr\/wp-json\/wp\/v2\/comments?post=427201"}],"version-history":[{"count":0,"href":"https:\/\/www.europesays.com\/fr\/wp-json\/wp\/v2\/posts\/427201\/revisions"}],"wp:featuredmedia":[{"embeddable":true,"href":"https:\/\/www.europesays.com\/fr\/wp-json\/wp\/v2\/media\/415398"}],"wp:attachment":[{"href":"https:\/\/www.europesays.com\/fr\/wp-json\/wp\/v2\/media?parent=427201"}],"wp:term":[{"taxonomy":"category","embeddable":true,"href":"https:\/\/www.europesays.com\/fr\/wp-json\/wp\/v2\/categories?post=427201"},{"taxonomy":"post_tag","embeddable":true,"href":"https:\/\/www.europesays.com\/fr\/wp-json\/wp\/v2\/tags?post=427201"}],"curies":[{"name":"wp","href":"https:\/\/api.w.org\/{rel}","templated":true}]}}