{"id":427202,"date":"2025-09-29T23:09:22","date_gmt":"2025-09-29T23:09:22","guid":{"rendered":"https:\/\/www.europesays.com\/fr\/427202\/"},"modified":"2025-09-29T23:09:22","modified_gmt":"2025-09-29T23:09:22","slug":"apres-le-vol-de-leur-materiel-a-bordeaux-ces-deux-musiciens-sont-au-chomage-technique","status":"publish","type":"post","link":"https:\/\/www.europesays.com\/fr\/427202\/","title":{"rendered":"apr\u00e8s le vol de leur mat\u00e9riel \u00e0 Bordeaux, ces deux musiciens sont au ch\u00f4mage technique"},"content":{"rendered":"<p>            Par<br \/>\n        <strong><br \/>\n            <a href=\"https:\/\/actu.fr\/auteur\/juliette-cardinale\" title=\"Consulter tous les articles de Juliette Cardinale\" rel=\"nofollow noopener\" target=\"_blank\">Juliette Cardinale<\/a><br \/>\n        <\/strong><\/p>\n<p>        Publi\u00e9 le<\/p>\n<p>            29 sept. 2025 \u00e0 19h07        <\/p>\n<p>\u00ab\u2009Des ann\u00e9es de passion et d\u2019investissement envol\u00e9es en une nuit\u2026\u2009\u00bb, d\u00e9plore le duo Les Petits Suisses, ce lundi 29\u00a0septembre 2025. Le v\u00e9hicule des DJs a \u00e9t\u00e9 forc\u00e9 dans la nuit de vendredi \u00e0 samedi alors qu\u2019il \u00e9tait stationn\u00e9 dans le quartier Saint-Michel <a href=\"https:\/\/actu.fr\/bordeaux\/\" rel=\"nofollow noopener\" target=\"_blank\">de Bordeaux<\/a> <strong>apr\u00e8s une performance.<\/strong>\u00a0Ce \u00ab\u2009vol d\u2019une ampleur in\u00e9dite\u2009\u00bb a des cons\u00e9quences d\u00e9sastreuses pour les deux amis et coll\u00e8gues.<\/p>\n<p class=\" wall-content\">Serge Brault vit \u00e0 Bordeaux, Bruno Domingues Torres \u00e0 Paris. Les deux DJs se sont rencontr\u00e9s dans une troupe de hip-hop, sont amis depuis plus de 20 ans, et <strong>mixent ensemble depuis 2014<\/strong> sous le nom \u00ab\u2009Les Petits Suisses\u2009\u00bb. Ils se produisent lors d\u2019\u00e9v\u00e8nements \u00ab\u2009petits comme grands\u2009\u00bb autour de Paris et de Bordeaux, avec des sons m\u00ealants house, disco-funk et hip-hop.<\/p>\n<p>\u00ab\u00a0Ils ont tout pris\u00a0\u00bb<\/p>\n<p class=\" wall-content\">Vendredi dernier, \u00e0 l\u2019issue de leur prestation<a href=\"https:\/\/actu.fr\/nouvelle-aquitaine\/bordeaux_33063\/monument-emblematique-a-bordeaux-l-ancienne-caserne-de-pompiers-de-la-benauge-devient-un-lieu-de-vie-festif_62029463.html\" rel=\"nofollow noopener\" target=\"_blank\"> \u00e0 la Caserne B<\/a>, le duo se rend chez un ami pour se reposer \u00e0 Saint-Michel. Le lendemain, Les Petits Suisses devaient animer <strong>un \u00e9v\u00e8nement priv\u00e9 \u00e0 Sarlat.<\/strong> \u00ab\u2009Quand on est arriv\u00e9s, tr\u00e8s t\u00f4t, on a vu que la voiture avait \u00e9t\u00e9 forc\u00e9e. L\u2019int\u00e9rieur \u00e9tait compl\u00e8tement retourn\u00e9\u2009\u00bb, t\u00e9moigne Serge Brault.<\/p>\n<p class=\" wall-content\">\u00ab\u2009On a la m\u00eame sensation que si on s\u2019\u00e9tait <strong>fait cambrioler<\/strong> chez nous, c\u2019est tr\u00e8s tr\u00e8s d\u00e9sagr\u00e9able\u2009\u00bb, soupire le Bordelais.<\/p>\n<p class=\" wall-content\">Parmi les biens d\u00e9rob\u00e9s, les voleurs ont notamment pris <strong>deux contr\u00f4leurs et table de mixage, <\/strong>deux ordinateurs (Macbook air et pro) et disques durs, des c\u00e2bles et accessoires, ainsi que des effets personnels et objets de valeur sentimentale. Les affaires de Bruno qui venait tout droit de Paris, les porte-bonheur de Serge, mais aussi une chaise Lidl qu\u2019il \u00ab\u2009tra\u00eenait partout sur sc\u00e8ne ces derniers temps\u2009\u00bb\u2026<\/p>\n<blockquote class=\"ac-article-quote wall-content\">\n<p>C&rsquo;\u00e9tait bien rang\u00e9 dans des valises, ils ont tout pris sans se poser de questions.<\/p>\n<p>    <strong>Serge Brault<\/strong><br \/>\n        DJ bordelais du duo Les Petits Suisses    <\/p><\/blockquote>\n<p class=\" wall-content\">Persuad\u00e9s que les voleurs cherchaient \u00ab\u2009surtout de l\u2019argent liquide\u2009\u00bb, Serge et Bruno ont arpent\u00e9 le quartier pendant pr\u00e8s d\u2019une heure le samedi matin. Le lendemain, apr\u00e8s avoir d\u00e9pos\u00e9 son acolyte \u00e0 la gare, Serge a recommenc\u00e9, allant de Saint-Jean aux Quinconces \u00e0 la <strong>recherche d\u2019une valise abandonn\u00e9e<\/strong> ou d\u2019une simple trace de leurs effets. Rien.<\/p>\n<p>Votre r\u00e9gion, votre actu !<\/p>\n<p>Recevez chaque jour les infos qui comptent pour vous.<\/p>\n<p>\t<a href=\"https:\/\/actu.fr\/newsletter\" class=\"ac-btn ac-btn--corner ac-btn--medium ac-btn--blue800\" rel=\"nofollow noopener\" target=\"_blank\">S&rsquo;incrire<\/a><br \/>\n\u00ab\u2009Une situation critique\u2009\u00bb<\/p>\n<p class=\" wall-content\">C\u2019est \u00ab\u2009bien plus qu\u2019un simple vol mat\u00e9riel\u2009\u00bb, pr\u00e9cise le duo form\u00e9 en 2014. Avec leurs objets, \u00ab\u2009leur travail, leur passion et leur <strong>moyen de subsistance\u2009\u00bb<\/strong> ont \u00e9t\u00e9 emport\u00e9s. Ils sont \u00ab\u2009dans une situation critique\u2009\u00bb, l\u2019\u00e9preuve \u00ab\u2009menace leur activit\u00e9 artistique et leur projet de vie\u2009\u00bb.<\/p>\n<p class=\" wall-content\">Les deux hommes sont dor\u00e9navant dans l\u2019incapacit\u00e9 de se produire. Ils avaient pourtant des soir\u00e9es de pr\u00e9vues\u2009: des \u00e9v\u00e8nements priv\u00e9s, des sets pour Halloween, des partenariats\u2026 <strong>\u00ab\u2009On annule tout\u2009\u00bb,<\/strong> lance Serge Brault, net.<\/p>\n<p class=\" wall-content\">Les deux DJs ont port\u00e9 plainte et une enqu\u00eate de <a href=\"https:\/\/actu.fr\/tag\/police\" rel=\"nofollow noopener\" target=\"_blank\">police<\/a> a \u00e9t\u00e9 ouverte. En attendant, le collectif a lanc\u00e9 un appel \u00e0 la solidarit\u00e9. Ils esp\u00e8rent que le public face<strong>\u00a0circuler l\u2019information<\/strong> et reste attentif \u00e0 toute <strong>\u00ab\u2009revente suspecte de mat\u00e9riel DJ<\/strong> ou d\u2019\u00e9quipements \u00e9lectroniques professionnels\u2009\u00bb.<\/p>\n<p class=\" wall-content\"><a href=\"https:\/\/www.instagram.com\/p\/DHqYE0go90_\/embed\" title=\"Ouvrir le lien sur Instagram\" rel=\"nofollow noopener\" target=\"_blank\">Visualiser le contenu sur Instagram<\/a><\/p>\n<p class=\" wall-content\">Les Petits Suisses ont \u00e9galement <a href=\"https:\/\/www.leetchi.com\/fr\/c\/sauvez-les-platines-des-petits-suisses-4999590?utm_source=copylink&amp;utm_medium=social_sharing&amp;utm_campaign=pot\" rel=\"nofollow noopener\" target=\"_blank\">lanc\u00e9 une cagnotte Leetchi<\/a> pour pouvoir se r\u00e9\u00e9quiper. \u00ab\u2009On a mis un <strong>objectif de 4\u2009000\u00a0euros,<\/strong> pour pouvoir acheter des ordis et un disque dur. Il nous faut le <strong>minimum pour mixer,<\/strong> ce qui nous permettra de nous remettre \u00e0 pied.\u2009\u00bb<\/p>\n<p class=\" wall-content\">Mais cette enveloppe est en dessous du pr\u00e9judice qu\u2019ils estiment <strong>\u00ab\u2009entre 5\u2009000 et 10\u2009000 euros\u2009\u00bb.<\/strong>\u00a0Elle n\u2019englobe pas que le mat\u00e9riel, mais aussi le reste, les projets cr\u00e9\u00e9s depuis plus de 10 ans. \u00ab\u2009On ne rach\u00e8tera jamais notre temps de travail et les contrats annul\u00e9s. On repart de z\u00e9ro\u2009\u00bb, confie celui qui ne s\u2019attend pas \u00e0 beaucoup d\u2019aide des assureurs.<\/p>\n<p class=\" wall-content\">\u00ab\u2009On a pris un petit coup de bambou samedi matin\u2009\u00bb, souligne Serge Brault. Apr\u00e8s un week-end \u00e0 s\u2019occuper des d\u00e9marches, ils essaient d\u2019aller de l\u2019avant. \u00ab\u2009Aujourd\u2019hui, on veut se relever et <strong>rester positif\u2009\u00bb. <\/strong>Les bordelo-parisiens ont <strong>promis \u00ab\u2009une grande f\u00eate<\/strong> d\u00e8s que la situation sera r\u00e9tablie\u2009\u00bb.<\/p>\n<p class=\" wall-content\">Personnalisez votre actualit\u00e9 en ajoutant vos villes et m\u00e9dias en favori avec <a href=\"https:\/\/moncompte.actu.fr\" title=\"D\u00e9couvez Mon Actu\" rel=\"nofollow noopener\" data-trk=\"{&quot;cta&quot;:{&quot;action&quot;:&quot;https:\\\/\\\/moncompte.actu.fr&quot;,&quot;category&quot;:&quot;mon compte&quot;,&quot;from&quot;:&quot;article footer&quot;,&quot;name&quot;:&quot;Mon actu&quot;,&quot;type&quot;:&quot;cta&quot;}}\" target=\"_blank\">Mon Actu<\/a>.<\/p>\n<p>                    <script async src=\"\/\/www.instagram.com\/embed.js\"><\/script><\/p>\n","protected":false},"excerpt":{"rendered":"Par Juliette Cardinale Publi\u00e9 le 29 sept. 2025 \u00e0 19h07 \u00ab\u2009Des ann\u00e9es de passion et d\u2019investissement envol\u00e9es en&hellip;\n","protected":false},"author":2,"featured_media":427203,"comment_status":"","ping_status":"","sticky":false,"template":"","format":"standard","meta":{"footnotes":""},"categories":[2817],"tags":[1111,11,1997,1174,12666,1777,674,118,1011,27,873,12,2219,25],"class_list":{"0":"post-427202","1":"post","2":"type-post","3":"status-publish","4":"format-standard","5":"has-post-thumbnail","7":"category-bordeaux","8":"tag-actu","9":"tag-actualites","10":"tag-bordeaux","11":"tag-cambriolage","12":"tag-dj","13":"tag-eu","14":"tag-europe","15":"tag-faits-divers","16":"tag-fr","17":"tag-france","18":"tag-musique","19":"tag-news","20":"tag-nouvelle-aquitaine","21":"tag-republique-francaise"},"share_on_mastodon":{"url":"https:\/\/pubeurope.com\/@fr\/115290109718183682","error":""},"_links":{"self":[{"href":"https:\/\/www.europesays.com\/fr\/wp-json\/wp\/v2\/posts\/427202","targetHints":{"allow":["GET"]}}],"collection":[{"href":"https:\/\/www.europesays.com\/fr\/wp-json\/wp\/v2\/posts"}],"about":[{"href":"https:\/\/www.europesays.com\/fr\/wp-json\/wp\/v2\/types\/post"}],"author":[{"embeddable":true,"href":"https:\/\/www.europesays.com\/fr\/wp-json\/wp\/v2\/users\/2"}],"replies":[{"embeddable":true,"href":"https:\/\/www.europesays.com\/fr\/wp-json\/wp\/v2\/comments?post=427202"}],"version-history":[{"count":0,"href":"https:\/\/www.europesays.com\/fr\/wp-json\/wp\/v2\/posts\/427202\/revisions"}],"wp:featuredmedia":[{"embeddable":true,"href":"https:\/\/www.europesays.com\/fr\/wp-json\/wp\/v2\/media\/427203"}],"wp:attachment":[{"href":"https:\/\/www.europesays.com\/fr\/wp-json\/wp\/v2\/media?parent=427202"}],"wp:term":[{"taxonomy":"category","embeddable":true,"href":"https:\/\/www.europesays.com\/fr\/wp-json\/wp\/v2\/categories?post=427202"},{"taxonomy":"post_tag","embeddable":true,"href":"https:\/\/www.europesays.com\/fr\/wp-json\/wp\/v2\/tags?post=427202"}],"curies":[{"name":"wp","href":"https:\/\/api.w.org\/{rel}","templated":true}]}}