{"id":427212,"date":"2025-09-29T23:14:12","date_gmt":"2025-09-29T23:14:12","guid":{"rendered":"https:\/\/www.europesays.com\/fr\/427212\/"},"modified":"2025-09-29T23:14:12","modified_gmt":"2025-09-29T23:14:12","slug":"87-logements-a-la-timone-prevus-pour-fevrier-2027","status":"publish","type":"post","link":"https:\/\/www.europesays.com\/fr\/427212\/","title":{"rendered":"87 logements \u00e0 la Timone pr\u00e9vus pour f\u00e9vrier 2027"},"content":{"rendered":"<p>La pose de la premi\u00e8re pierre de la r\u00e9sidence \u00e9tudiante Op\u2019Timone qui comptera 87 logements au 165, rue Saint-Pierre (5e) a \u00e9t\u00e9 un \u00e9v\u00e9nement en soi, ce vendredi 26\u00a0septembre, tant le quartier <a href=\"https:\/\/www.laprovence.com\/article\/societe\/2682816795436114\/a-aix-et-marseille-etudier-a-l-universite-coute-de-plus-en-plus-cher\" target=\"_blank\" rel=\"noopener\">manque de logements abordables<\/a>. Didier Jau, \u00c9ric M\u00e9ry, Patrick Amico &#8211; respectivement maire (EELV) des 4e-5e, adjoints \u00e0 l\u2019urbanisme (PM) et au logement (GRS), se sont f\u00e9licit\u00e9s aux c\u00f4t\u00e9s du promoteur Demathieu Bard et du gestionnaire, Fac Habitat, de la mise en service d\u00e9but\u00a02027 de cette \u00ab\u00a0cit\u00e9 \u00e9tudiante\u00a0\u00bb avec des loyers \u00ab\u00a0\u00e0 540\u00a0euros toutes charges comprises\u00a0\u00bb, assure ce dernier.<\/p>\n<p>\u00ab\u00a020% des \u00e9tudiants abandonnent les cours \u00e0 cause du logement\u00a0\u00bb<\/p>\n<p>Le quartier Saint-Pierre, entre la Plaine et la Timone, combine forte demande et raret\u00e9 des logements en location. Difficult\u00e9 en plus, \u00ab\u00a0quand un projet immobilier sort de terre, <a href=\"https:\/\/www.laprovence.com\/article\/societe\/12035260976887\/universite-aix-marseille-un-etat-qui-n-investit-pas-dans-sa-jeunesse-va-dans-le-mur-previent-eric-berton\" target=\"_blank\" rel=\"noopener\">le loyer ne permet pas aux \u00e9tudiants de se loger<\/a>, postule Patrick Amico. Apr\u00e8s de nombreux allers-retours entre le promoteur, le gestionnaire et la Ville, on applaudit des deux mains les garanties obtenues pour que les futurs loyers soient plafonn\u00e9s\u00a0\u00bb. \u00ab\u00a0Le projet convient \u00e0 tout le monde car il r\u00e9pond \u00e0 un besoin local\u00a0\u00bb, confirme l\u2019adjoint au logement, tandis que le maire des 4e-5e, Di&#8230;<\/p>\n","protected":false},"excerpt":{"rendered":"La pose de la premi\u00e8re pierre de la r\u00e9sidence \u00e9tudiante Op\u2019Timone qui comptera 87 logements au 165, rue&hellip;\n","protected":false},"author":2,"featured_media":427213,"comment_status":"","ping_status":"","sticky":false,"template":"","format":"standard","meta":{"footnotes":""},"categories":[2814],"tags":[17,1111,11,15394,1777,674,1011,27,55589,2846,884,12,471,15971,882,16,25,12147],"class_list":{"0":"post-427212","1":"post","2":"type-post","3":"status-publish","4":"format-standard","5":"has-post-thumbnail","7":"category-marseille","8":"tag-17","9":"tag-actu","10":"tag-actualites","11":"tag-etudiantes","12":"tag-eu","13":"tag-europe","14":"tag-fr","15":"tag-france","16":"tag-locations","17":"tag-logements","18":"tag-marseille","19":"tag-news","20":"tag-pour","21":"tag-prevus","22":"tag-provence-alpes-cote-dazur","23":"tag-region","24":"tag-republique-francaise","25":"tag-timone"},"share_on_mastodon":{"url":"https:\/\/pubeurope.com\/@fr\/115290129351190760","error":""},"_links":{"self":[{"href":"https:\/\/www.europesays.com\/fr\/wp-json\/wp\/v2\/posts\/427212","targetHints":{"allow":["GET"]}}],"collection":[{"href":"https:\/\/www.europesays.com\/fr\/wp-json\/wp\/v2\/posts"}],"about":[{"href":"https:\/\/www.europesays.com\/fr\/wp-json\/wp\/v2\/types\/post"}],"author":[{"embeddable":true,"href":"https:\/\/www.europesays.com\/fr\/wp-json\/wp\/v2\/users\/2"}],"replies":[{"embeddable":true,"href":"https:\/\/www.europesays.com\/fr\/wp-json\/wp\/v2\/comments?post=427212"}],"version-history":[{"count":0,"href":"https:\/\/www.europesays.com\/fr\/wp-json\/wp\/v2\/posts\/427212\/revisions"}],"wp:featuredmedia":[{"embeddable":true,"href":"https:\/\/www.europesays.com\/fr\/wp-json\/wp\/v2\/media\/427213"}],"wp:attachment":[{"href":"https:\/\/www.europesays.com\/fr\/wp-json\/wp\/v2\/media?parent=427212"}],"wp:term":[{"taxonomy":"category","embeddable":true,"href":"https:\/\/www.europesays.com\/fr\/wp-json\/wp\/v2\/categories?post=427212"},{"taxonomy":"post_tag","embeddable":true,"href":"https:\/\/www.europesays.com\/fr\/wp-json\/wp\/v2\/tags?post=427212"}],"curies":[{"name":"wp","href":"https:\/\/api.w.org\/{rel}","templated":true}]}}