{"id":427220,"date":"2025-09-29T23:19:18","date_gmt":"2025-09-29T23:19:18","guid":{"rendered":"https:\/\/www.europesays.com\/fr\/427220\/"},"modified":"2025-09-29T23:19:18","modified_gmt":"2025-09-29T23:19:18","slug":"telepherique-en-ile-de-france-la-deputee-lfi-nadege-abomangoli-souhaite-des-cabines-reservees-aux-femmes-face-a-linsecurite","status":"publish","type":"post","link":"https:\/\/www.europesays.com\/fr\/427220\/","title":{"rendered":"T\u00e9l\u00e9ph\u00e9rique en \u00cele-de-France\u00a0: la d\u00e9put\u00e9e LFI Nad\u00e8ge Abomangoli souhaite des cabines r\u00e9serv\u00e9es aux femmes face \u00e0 l\u2019ins\u00e9curit\u00e9"},"content":{"rendered":"<p>\tT\u00e9l\u00e9ph\u00e9rique en \u00cele-de-France\u00a0: la d\u00e9put\u00e9e LFI Nad\u00e8ge Abomangoli souhaite des cabines r\u00e9serv\u00e9es aux femmes face \u00e0 l\u2019ins\u00e9curit\u00e9 &#8211; Valeurs actuelles<\/p>\n<p><a href=\"https:\/\/www.valeursactuelles.com\/\" rel=\"nofollow noopener\" target=\"_blank\">Accueil<\/a> \u00bb <a href=\"https:\/\/www.valeursactuelles.com\/societe\" rel=\"nofollow noopener\" target=\"_blank\">Soci\u00e9t\u00e9<\/a> \u00bb T\u00e9l\u00e9ph\u00e9rique en \u00cele-de-France\u00a0: la d\u00e9put\u00e9e LFI Nad\u00e8ge Abomangoli souhaite des cabines r\u00e9serv\u00e9es aux femmes face \u00e0 l\u2019ins\u00e9curit\u00e9<\/p>\n","protected":false},"excerpt":{"rendered":"T\u00e9l\u00e9ph\u00e9rique en \u00cele-de-France\u00a0: la d\u00e9put\u00e9e LFI Nad\u00e8ge Abomangoli souhaite des cabines r\u00e9serv\u00e9es aux femmes face \u00e0 l\u2019ins\u00e9curit\u00e9 &#8211;&hellip;\n","protected":false},"author":2,"featured_media":427221,"comment_status":"","ping_status":"","sticky":false,"template":"","format":"standard","meta":{"footnotes":""},"categories":[1592],"tags":[1111,11,1267,1777,674,1011,27,662,780,12,55590,626,25,2216],"class_list":{"0":"post-427220","1":"post","2":"type-post","3":"status-publish","4":"format-standard","5":"has-post-thumbnail","7":"category-ile-de-france","8":"tag-actu","9":"tag-actualites","10":"tag-agression-sexuelle","11":"tag-eu","12":"tag-europe","13":"tag-fr","14":"tag-france","15":"tag-ile-de-france","16":"tag-lfi","17":"tag-news","18":"tag-non-mixite","19":"tag-paris","20":"tag-republique-francaise","21":"tag-transports-en-commun"},"share_on_mastodon":{"url":"https:\/\/pubeurope.com\/@fr\/115290148950763032","error":""},"_links":{"self":[{"href":"https:\/\/www.europesays.com\/fr\/wp-json\/wp\/v2\/posts\/427220","targetHints":{"allow":["GET"]}}],"collection":[{"href":"https:\/\/www.europesays.com\/fr\/wp-json\/wp\/v2\/posts"}],"about":[{"href":"https:\/\/www.europesays.com\/fr\/wp-json\/wp\/v2\/types\/post"}],"author":[{"embeddable":true,"href":"https:\/\/www.europesays.com\/fr\/wp-json\/wp\/v2\/users\/2"}],"replies":[{"embeddable":true,"href":"https:\/\/www.europesays.com\/fr\/wp-json\/wp\/v2\/comments?post=427220"}],"version-history":[{"count":0,"href":"https:\/\/www.europesays.com\/fr\/wp-json\/wp\/v2\/posts\/427220\/revisions"}],"wp:featuredmedia":[{"embeddable":true,"href":"https:\/\/www.europesays.com\/fr\/wp-json\/wp\/v2\/media\/427221"}],"wp:attachment":[{"href":"https:\/\/www.europesays.com\/fr\/wp-json\/wp\/v2\/media?parent=427220"}],"wp:term":[{"taxonomy":"category","embeddable":true,"href":"https:\/\/www.europesays.com\/fr\/wp-json\/wp\/v2\/categories?post=427220"},{"taxonomy":"post_tag","embeddable":true,"href":"https:\/\/www.europesays.com\/fr\/wp-json\/wp\/v2\/tags?post=427220"}],"curies":[{"name":"wp","href":"https:\/\/api.w.org\/{rel}","templated":true}]}}