{"id":427222,"date":"2025-09-29T23:20:12","date_gmt":"2025-09-29T23:20:12","guid":{"rendered":"https:\/\/www.europesays.com\/fr\/427222\/"},"modified":"2025-09-29T23:20:12","modified_gmt":"2025-09-29T23:20:12","slug":"la-jeune-garde-lance-la-fashion-week-de-paris-saint-laurent-fait-le-show-au-trocadero-actualites","status":"publish","type":"post","link":"https:\/\/www.europesays.com\/fr\/427222\/","title":{"rendered":"La jeune garde lance la Fashion Week de Paris, Saint Laurent fait le show au Trocad\u00e9ro : Actualit\u00e9s"},"content":{"rendered":"<p class=\"lead \">Les jeunes griffes Weinsanto, Julie Kegels et Hodakova ont donn\u00e9 lundi le coup d&rsquo;envoi de la Fashion Week de Paris, suivi dans la soir\u00e9e du show tr\u00e8s people de Saint Laurent, pr\u00e9lude d&rsquo;une \u00e9dition d\u00e9cisive, marqu\u00e9e par les d\u00e9buts de nombreux cr\u00e9ateurs.<\/p>\n<p class=\"lead \">L&rsquo;Alsacien Victor Weinsanto a ouvert le bal \u00e0 la mi-journ\u00e9e, avec une collection revisitant les grandes heures de Versailles, en hommage aux figures du XVIIe et XVIIIe si\u00e8cles, de Madame de Pompadour \u00e0 Madame du Barry, incarn\u00e9es notamment par la drag queen Nicky Doll.<\/p>\n<p class=\"lead \">\u00ab\u00a0Je voulais parler des favorites, de l&rsquo;histoire de ces femmes qui ont r\u00e9ussi \u00e0 avoir plus de pouvoir que la reine \u00e0 travers leur personnalit\u00e9, leur charisme, leur beaut\u00e9\u00a0\u00bb, a confi\u00e9 le trentenaire \u00e0 l&rsquo;AFP.<\/p>\n<p class=\"lead \">En r\u00e9sulte un vestiaire tr\u00e8s fleuri, o\u00f9 la rigidit\u00e9 des crinolines et des corsets se m\u00eale habilement des manteaux et pantalons contemporains. <\/p>\n<p class=\"lead \">Sous les structures m\u00e9talliques du m\u00e9tro a\u00e9rien, la Belge Julie Kegels a sign\u00e9 son bapt\u00eame au calendrier officiel avec une collection a\u00e9rienne, entre voiles transparents, reflets satin\u00e9s et scintillements d\u00e9licats, le tout dans des tons pastel.<\/p>\n<p class=\"lead \">Autre ambiance chez Ellen Hodakova Larsson, qui a choisi de pr\u00e9senter sa nouvelle collection au sein du Mus\u00e9e Bourdelle. Chez la Su\u00e9doise, reine de l&rsquo;upcycling, des draps blancs brod\u00e9s et fermetures \u00e9clair se transforment en robe, des sacs \u00e0 main en cuir en brassi\u00e8res, des livres en volants ou en col de robes.<\/p>\n<p class=\"lead \">Dans la soir\u00e9e, Saint Laurent a fait sensation avec un d\u00e9fil\u00e9 dans les jardins du Trocad\u00e9ro. Face \u00e0 la Tour Eiffel, Anthony Vaccarello a pr\u00e9sent\u00e9 son nouveau vestiaire devant un parterre de stars, parmi lesquelles Madonna, Carla Bruni Sarkozy ou encore Ren\u00e9e Zellweger. <\/p>\n<p class=\"lead \">D&rsquo;amples robes l\u00e9g\u00e8res \u00e0 volants, des trenchs transparents port\u00e9s tels des robes et des silhouettes toutes en cuir noir ou marron, avec des jupes crayon et d&rsquo;amples vestes, se sont succ\u00e9d\u00e9es le long de bosquets d&rsquo;hortensias blancs formant le sigle YSL de la griffe. <\/p>\n<p class=\"lead \">Le tout dans une palette compos\u00e9e de bleu, rouge ou orange tr\u00e8s profonds et agr\u00e9ment\u00e9 de maxi boucles d&rsquo;oreilles et de talons aiguilles \u00e0 bouts tr\u00e8s pointus. <\/p>\n<p class=\"lead \">Cette premi\u00e8re journ\u00e9e s&rsquo;est conclue par le traditionnel show ouvert au public (sur inscription) de l&rsquo;Or\u00e9al Paris sur le parvis de l&rsquo;H\u00f4tel de Ville, au cours duquel les ambassadrices de la marque Jane Fonda, Kendall Jenner, Gillian Anderson ou encore Eva Longoria ont d\u00e9fil\u00e9. <\/p>\n<p class=\"lead \">Plus de 110 marques vont d\u00e9voiler jusqu&rsquo;au 7 octobre leur collection pr\u00eat-\u00e0-porter printemps-\u00e9t\u00e9 2026 \u00e0 travers 76 d\u00e9fil\u00e9s et 37 pr\u00e9sentations.<\/p>\n<p class=\"lead \">Cette saison parisienne refl\u00e8te un mercato in\u00e9dit de directeurs artistiques, signe d&rsquo;une dynamique de renouvellement sans pr\u00e9c\u00e9dent. <\/p>\n<p class=\"lead \">\u00ab\u00a0On peut parler d&rsquo;une Fashion Week historique\u00a0\u00bb, estime Claire Thomson-Jonville, directrice \u00e9ditoriale de Vogue France.<\/p>\n<p class=\"lead \">Le premier d\u00e9fil\u00e9 de Matthieu Blazy chez Chanel, le 6 octobre, constitue le moment le plus attendu. Autre \u00e9v\u00e9nement majeur: Jonathan Anderson pr\u00e9sentera le 1er octobre sa premi\u00e8re collection femme pour Dior apr\u00e8s une ligne homme remarqu\u00e9e en juin.<\/p>\n<p class=\"lead \">Les regards se tourneront \u00e9galement vers Pierpaolo Piccioli chez Balenciaga et Duran Lantink chez Jean Paul Gaultier.<\/p>\n<p class=\"small font-weight-bold text-gray3 \"> publi\u00e9 le 29 septembre \u00e0 22h49, AFP<\/p>\n<p>                             Partager<\/p>\n","protected":false},"excerpt":{"rendered":"Les jeunes griffes Weinsanto, Julie Kegels et Hodakova ont donn\u00e9 lundi le coup d&rsquo;envoi de la Fashion Week&hellip;\n","protected":false},"author":2,"featured_media":427223,"comment_status":"","ping_status":"","sticky":false,"template":"","format":"standard","meta":{"footnotes":""},"categories":[1888],"tags":[1111,1928,11,1927,2105,1777,674,1011,27,2425,985,12,1926,626,1925,25],"class_list":{"0":"post-427222","1":"post","2":"type-post","3":"status-publish","4":"format-standard","5":"has-post-thumbnail","7":"category-paris","8":"tag-actu","9":"tag-actu-paris","10":"tag-actualites","11":"tag-actualites-paris","12":"tag-distribution","13":"tag-eu","14":"tag-europe","15":"tag-fr","16":"tag-france","17":"tag-luxe","18":"tag-mode","19":"tag-news","20":"tag-news-paris","21":"tag-paris","22":"tag-paris-news","23":"tag-republique-francaise"},"share_on_mastodon":{"url":"https:\/\/pubeurope.com\/@fr\/115290152886685345","error":""},"_links":{"self":[{"href":"https:\/\/www.europesays.com\/fr\/wp-json\/wp\/v2\/posts\/427222","targetHints":{"allow":["GET"]}}],"collection":[{"href":"https:\/\/www.europesays.com\/fr\/wp-json\/wp\/v2\/posts"}],"about":[{"href":"https:\/\/www.europesays.com\/fr\/wp-json\/wp\/v2\/types\/post"}],"author":[{"embeddable":true,"href":"https:\/\/www.europesays.com\/fr\/wp-json\/wp\/v2\/users\/2"}],"replies":[{"embeddable":true,"href":"https:\/\/www.europesays.com\/fr\/wp-json\/wp\/v2\/comments?post=427222"}],"version-history":[{"count":0,"href":"https:\/\/www.europesays.com\/fr\/wp-json\/wp\/v2\/posts\/427222\/revisions"}],"wp:featuredmedia":[{"embeddable":true,"href":"https:\/\/www.europesays.com\/fr\/wp-json\/wp\/v2\/media\/427223"}],"wp:attachment":[{"href":"https:\/\/www.europesays.com\/fr\/wp-json\/wp\/v2\/media?parent=427222"}],"wp:term":[{"taxonomy":"category","embeddable":true,"href":"https:\/\/www.europesays.com\/fr\/wp-json\/wp\/v2\/categories?post=427222"},{"taxonomy":"post_tag","embeddable":true,"href":"https:\/\/www.europesays.com\/fr\/wp-json\/wp\/v2\/tags?post=427222"}],"curies":[{"name":"wp","href":"https:\/\/api.w.org\/{rel}","templated":true}]}}