{"id":427224,"date":"2025-09-29T23:21:14","date_gmt":"2025-09-29T23:21:14","guid":{"rendered":"https:\/\/www.europesays.com\/fr\/427224\/"},"modified":"2025-09-29T23:21:14","modified_gmt":"2025-09-29T23:21:14","slug":"brunch-electronik-de-retour-a-paris-ce-week-end","status":"publish","type":"post","link":"https:\/\/www.europesays.com\/fr\/427224\/","title":{"rendered":"Brunch Electronik de retour \u00e0 Paris ce week-end"},"content":{"rendered":"<p>Apr\u00e8s une \u00e9dition 2024 couronn\u00e9e de succ\u00e8s, <strong>Brunch Electronik Paris<\/strong> revient en force les <strong>4 et 5 octobre 2025<\/strong>. Cette ann\u00e9e encore, le festival investira l\u2019immense <strong>hippodrome Paris-Vincennes<\/strong>, un lieu aussi embl\u00e9matique que spacieux, offrant un cadre naturel exceptionnel en plein c\u0153ur de la capitale.<\/p>\n<p>Dans la lign\u00e9e des plus grands \u00e9v\u00e9nements \u00e9lectro europ\u00e9ens, Brunch Electronik ne se contente pas de programmer les t\u00eates d\u2019affiche du moment. Il propose une <strong>exp\u00e9rience compl\u00e8te<\/strong>, pens\u00e9e pour un public averti et h\u00e9doniste. Outre les sc\u00e8nes musicales, les festivaliers pourront profiter de <strong>stands de cr\u00e9ateurs<\/strong>, d\u2019un <strong>vaste food court<\/strong> et d\u2019un <strong>espace \u00ab\u00a0Petit Brunch\u00a0\u00bb<\/strong>, d\u00e9di\u00e9 aux enfants avec animations ludiques et ateliers.<\/p>\n<p><img loading=\"lazy\" data-lazyloaded=\"1\" decoding=\"async\" width=\"1024\" height=\"576\" src=\"https:\/\/www.europesays.com\/fr\/wp-content\/uploads\/2025\/05\/1920x1080-1024x576.png\" alt=\"Line up Brunch Electronik Paris 2025\" class=\"wp-image-157512\"  data-\/><\/p>\n<p>La programmation 2025 promet une ambiance survolt\u00e9e. On y retrouvera <strong>Peggy Gou, PAWSA, Kungs, Mau P, Chris Stussy, Palms Trax<\/strong>, <strong>Bella<\/strong>, <strong>Miura<\/strong> et <strong>Carla Mo<\/strong>. Fid\u00e8le \u00e0 son ADN, le festival reste une <strong>vitrine internationale<\/strong> de la sc\u00e8ne \u00e9lectronique, tout en gardant un ancrage local et engag\u00e9.<\/p>\n<p>En effet, Brunch Electronik Paris se distingue aussi par ses <strong>valeurs fortes<\/strong> : inclusion avec un stand LGBTQIA+, <strong>d\u00e9marche \u00e9coresponsable<\/strong> pour tendre vers le z\u00e9ro d\u00e9chet, et <strong>soutien aux communaut\u00e9s locales<\/strong> via des tarifs pr\u00e9f\u00e9rentiels pour les riverains. Un week-end \u00e0 ne pas manquer pour tous les amoureux de beats et de libert\u00e9 en plein air. Alors, pr\u00eats pour cette nouvelle \u00e9dition ?<\/p>\n","protected":false},"excerpt":{"rendered":"Apr\u00e8s une \u00e9dition 2024 couronn\u00e9e de succ\u00e8s, Brunch Electronik Paris revient en force les 4 et 5 octobre&hellip;\n","protected":false},"author":2,"featured_media":80965,"comment_status":"","ping_status":"","sticky":false,"template":"","format":"standard","meta":{"footnotes":""},"categories":[1888],"tags":[1111,1928,11,1927,18824,18825,1777,674,1011,27,18826,12,1926,626,1925,18827,18828,25],"class_list":{"0":"post-427224","1":"post","2":"type-post","3":"status-publish","4":"format-standard","5":"has-post-thumbnail","7":"category-paris","8":"tag-actu","9":"tag-actu-paris","10":"tag-actualites","11":"tag-actualites-paris","12":"tag-brunch-electronik","13":"tag-chris-stussy","14":"tag-eu","15":"tag-europe","16":"tag-fr","17":"tag-france","18":"tag-mau-p","19":"tag-news","20":"tag-news-paris","21":"tag-paris","22":"tag-paris-news","23":"tag-pawsa","24":"tag-peggy-gou","25":"tag-republique-francaise"},"share_on_mastodon":{"url":"https:\/\/pubeurope.com\/@fr\/115290157202162935","error":""},"_links":{"self":[{"href":"https:\/\/www.europesays.com\/fr\/wp-json\/wp\/v2\/posts\/427224","targetHints":{"allow":["GET"]}}],"collection":[{"href":"https:\/\/www.europesays.com\/fr\/wp-json\/wp\/v2\/posts"}],"about":[{"href":"https:\/\/www.europesays.com\/fr\/wp-json\/wp\/v2\/types\/post"}],"author":[{"embeddable":true,"href":"https:\/\/www.europesays.com\/fr\/wp-json\/wp\/v2\/users\/2"}],"replies":[{"embeddable":true,"href":"https:\/\/www.europesays.com\/fr\/wp-json\/wp\/v2\/comments?post=427224"}],"version-history":[{"count":0,"href":"https:\/\/www.europesays.com\/fr\/wp-json\/wp\/v2\/posts\/427224\/revisions"}],"wp:featuredmedia":[{"embeddable":true,"href":"https:\/\/www.europesays.com\/fr\/wp-json\/wp\/v2\/media\/80965"}],"wp:attachment":[{"href":"https:\/\/www.europesays.com\/fr\/wp-json\/wp\/v2\/media?parent=427224"}],"wp:term":[{"taxonomy":"category","embeddable":true,"href":"https:\/\/www.europesays.com\/fr\/wp-json\/wp\/v2\/categories?post=427224"},{"taxonomy":"post_tag","embeddable":true,"href":"https:\/\/www.europesays.com\/fr\/wp-json\/wp\/v2\/tags?post=427224"}],"curies":[{"name":"wp","href":"https:\/\/api.w.org\/{rel}","templated":true}]}}