{"id":427231,"date":"2025-09-29T23:25:11","date_gmt":"2025-09-29T23:25:11","guid":{"rendered":"https:\/\/www.europesays.com\/fr\/427231\/"},"modified":"2025-09-29T23:25:11","modified_gmt":"2025-09-29T23:25:11","slug":"ploemeuroumanie-a-effectue-sa-90e-mission-humanitaire-dans-le-maramures-et-en-ukraine","status":"publish","type":"post","link":"https:\/\/www.europesays.com\/fr\/427231\/","title":{"rendered":"PloemeuRoumanie a effectu\u00e9 sa 90e mission humanitaire dans le Maramures et en Ukraine"},"content":{"rendered":"<p>L\u2019<a href=\"https:\/\/www.letelegramme.fr\/morbihan\/ploemeur-56270\/ploemeur-solidarite-ploemeuroumanie-livre-trois-nouveaux-fauteuils-a-des-enfants-tetraplegiques-en-roumanie-6680428.php\" title=\"www.letelegramme.fr\" target=\"_blank\" rel=\"noopener\">association PloemeuRoumanie<\/a>, c\u2019est 90\u00a0voyages, 500\u00a0000 km parcourus en 34\u00a0ans, des centaines d\u2019actions de solidarit\u00e9 offertes aux populations dans l\u2019une des r\u00e9gions les plus pauvres de Roumanie\u00a0: le Maramures\u2026 Et cette histoire de solidarit\u00e9 n\u2019est pas termin\u00e9e\u00a0! Lo\u00efc Th\u00e9tio, le pr\u00e9sident-fondateur de l\u2019association, n\u2019est pas homme \u00e0 renoncer. Tout juste revenu de ce 90e voyage humanitaire, ce globe-trotter de la solidarit\u00e9 pense d\u00e9j\u00e0 \u00e0 sa prochaine mission, pr\u00e9vue au printemps 2026.<\/p>\n<p>Mat\u00e9riel m\u00e9dical<\/p>\n<p>Il est parti le 20 ao\u00fbt de Ploemeur, accompagn\u00e9 de son \u00e9pouse Lysiane, \u00e0 bord de son fourgon regorgeant de mat\u00e9riel orthop\u00e9dique, de 20\u00a0fauteuils pour t\u00e9trapl\u00e9giques et parapl\u00e9giques et autres cartons contenant des blouses, des pansements, des couches, pour alimenter les dispensaires. Une nouvelle fois, les dons viendront soulager les populations en situation de grande pauvret\u00e9 dans les communes de Gro\u0219ii \u021aible\u0219ului, \u0218i\u0219e\u0219ti, Copalnic-M\u0103n\u0103\u0219tur\u2026<\/p>\n<p>Une partie des dons dirig\u00e9e vers l\u2019Ukraine<\/p>\n<p>Lors de ce voyage, Lo\u00efc Th\u00e9tio a eu les honneurs de plusieurs quotidiens roumains. Mais pas seulement\u00a0: il a re\u00e7u un \u00e9ni\u00e8me dipl\u00f4me de reconnaissance du pr\u00e9fet de la r\u00e9gion de Maramures pour son travail accompli. \u00ab\u00a0C\u2019est \u00e0 l\u2019occasion de cette r\u00e9ception que le pr\u00e9fet m\u2019a parl\u00e9 de l\u2019association dite Assoc, qu\u2019il a cr\u00e9\u00e9e pour venir en aide aux populations de la ville d\u2019Oujhorod, situ\u00e9e dans l\u2019ouest de l\u2019Ukraine, o\u00f9 il a form\u00e9 une \u00e9quipe pour venir en aide aux bless\u00e9s de guerre. Une partie de mes dons est arriv\u00e9e l\u00e0-bas, notamment des pansements et du mat\u00e9riel d\u2019urgence\u00a0\u00bb.<\/p>\n<p>En regardant dans le r\u00e9troviseur de son camion, qui n\u2019est pas tout jeune, il a r\u00e9ussi \u00e0 ouvrir un h\u00f4pital, plusieurs dispensaires, \u00e9quiper une caserne de pompiers\u2026 La solidarit\u00e9 n\u2019est pas un vain mot pour cet homme qui, avant sa retraite, avait d\u00e9j\u00e0 commenc\u00e9 \u00e0 consacrer sa vie \u00e0 ceux de l\u00e0-bas\u00a0: cette r\u00e9gion montagneuse de Maramures.<\/p>\n<p>Contact<\/p>\n<p class=\"note\">T\u00e9l. 06\u00a022\u00a033\u00a052\u00a018\u00a0; mail\u00a0: asso.pl\u0153meuroumarie.free.fr<\/p>\n","protected":false},"excerpt":{"rendered":"L\u2019association PloemeuRoumanie, c\u2019est 90\u00a0voyages, 500\u00a0000 km parcourus en 34\u00a0ans, des centaines d\u2019actions de solidarit\u00e9 offertes aux populations dans&hellip;\n","protected":false},"author":2,"featured_media":427232,"comment_status":"","ping_status":"","sticky":false,"template":"","format":"standard","meta":{"footnotes":""},"categories":[1590],"tags":[11,1777,674,12,6411,4868,11880,220],"class_list":{"0":"post-427231","1":"post","2":"type-post","3":"status-publish","4":"format-standard","5":"has-post-thumbnail","7":"category-ukraine","8":"tag-actualites","9":"tag-eu","10":"tag-europe","11":"tag-news","12":"tag-ploemeur","13":"tag-roumanie","14":"tag-solidarite-ukraine","15":"tag-ukraine"},"share_on_mastodon":{"url":"https:\/\/pubeurope.com\/@fr\/115290172582933658","error":""},"_links":{"self":[{"href":"https:\/\/www.europesays.com\/fr\/wp-json\/wp\/v2\/posts\/427231","targetHints":{"allow":["GET"]}}],"collection":[{"href":"https:\/\/www.europesays.com\/fr\/wp-json\/wp\/v2\/posts"}],"about":[{"href":"https:\/\/www.europesays.com\/fr\/wp-json\/wp\/v2\/types\/post"}],"author":[{"embeddable":true,"href":"https:\/\/www.europesays.com\/fr\/wp-json\/wp\/v2\/users\/2"}],"replies":[{"embeddable":true,"href":"https:\/\/www.europesays.com\/fr\/wp-json\/wp\/v2\/comments?post=427231"}],"version-history":[{"count":0,"href":"https:\/\/www.europesays.com\/fr\/wp-json\/wp\/v2\/posts\/427231\/revisions"}],"wp:featuredmedia":[{"embeddable":true,"href":"https:\/\/www.europesays.com\/fr\/wp-json\/wp\/v2\/media\/427232"}],"wp:attachment":[{"href":"https:\/\/www.europesays.com\/fr\/wp-json\/wp\/v2\/media?parent=427231"}],"wp:term":[{"taxonomy":"category","embeddable":true,"href":"https:\/\/www.europesays.com\/fr\/wp-json\/wp\/v2\/categories?post=427231"},{"taxonomy":"post_tag","embeddable":true,"href":"https:\/\/www.europesays.com\/fr\/wp-json\/wp\/v2\/tags?post=427231"}],"curies":[{"name":"wp","href":"https:\/\/api.w.org\/{rel}","templated":true}]}}