{"id":427237,"date":"2025-09-29T23:28:15","date_gmt":"2025-09-29T23:28:15","guid":{"rendered":"https:\/\/www.europesays.com\/fr\/427237\/"},"modified":"2025-09-29T23:28:15","modified_gmt":"2025-09-29T23:28:15","slug":"lallemagne-va-envoyer-une-delegation-a-kaboul","status":"publish","type":"post","link":"https:\/\/www.europesays.com\/fr\/427237\/","title":{"rendered":"L&rsquo;Allemagne va envoyer une d\u00e9l\u00e9gation \u00e0 Kaboul"},"content":{"rendered":"<p class=\"mb-4 text-lg md:leading-8 break-words\">Faut-il ou non discuter avec les talibans, m\u00eame quand il s&rsquo;agit de <a href=\"https:\/\/fr.news.yahoo.com\/accord-dexpulsion-entre-lallemagne-talibans-111600897.html\" data-ylk=\"slk:renvoi de personnes en Afghanistan;elm:context_link;itc:0;sec:content-canvas;outcm:mb_qualified_link;_E:mb_qualified_link;ct:story;\" class=\"link  yahoo-link\" target=\"_blank\" rel=\"noopener\">renvoi de personnes en Afghanistan<\/a> ? Absolument pas, si l&rsquo;on en croit Marcel Emmerich.<\/p>\n<p class=\"mb-4 text-lg md:leading-8 break-words\">\u00ab\u00a0En concluant un accord avec les talibans, Alexander Dobrindt se rend d\u00e9pendant d&rsquo;une organisation islamiste et lui donne de l&rsquo;importance\u00a0\u00bb, estime le porte-parole des Verts pour la politique int\u00e9rieure.<\/p>\n<p class=\"mb-4 text-lg md:leading-8 break-words\">C&rsquo;est m\u00eame, selon lui, un camouflet pour tous ceux qui se sont battus pendant des ann\u00e9es pour la d\u00e9mocratie contre les talibans.<\/p>\n<p class=\"mb-4 text-lg md:leading-8 break-words\">M\u00eame son de cloche chez die Linke : \u00ab\u00a0Ceux qui n\u00e9gocient avec les talibans l\u00e9gitiment et banalisent les terroristes\u00a0\u00bb, a d\u00e9clar\u00e9 Clara B\u00fcnger, la vice-pr\u00e9sidente du groupe parlementaire du parti d&rsquo;extr\u00eame gauche au Bundestag, au quotidien \u00ab\u00a0Rheinische Post\u00a0\u00bb.<\/p>\n<p class=\"mb-4 text-lg md:leading-8 break-words\">L&rsquo;objectif des n\u00e9gociations serait \u00ab\u00a0de pr\u00e9parer des expulsions massives vers un pays o\u00f9 la torture, les ex\u00e9cutions publiques et les flagellations sont monnaie courante\u00a0\u00bb. Quiconque conclut de tels accords se rend \u201ccomplice\u00a0\u00bb de telles pratiques, a-t-elle ajout\u00e9.<\/p>\n<p class=\"mb-4 text-lg md:leading-8 break-words\">Selon le minist\u00e8re de l&rsquo;Int\u00e9rieur, des discussions \u00ab\u00a0au niveau des contacts techniques\u00a0\u00bb ont eu lieu au cours de ce mois de septembre avec des repr\u00e9sentants afghans \u00e0 Doha, la capitale du Qatar, au sujet de nouvelles expulsions.<\/p>\n<p class=\"mb-4 text-lg md:leading-8 break-words\">Le gouvernement f\u00e9d\u00e9ral a ensuite soulign\u00e9 qu&rsquo;il ne s&rsquo;agissait \u00ab\u00a0en aucun cas\u00a0\u00bb d&rsquo;une reconnaissance de facto du gouvernement taliban, largement condamn\u00e9 par la communaut\u00e9 internationale.<\/p>\n<p>107 personnes d\u00e9j\u00e0 expuls\u00e9es<\/p>\n<p class=\"mb-4 text-lg md:leading-8 break-words\">Il faut dire que <a href=\"https:\/\/fr.news.yahoo.com\/quatre-ans-pouvoir-taliban-afghanistan-171800573.html\" data-ylk=\"slk:depuis leur prise de pouvoir en 2021;elm:context_link;itc:0;sec:content-canvas;outcm:mb_qualified_link;_E:mb_qualified_link;ct:story;\" class=\"link  yahoo-link\" target=\"_blank\" rel=\"noopener\">depuis leur prise de pouvoir en 2021<\/a>, les talibans ont massivement restreint les droits des femmes et des filles en Afghanistan.<\/p>\n<p class=\"mb-4 text-lg md:leading-8 break-words\">Du c\u00f4t\u00e9 des conservateurs, cette d\u00e9cision d&rsquo;Alexander Dobrindt a \u00e9t\u00e9 largement salu\u00e9e : \u00ab\u00a0Les r\u00e9fugi\u00e9s qui commettent des d\u00e9lits ici doivent quitter le pays apr\u00e8s avoir purg\u00e9 leur peine. Cela vaut \u00e9galement pour les <a href=\"https:\/\/www.dw.com\/fr\/expulser-vers-la-syrie-malgr\u00e9-le-chaos-et-les-dangers\/a-70124299\" rel=\"nofollow noopener\" target=\"_blank\" data-ylk=\"slk:personnes originaires de Syrie;elm:context_link;itc:0;sec:content-canvas\" class=\"link \">personnes originaires de Syrie<\/a> et d&rsquo;Afghanistan\u00a0\u00bb, assure Alexander Throm, sp\u00e9cialiste des questions int\u00e9rieures au sein du groupe parlementaire des conservateurs au Bundestag.<\/p>\n<p class=\"mb-4 text-lg md:leading-8 break-words\">Selon lui, c&rsquo;est le seul moyen de \u00ab\u00a0continuer \u00e0 prot\u00e9ger <a href=\"https:\/\/www.dw.com\/fr\/l-allemagne-r\u00e9fl\u00e9chit-\u00e0-une-r\u00e9forme-de-sa-politique-d-asile\/a-69432245\" rel=\"nofollow noopener\" target=\"_blank\" data-ylk=\"slk:l&#039;acceptation de [notre[ syst\u00e8me d&#039;asile;elm:context_link;itc:0;sec:content-canvas\" class=\"link \">l&rsquo;acceptation de [notre[ syst\u00e8me d&rsquo;asile<\/a>\u00ab\u00a0.<\/p>\n<p class=\"mb-4 text-lg md:leading-8 break-words\">Depuis 2021 et l&rsquo;arriv\u00e9e des talibans au pouvoir en Afghanistan, l&rsquo;Allemagne a proc\u00e9d\u00e9, \u00e0 deux reprises, \u00e0 des expulsions vers Kaboul : en ao\u00fbt 2024, 28 criminels avaient \u00e9t\u00e9 renvoy\u00e9s en Afghanistan. La seconde fois a eu lieu en juillet dernier : cette fois-ci, ce sont 81 hommes qui, selon les informations fournies par les L\u00e4nder, avaient notamment \u00e9t\u00e9 condamn\u00e9s pour des homicides, des infractions sexuelles, des actes de violence et des infractions li\u00e9es \u00e0 la drogue.<\/p>\n<p class=\"mb-4 text-lg md:leading-8 break-words\">\u00c0 l&rsquo;avenir, Berlin souhaite renvoyer ces criminels par des lignes r\u00e9guli\u00e8res et ne plus affr\u00e9ter de vols sp\u00e9ciaux.<\/p>\n","protected":false},"excerpt":{"rendered":"Faut-il ou non discuter avec les talibans, m\u00eame quand il s&rsquo;agit de renvoi de personnes en Afghanistan ?&hellip;\n","protected":false},"author":2,"featured_media":427238,"comment_status":"","ping_status":"","sticky":false,"template":"","format":"standard","meta":{"footnotes":""},"categories":[1587],"tags":[11,598,672,55593,1804,1805,1803,1777,674,1801,1326,55591,55592,12,1802],"class_list":{"0":"post-427237","1":"post","2":"type-post","3":"status-publish","4":"format-standard","5":"has-post-thumbnail","7":"category-allemagne","8":"tag-actualites","9":"tag-afghanistan","10":"tag-allemagne","11":"tag-bundesministerium-des-innern","12":"tag-bundesrepublik-deutschland","13":"tag-de","14":"tag-deutschland","15":"tag-eu","16":"tag-europe","17":"tag-germany","18":"tag-gouvernement-federal","19":"tag-groupe-parlementaire","20":"tag-marcel-emmerich","21":"tag-news","22":"tag-republique-federale-dallemagne"},"share_on_mastodon":{"url":"https:\/\/pubeurope.com\/@fr\/115290184351348864","error":""},"_links":{"self":[{"href":"https:\/\/www.europesays.com\/fr\/wp-json\/wp\/v2\/posts\/427237","targetHints":{"allow":["GET"]}}],"collection":[{"href":"https:\/\/www.europesays.com\/fr\/wp-json\/wp\/v2\/posts"}],"about":[{"href":"https:\/\/www.europesays.com\/fr\/wp-json\/wp\/v2\/types\/post"}],"author":[{"embeddable":true,"href":"https:\/\/www.europesays.com\/fr\/wp-json\/wp\/v2\/users\/2"}],"replies":[{"embeddable":true,"href":"https:\/\/www.europesays.com\/fr\/wp-json\/wp\/v2\/comments?post=427237"}],"version-history":[{"count":0,"href":"https:\/\/www.europesays.com\/fr\/wp-json\/wp\/v2\/posts\/427237\/revisions"}],"wp:featuredmedia":[{"embeddable":true,"href":"https:\/\/www.europesays.com\/fr\/wp-json\/wp\/v2\/media\/427238"}],"wp:attachment":[{"href":"https:\/\/www.europesays.com\/fr\/wp-json\/wp\/v2\/media?parent=427237"}],"wp:term":[{"taxonomy":"category","embeddable":true,"href":"https:\/\/www.europesays.com\/fr\/wp-json\/wp\/v2\/categories?post=427237"},{"taxonomy":"post_tag","embeddable":true,"href":"https:\/\/www.europesays.com\/fr\/wp-json\/wp\/v2\/tags?post=427237"}],"curies":[{"name":"wp","href":"https:\/\/api.w.org\/{rel}","templated":true}]}}