{"id":427253,"date":"2025-09-29T23:40:21","date_gmt":"2025-09-29T23:40:21","guid":{"rendered":"https:\/\/www.europesays.com\/fr\/427253\/"},"modified":"2025-09-29T23:40:21","modified_gmt":"2025-09-29T23:40:21","slug":"hamilton-est-tout-simplement-un-enfant-gate-un-ancien-pilote-de-f1-demonte-le-septuple-champion-du-monde","status":"publish","type":"post","link":"https:\/\/www.europesays.com\/fr\/427253\/","title":{"rendered":"\u00ab\u00a0Hamilton est tout simplement un enfant g\u00e2t\u00e9\u00a0\u00bb, un ancien pilote de F1 d\u00e9monte le septuple champion du monde !"},"content":{"rendered":"<p>Un ancien pilote de Formule 1 n&rsquo;a pas manqu\u00e9 de s&rsquo;en prendre \u00e0 Lewis Hamilton. Alors que le pilote britannique vient de perdre son chien Roscoe, qui est d\u00e9c\u00e9d\u00e9 dimanche 28 septembre dans les bras du septuple champion du monde, Hamilton a \u00e9t\u00e9 d\u00e9mont\u00e9 par Marc Surer dans les m\u00e9dias. L&rsquo;ancien pilote de F1 s&rsquo;est confi\u00e9 au magazine autrichien Vollgas et il a \u00e9voqu\u00e9 les difficult\u00e9s du septuple champion du monde chez Ferrari depuis le d\u00e9but de saison. Mais il n&rsquo;a pas \u00e9t\u00e9 tendre du tout avec Hamilton, assurant que l&rsquo;ancien pilote de Mercedes est tout simplement un \u00ab\u00a0enfant g\u00e2t\u00e9\u00a0\u00bb.<\/p>\n<p>Surer d\u00e9monte Hamilton<\/p>\n<p>\u00ab\u00a0Je pensais qu\u2019il continuerait \u00e0 briller gr\u00e2ce \u00e0 son exp\u00e9rience. Mais ce n\u2019est pas le cas. Lewis Hamilton est tout simplement un enfant g\u00e2t\u00e9 qui a toujours pilot\u00e9 les meilleures F1. Si la voiture lui convient, il gagne facilement. Mais d\u00e8s qu\u2019il n\u2019a pas la voiture la plus rapide, il se met en difficult\u00e9. Il a d\u00e9j\u00e0 connu des moments difficiles aux c\u00f4t\u00e9s de George Russell ces deux derni\u00e8res ann\u00e9es. D\u00e9sormais chez Ferrari, il a en la personne de Charles Leclerc un co\u00e9quipier ultra-rapide\u00a0\u00bb, a d\u00e9clar\u00e9 l&rsquo;ancien pilote de F1, pas du tout tendre avec le Britannique, qui risque de peu go\u00fbt\u00e9 aux critiques de Surer&#8230;<\/p>\n<p>   Partagez cette info avec vos amis et vos proches en cliquant ici<br \/> Pour r\u00e9sumer<\/p>\n<p>Un ancien pilote de Formule 1 n&rsquo;a pas manqu\u00e9 de s&rsquo;en prendre \u00e0 Lewis Hamilton. Alors que le pilote britannique vient de perdre son chien Roscoe, qui est d\u00e9c\u00e9d\u00e9 dimanche 28 septembre dans les bras du septuple champion du monde, Hamilton a \u00e9t\u00e9 d\u00e9mont\u00e9 par Marc Surer dans les m\u00e9dias<\/p>\n<p>R\u00e9dacteur<\/p>\n<p><img decoding=\"async\" width=\"76\" height=\"76\" loading=\"lazy\" src=\"https:\/\/www.europesays.com\/fr\/wp-content\/uploads\/2025\/06\/logo-victor-willems.jpg\" alt=\"Victor Willems\"\/><\/p>\n","protected":false},"excerpt":{"rendered":"Un ancien pilote de Formule 1 n&rsquo;a pas manqu\u00e9 de s&rsquo;en prendre \u00e0 Lewis Hamilton. Alors que le&hellip;\n","protected":false},"author":2,"featured_media":427254,"comment_status":"","ping_status":"","sticky":false,"template":"","format":"standard","meta":{"footnotes":""},"categories":[1412],"tags":[1451,1452,1453,1454,1455,1011,27,60],"class_list":{"0":"post-427253","1":"post","2":"type-post","3":"status-publish","4":"format-standard","5":"has-post-thumbnail","7":"category-f1","8":"tag-f1","9":"tag-formula-1","10":"tag-formula1","11":"tag-formule-1","12":"tag-formule1","13":"tag-fr","14":"tag-france","15":"tag-sports"},"share_on_mastodon":{"url":"https:\/\/pubeurope.com\/@fr\/115290231583349913","error":""},"_links":{"self":[{"href":"https:\/\/www.europesays.com\/fr\/wp-json\/wp\/v2\/posts\/427253","targetHints":{"allow":["GET"]}}],"collection":[{"href":"https:\/\/www.europesays.com\/fr\/wp-json\/wp\/v2\/posts"}],"about":[{"href":"https:\/\/www.europesays.com\/fr\/wp-json\/wp\/v2\/types\/post"}],"author":[{"embeddable":true,"href":"https:\/\/www.europesays.com\/fr\/wp-json\/wp\/v2\/users\/2"}],"replies":[{"embeddable":true,"href":"https:\/\/www.europesays.com\/fr\/wp-json\/wp\/v2\/comments?post=427253"}],"version-history":[{"count":0,"href":"https:\/\/www.europesays.com\/fr\/wp-json\/wp\/v2\/posts\/427253\/revisions"}],"wp:featuredmedia":[{"embeddable":true,"href":"https:\/\/www.europesays.com\/fr\/wp-json\/wp\/v2\/media\/427254"}],"wp:attachment":[{"href":"https:\/\/www.europesays.com\/fr\/wp-json\/wp\/v2\/media?parent=427253"}],"wp:term":[{"taxonomy":"category","embeddable":true,"href":"https:\/\/www.europesays.com\/fr\/wp-json\/wp\/v2\/categories?post=427253"},{"taxonomy":"post_tag","embeddable":true,"href":"https:\/\/www.europesays.com\/fr\/wp-json\/wp\/v2\/tags?post=427253"}],"curies":[{"name":"wp","href":"https:\/\/api.w.org\/{rel}","templated":true}]}}