{"id":427275,"date":"2025-09-29T23:52:30","date_gmt":"2025-09-29T23:52:30","guid":{"rendered":"https:\/\/www.europesays.com\/fr\/427275\/"},"modified":"2025-09-29T23:52:30","modified_gmt":"2025-09-29T23:52:30","slug":"un-iphone-17-avec-un-ecran-inedit-et-pratique","status":"publish","type":"post","link":"https:\/\/www.europesays.com\/fr\/427275\/","title":{"rendered":"un iPhone 17 avec un \u00e9cran in\u00e9dit (et pratique)"},"content":{"rendered":"<p>On a pu prendre en main le tout nouveau smartphone de Xiaomi, le 17 Pro. Quelques dizaines de minutes pass\u00e9es avec le nouveau haut de gamme de la marque chinoise pour se faire un premier avis.<\/p>\n<p><a target=\"_blank\" href=\"https:\/\/images.frandroid.com\/wp-content\/uploads\/2025\/09\/img-2267-watermarked.jpeg\" class=\"article-content__figure\" rel=\"nofollow noopener\"><img fetchpriority=\"high\" decoding=\"async\" loading=\"eager\" width=\"1200\" height=\"900\" src=\"https:\/\/www.europesays.com\/fr\/wp-content\/uploads\/2025\/09\/img-2267-watermarked.jpeg\" alt=\"\" class=\"wp-image-2811937 wp-image wp-image\"  \/><\/a>Xiaomi 17 Pro \/\/ Source : Vincent Serg\u00e8re pour Frandroid<\/p>\n<p>C\u2019est \u00e0 P\u00e9kin, lors d\u2019un bref moment de prise en main, que j\u2019ai pu d\u00e9couvrir le nouveau <a href=\"https:\/\/www.frandroid.com\/marques\/xiaomi\/2808251_xiaomi-devoile-ses-17-pro-et-17-pro-max-des-tueurs-diphone-venus-de-chine\" rel=\"nofollow noopener\" target=\"_blank\">Xiaomi 17 Pro<\/a>. Et le moins que l\u2019on puisse dire, c\u2019est que la marque chinoise semble d\u00e9cid\u00e9e \u00e0 monter encore d\u2019un cran dans sa qu\u00eate de cr\u00e9dibilit\u00e9 premium.<\/p>\n<p>Le smartphone assume une inspiration Apple de plus en plus flagrante, jusqu\u2019\u00e0 son nom, son design et son matraquage marketing qui \u00e9voquent directement l\u2019iPhone 17 Pro. Xiaomi ne s\u2019en cache m\u00eame plus, allant jusqu\u2019\u00e0 sauter la version 16 pour se caler sur la num\u00e9rotation de son concurrent californien.<\/p>\n<p><a target=\"_blank\" href=\"https:\/\/images.frandroid.com\/wp-content\/uploads\/2025\/09\/xiaomi-17-pro-00011.jpeg\" class=\"article-content__figure\" rel=\"nofollow noopener\"><img loading=\"lazy\" decoding=\"async\" width=\"1200\" height=\"800\" src=\"https:\/\/www.europesays.com\/fr\/wp-content\/uploads\/2025\/09\/xiaomi-17-pro-00011-1200x800.jpeg\" alt=\"\" class=\"wp-image-2811801 wp-image\"  \/><\/a>Xiaomi 17 Pro<\/p>\n<p>Mais au-del\u00e0 de l\u2019apparence, que vaut vraiment ce 17 Pro entre les mains ? Voici mes premi\u00e8res impressions.<\/p>\n<p>Design : du d\u00e9j\u00e0-vu tr\u00e8s bien ex\u00e9cut\u00e9<\/p>\n<p>D\u00e8s la premi\u00e8re prise en main, le Xiaomi 17 Pro m\u2019a frapp\u00e9 par son design tr\u00e8s proche de l\u2019<a href=\"https:\/\/www.frandroid.com\/produits\/smartphones\/apple\/2788411-apple-iphone-17\" rel=\"nofollow noopener\" target=\"_blank\">iPhone 17 Pro<\/a>. Les lignes sont sobres, les angles l\u00e9g\u00e8rement adoucis, et le bloc photo s\u2019int\u00e8gre proprement dans une coque en aluminium qui respire la ma\u00eetrise industrielle.<\/p>\n<p><a target=\"_blank\" href=\"https:\/\/images.frandroid.com\/wp-content\/uploads\/2025\/09\/img-2117-watermarked.jpeg\" class=\"article-content__figure\" rel=\"nofollow noopener\"><img loading=\"lazy\" decoding=\"async\" width=\"1200\" height=\"900\" src=\"https:\/\/www.europesays.com\/fr\/wp-content\/uploads\/2025\/09\/img-2117-watermarked-1200x900.jpeg\" alt=\"\" class=\"wp-image-2811845 wp-image\"  \/><\/a>Xiaomi 17 Pro \/\/ Source : Vincent Serg\u00e8re pour Frandroid<\/p>\n<p>Le format reste contenu, avec des dimensions de 151,1 x 71,8 x 8,0 mm pour un poids de 192 g, ce qui le rend tr\u00e8s agr\u00e9able \u00e0 tenir. Le rev\u00eatement arri\u00e8re offre une excellente adh\u00e9rence sans sacrifier l\u2019\u00e9l\u00e9gance. De nombreuses coques officielles tr\u00e8s r\u00e9ussies visuellement viendront prot\u00e9ger le joyau.<\/p>\n<p>Mais la vraie surprise se trouve \u00e0 l\u2019arri\u00e8re : Xiaomi a int\u00e9gr\u00e9 un second \u00e9cran AMOLED, discret, mais fonctionnel, dans la partie haute du dos, comme sur les <a href=\"https:\/\/www.frandroid.com\/marques\/xiaomi\/2710939_mix-flip-2-xiaomi-vise-samsung-avec-une-batterie-record-et-un-prix-agressif\" rel=\"nofollow noopener\" target=\"_blank\">Mix Flip<\/a> de la marque. Une originalit\u00e9 qui n\u2019est pas l\u00e0 que pour le style comme nous allons le voir.<\/p>\n<p>Affichage : lumineux devant, malin derri\u00e8re<\/p>\n<p>L\u2019\u00e9cran principal est un AMOLED LTPO de 6,3 pouces, avec un taux de rafra\u00eechissement adaptatif de 1 \u00e0 120 Hz et une luminosit\u00e9 de cr\u00eate annonc\u00e9e \u00e0 3 500 nits.<\/p>\n<p><a target=\"_blank\" href=\"https:\/\/images.frandroid.com\/wp-content\/uploads\/2025\/09\/xiaomi-17-pro-00007.jpeg\" class=\"article-content__figure\" rel=\"nofollow noopener\"><img loading=\"lazy\" decoding=\"async\" width=\"1200\" height=\"800\" src=\"https:\/\/www.europesays.com\/fr\/wp-content\/uploads\/2025\/09\/xiaomi-17-pro-00007-1200x800.jpeg\" alt=\"\" class=\"wp-image-2811793 wp-image\"  \/><\/a>Xiaomi 17 Pro<\/p>\n<p>Dans la pratique, l\u2019affichage m\u2019a paru extr\u00eamement lumineux, parfaitement lisible en plein soleil p\u00e9kinois. Les contrastes sont nets, les couleurs bien calibr\u00e9es, et la fluidit\u00e9 d\u00e9j\u00e0 tr\u00e8s convaincante pour un usage du quotidien.<\/p>\n<p><a target=\"_blank\" href=\"https:\/\/images.frandroid.com\/wp-content\/uploads\/2025\/09\/img-2127-watermarked.jpeg\" class=\"article-content__figure\" rel=\"nofollow noopener\"><img loading=\"lazy\" decoding=\"async\" width=\"1200\" height=\"900\" src=\"https:\/\/www.europesays.com\/fr\/wp-content\/uploads\/2025\/09\/img-2127-watermarked-1200x900.jpeg\" alt=\"\" class=\"wp-image-2811841 wp-image\"  \/><\/a>Xiaomi 17 Pro \/\/ Source : Vincent Serg\u00e8re pour Frandroid<\/p>\n<p>Mais c\u2019est l\u2019\u00e9cran secondaire \u00e0 l\u2019arri\u00e8re qui attise la curiosit\u00e9. J\u2019ai pu l\u2019utiliser pour jouer \u00e0 Angry Birds avec une coque-manette adapt\u00e9e : l\u2019exp\u00e9rience \u00e9tait amusante, un brin nostalgique, m\u00eame si l\u2019\u00e9cran reste un peu petit pour des sessions prolong\u00e9es. Il rappelle presque une Game Boy miniaturis\u00e9e.<\/p>\n<p>Ce second \u00e9cran permet aussi d\u2019afficher l\u2019heure, des notifications, une capture d\u2019\u00e9cran pr\u00e9cise (comme un texte \u00e0 lire, un itin\u00e9raire, un script pour une vid\u00e9o, etc.) ou un billet de train ou d\u2019avion. Un usage hybride qui m\u2019a sembl\u00e9 \u00e0 la fois ludique et potentiellement tr\u00e8s utile.<\/p>\n<p><a target=\"_blank\" href=\"https:\/\/images.frandroid.com\/wp-content\/uploads\/2025\/09\/img-2094-watermarked.jpeg\" class=\"article-content__figure\" rel=\"nofollow noopener\"><img loading=\"lazy\" decoding=\"async\" width=\"1200\" height=\"900\" src=\"https:\/\/www.europesays.com\/fr\/wp-content\/uploads\/2025\/09\/img-2094-watermarked-1200x900.jpeg\" alt=\"\" class=\"wp-image-2811853 wp-image\"  \/><\/a>Xiaomi 17 Pro \/\/ Source : Vincent Serg\u00e8re pour Frandroid<\/p>\n<p>Mais, je me pose aussi la question de l\u2019utilit\u00e9 de ce petit \u00e9cran quand on peut simplement allumer l\u2019\u00e9cran principal pour prendre connaissance de ces informations. Peut-\u00eatre pour \u00e9conomiser la batterie, ou pour afficher des informations diff\u00e9rentes selon les \u00e9crans.<\/p>\n<p>L\u2019\u00e9cran arri\u00e8re sert aussi de viseur pour r\u00e9aliser des selfies avec les capteurs arri\u00e8re, bien plus qualitatifs que les cam\u00e9ras frontales habituelles. Une id\u00e9e astucieuse pour r\u00e9concilier qualit\u00e9 d\u2019image et cadrage pr\u00e9cis sur les photos de groupe \u00e0 main lev\u00e9e.<\/p>\n<p><a target=\"_blank\" href=\"https:\/\/images.frandroid.com\/wp-content\/uploads\/2025\/09\/img-2098-watermarked.jpeg\" class=\"article-content__figure\" rel=\"nofollow noopener\"><img loading=\"lazy\" decoding=\"async\" width=\"1200\" height=\"900\" src=\"https:\/\/www.europesays.com\/fr\/wp-content\/uploads\/2025\/09\/img-2098-watermarked-1200x900.jpeg\" alt=\"\" class=\"wp-image-2811849 wp-image\"  \/><\/a>Xiaomi 17 Pro \/\/ Source : Vincent Serg\u00e8re pour Frandroid<\/p>\n<p>Derni\u00e8re utilit\u00e9, qui parlera aux \u00ab\u00a0Instagram husbands\u00a0\u00bb : la possibilit\u00e9 \u00e0 la personne qui se fait photographier d\u2019avoir un retour visuel, et de pouvoir ajuster sa pose. Bon, dans la r\u00e9alit\u00e9, c\u2019est compliqu\u00e9 sauf si la photo se fait en x1 et que le sujet pris en photo n\u2019est donc pas trop loin du petit \u00e9cran.<\/p>\n<p>Une probl\u00e9matique qui pourrait s\u00fbrement \u00eatre r\u00e9gl\u00e9e en passant sur le Xiaomi 17 Pro Max, avec ses \u00e9crans plus grands. Notamment \u00e0 l\u2019arri\u00e8re, qui passe de 2,7 \u00e0 2,9 pouces.<\/p>\n<p>Logiciel : HyperOS en progression<\/p>\n<p>Le Xiaomi 17 Pro tourne sous Android 16 avec la surcouche maison HyperOS, ici en version 3.0.6.3. L\u00e0 encore, Xiaomi semble vouloir jouer la carte de l\u2019\u00e9pure : l\u2019interface est plus sobre que les premi\u00e8res versions parfois trop charg\u00e9es de MIUI.<\/p>\n<p><a target=\"_blank\" href=\"https:\/\/images.frandroid.com\/wp-content\/uploads\/2025\/09\/xiaomi-17-pro-00011.jpeg\" class=\"article-content__figure\" rel=\"nofollow noopener\"><img loading=\"lazy\" decoding=\"async\" width=\"1200\" height=\"800\" src=\"https:\/\/www.europesays.com\/fr\/wp-content\/uploads\/2025\/09\/xiaomi-17-pro-00011-1200x800.jpeg\" alt=\"\" class=\"wp-image-2811801 wp-image\"  \/><\/a>Xiaomi 17 Pro<\/p>\n<p>Cela dit, le changement peut d\u00e9router si l\u2019on vient d\u2019une autre marque : certains r\u00e9glages sont plac\u00e9s diff\u00e9remment, mais l\u2019ensemble reste fluide et bien pens\u00e9.<\/p>\n<p>Xiaomi promet ici une meilleure int\u00e9gration de ses services et un lien plus fort avec son \u00e9cosyst\u00e8me maison. Une affirmation surtout vraie en Chine, o\u00f9 Xiaomi vend de nombreux produits indisponibles en Europe, notamment dans l\u2019\u00e9lectrom\u00e9nager.<\/p>\n<p>Performances : \u00e0 confirmer<\/p>\n<p>La version que j\u2019ai manipul\u00e9e embarquait 16 Go de RAM et le tout nouveau <a href=\"https:\/\/www.frandroid.com\/marques\/realme\/2807267_jai-teste-le-nouveau-snapdragon-8-elite-gen-5-sur-un-prototype-realme-et-ca-decoiffe\" rel=\"nofollow noopener\" target=\"_blank\">Snapdragon 8 Gen 5 Elite<\/a>, grav\u00e9 en 3 nm et cadenc\u00e9 jusqu\u2019\u00e0 4,6 GHz sur son c\u0153ur principal. Autant dire que, sur le papier, c\u2019est une b\u00eate de course.<\/p>\n<p class=\"shortcode-container see-more\">\n    Pour aller plus loin<br \/><a href=\"https:\/\/www.frandroid.com\/marques\/realme\/2807267_jai-teste-le-nouveau-snapdragon-8-elite-gen-5-sur-un-prototype-realme-et-ca-decoiffe\" rel=\"nofollow noopener\" target=\"_blank\">[Exclusif] J\u2019ai test\u00e9 le nouveau Snapdragon 8 Elite Gen 5 sur un prototype Realme et \u00e7a d\u00e9coiffe !<\/a>\n            <\/p>\n<p>Je n\u2019ai malheureusement pas pu v\u00e9rifier ses performances sur des jeux gourmands ou du multit\u00e2che intensif, mais les premi\u00e8res interactions dans l\u2019interface \u00e9taient parfaitement fluides (et heureusement !). Reste \u00e0 voir si ce SoC t\u00eate d\u2019affiche tiendra toutes ses promesses en usage soutenu.<\/p>\n<p>Photo : Leica en renfort, comme une habitude<\/p>\n<p>La collaboration avec Leica continue, et \u00e7a se sent d\u00e8s les premiers clich\u00e9s. Le Xiaomi 17 Pro embarque un triple module de 50 MP : capteur principal Light Fusion 950L, ultra grand-angle et t\u00e9l\u00e9objectif x5, Leica s\u2019occupant des lentilles et aidant pour la conception des capteurs.<\/p>\n<p>Les photos que j\u2019ai pu capturer semblaient tr\u00e8s bien d\u00e9taill\u00e9es, avec une belle restitution des couleurs, sans exc\u00e8s de saturation.<\/p>\n<p><a target=\"_blank\" href=\"https:\/\/images.frandroid.com\/wp-content\/uploads\/2025\/09\/image-20250926164442-13-29.jpg\" class=\"article-content__figure\" rel=\"nofollow noopener\"><img loading=\"lazy\" decoding=\"async\" width=\"1200\" height=\"900\" src=\"https:\/\/www.europesays.com\/fr\/wp-content\/uploads\/2025\/09\/image-20250926164442-13-29-1200x900.jpg\" alt=\"\" class=\"wp-image-2811915 wp-image\"  \/><\/a>Photo prise au Xiaomi 17 Pro<\/p>\n<p>Encore une fois, difficile de juger sans test en basse lumi\u00e8re ou sur des sc\u00e8nes plus complexes, mais la premi\u00e8re impression est solide notamment avec son zoom x10 \u00ab\u00a0qualit\u00e9 optique\u00a0\u00bb comme dirait Apple. Dans la r\u00e9alit\u00e9, c\u2019est le t\u00e9l\u00e9objectif x5 qui va venir cropper une partie de l\u2019image pour doubler le zoom. Un genre de zoom num\u00e9rique, qui passe \u00e0 la sauce postproduction en temps r\u00e9el.<\/p>\n<p>\t\t\t\t\t\t<a href=\"https:\/\/images.frandroid.com\/wp-content\/uploads\/2025\/09\/image-20250926164519-20-29.jpg\" itemprop=\"url\" rel=\"nofollow noopener\" target=\"_blank\"><\/p>\n<p>\t\t\t\t\t\t\t<img decoding=\"async\" class=\"wp-image\" src=\"https:\/\/www.europesays.com\/fr\/wp-content\/uploads\/2025\/09\/image-20250926164519-20-29.jpg\"  width=\"460\" height=\"414\" loading=\"lazy\" data-original-width=\"460\" data-original-height=\"414\" itemprop=\"http:\/\/schema.org\/image\" title=\"Image_20250926164519_20_29\" alt=\"Image_20250926164519_20_29\" style=\"width: 460px; height: 414px;\"\/><br \/>\n\t\t\t\t\t\t<\/a><\/p>\n<p>\t\t\t\t\t\t<a href=\"https:\/\/images.frandroid.com\/wp-content\/uploads\/2025\/09\/image-20250926164520-21-29.jpg\" itemprop=\"url\" rel=\"nofollow noopener\" target=\"_blank\"><\/p>\n<p>\t\t\t\t\t\t\t<img decoding=\"async\" class=\"wp-image\" src=\"https:\/\/www.europesays.com\/fr\/wp-content\/uploads\/2025\/09\/image-20250926164520-21-29.jpg\"  width=\"460\" height=\"414\" loading=\"lazy\" data-original-width=\"460\" data-original-height=\"414\" itemprop=\"http:\/\/schema.org\/image\" title=\"Image_20250926164520_21_29\" alt=\"Image_20250926164520_21_29\" style=\"width: 460px; height: 414px;\"\/><br \/>\n\t\t\t\t\t\t<\/a><\/p>\n<p>Et l\u2019id\u00e9e d\u2019utiliser ces capteurs arri\u00e8re pour les selfies via l\u2019\u00e9cran secondaire am\u00e8ne une vraie plus-value qualitative.<\/p>\n<p>NDLR : nous attendons de recevoir d\u2019autres photos r\u00e9alis\u00e9es avec le Xiaomi 17 Pro, au format HD et sans le cadre rouge. Les photos int\u00e9gr\u00e9es ici ont \u00e9t\u00e9 compress\u00e9es via WeChat.<\/p>\n<p>Autonomie et recharge : \u00e0 tester<\/p>\n<p>L\u00e0 encore, je n\u2019ai pas eu le temps de v\u00e9rifier l\u2019autonomie en conditions r\u00e9elles. Mais Xiaomi annonce une batterie de 6 300 mAh, avec une recharge filaire 100 W et sans fil 50 W, plus la recharge invers\u00e9e. Sur le papier, c\u2019est tr\u00e8s robuste.<\/p>\n<p>On attendra de voir comment cela se traduit avec l\u2019\u00e9cran secondaire actif, le taux de rafra\u00eechissement adaptatif et les sollicitations du SoC.<\/p>\n<p>Prix et disponibilit\u00e9<\/p>\n<p>Le Xiaomi 17 Pro a \u00e9t\u00e9 lanc\u00e9 fin septembre en Chine \u00e0 partir de 4 999 yuans (environ 600 euros). Il sera bien \u00e9videmment vendu plus cher lorsqu\u2019il arrivera en Europe et en France, sans que l\u2019on ne connaisse son prix pour le moment.<\/p>\n<p>Il est disponible en plusieurs configurations allant jusqu\u2019\u00e0 1 To de stockage. La sortie europ\u00e9enne n\u2019a pas encore \u00e9t\u00e9 officialis\u00e9e, mais on peut s\u2019attendre \u00e0 une communication d\u2019ici le MWC 2026.<\/p>\n<p>Mon premier verdict<\/p>\n<p>Ce Xiaomi 17 Pro impressionne d\u00e8s les premiers instants. Sa finition, son double \u00e9cran, son orientation premium assum\u00e9e et son partenariat Leica font de lui un s\u00e9rieux concurrent dans l\u2019univers Android haut de gamme.<\/p>\n<p><a href=\"https:\/\/images.frandroid.com\/wp-content\/uploads\/2025\/09\/xiaomi-17-pro-00003.jpeg\" target=\"_blank\" class=\"article-content__figure\" rel=\"nofollow noopener\"><img loading=\"lazy\" decoding=\"async\" width=\"1200\" height=\"800\" src=\"https:\/\/www.europesays.com\/fr\/wp-content\/uploads\/2025\/09\/xiaomi-17-pro-00003-1200x800.jpeg\" alt=\"\" class=\"wp-image-2811785 wp-image\"  \/><\/a>Xiaomi 17 Pro<\/p>\n<p>Xiaomi ne cherche plus seulement \u00e0 suivre : il veut clairement imposer son propre tempo. Et avec ce 17 Pro, il pourrait bien y parvenir. Malheureusement, les mauvaises langues pourront toujours dire que Xiaomi se rapproche trop pr\u00e8s d\u2019Apple, notamment en termes de design et de marketing. Mais a priori, \u00e7a fonctionne bien.<\/p>\n","protected":false},"excerpt":{"rendered":"On a pu prendre en main le tout nouveau smartphone de Xiaomi, le 17 Pro. Quelques dizaines de&hellip;\n","protected":false},"author":2,"featured_media":427276,"comment_status":"","ping_status":"","sticky":false,"template":"","format":"standard","meta":{"footnotes":""},"categories":[7],"tags":[1011,27,43,40,41,39,42,44,53007,52683],"class_list":{"0":"post-427275","1":"post","2":"type-post","3":"status-publish","4":"format-standard","5":"has-post-thumbnail","7":"category-sciences-et-technologies","8":"tag-fr","9":"tag-france","10":"tag-science","11":"tag-science-and-technology","12":"tag-sciences","13":"tag-sciences-et-technologies","14":"tag-technologies","15":"tag-technology","16":"tag-xiaomi-17-pro","17":"tag-xiaomi-17-pro-max"},"share_on_mastodon":{"url":"https:\/\/pubeurope.com\/@fr\/115290279241812224","error":""},"_links":{"self":[{"href":"https:\/\/www.europesays.com\/fr\/wp-json\/wp\/v2\/posts\/427275","targetHints":{"allow":["GET"]}}],"collection":[{"href":"https:\/\/www.europesays.com\/fr\/wp-json\/wp\/v2\/posts"}],"about":[{"href":"https:\/\/www.europesays.com\/fr\/wp-json\/wp\/v2\/types\/post"}],"author":[{"embeddable":true,"href":"https:\/\/www.europesays.com\/fr\/wp-json\/wp\/v2\/users\/2"}],"replies":[{"embeddable":true,"href":"https:\/\/www.europesays.com\/fr\/wp-json\/wp\/v2\/comments?post=427275"}],"version-history":[{"count":0,"href":"https:\/\/www.europesays.com\/fr\/wp-json\/wp\/v2\/posts\/427275\/revisions"}],"wp:featuredmedia":[{"embeddable":true,"href":"https:\/\/www.europesays.com\/fr\/wp-json\/wp\/v2\/media\/427276"}],"wp:attachment":[{"href":"https:\/\/www.europesays.com\/fr\/wp-json\/wp\/v2\/media?parent=427275"}],"wp:term":[{"taxonomy":"category","embeddable":true,"href":"https:\/\/www.europesays.com\/fr\/wp-json\/wp\/v2\/categories?post=427275"},{"taxonomy":"post_tag","embeddable":true,"href":"https:\/\/www.europesays.com\/fr\/wp-json\/wp\/v2\/tags?post=427275"}],"curies":[{"name":"wp","href":"https:\/\/api.w.org\/{rel}","templated":true}]}}