{"id":427277,"date":"2025-09-29T23:53:11","date_gmt":"2025-09-29T23:53:11","guid":{"rendered":"https:\/\/www.europesays.com\/fr\/427277\/"},"modified":"2025-09-29T23:53:11","modified_gmt":"2025-09-29T23:53:11","slug":"les-etats-unis-se-dirigent-vers-une-paralysie-budgetaire-selon-le-vice-president-jd-vance","status":"publish","type":"post","link":"https:\/\/www.europesays.com\/fr\/427277\/","title":{"rendered":"Les \u00c9tats-Unis se dirigent vers une paralysie budg\u00e9taire, selon le vice-pr\u00e9sident JD Vance"},"content":{"rendered":"<p>Le vice-pr\u00e9sident am\u00e9ricain a affirm\u00e9 lundi que les \u00c9tats-Unis se dirigeaient vers une paralysie de l\u2019\u00c9tat f\u00e9d\u00e9ral, apr\u00e8s l\u2019\u00e9chec de n\u00e9gociations avec l\u2019opposition d\u00e9mocrate.<\/p>\n<p class=\"fig-paragraph\">Le vice-pr\u00e9sident am\u00e9ricain\u00a0<a href=\"https:\/\/www.lefigaro.fr\/tag\/j-d-vance\" target=\"_blank\" rel=\"sponsored noopener\" data-gtm-custom-categorie=\"navigation\" data-gtm-custom-action=\"crossclick\" data-gtm-custom-label=\"Contextuel\" data-gtm-event=\"customEventSPE\">JD Vance<\/a>\u00a0a affirm\u00e9 lundi que les \u00c9tats-Unis se dirigeaient vers une paralysie de l\u2019\u00c9tat f\u00e9d\u00e9ral, apr\u00e8s l\u2019\u00e9chec de n\u00e9gociations avec l\u2019opposition d\u00e9mocrate et alors que la date limite de mardi soir s\u2019approche inexorablement.<\/p>\n<p class=\"fig-paragraph\">\u00c0 l\u2019issue d\u2019une rencontre \u00e0 la Maison-Blanche entre Donald Trump et des chefs d\u00e9mocrates au Congr\u00e8s, le N.2 de l\u2019ex\u00e9cutif am\u00e9ricain a d\u00e9nonc\u00e9 devant la presse le fait que selon lui les d\u00e9mocrates mettaient \u00abun pistolet sur la tempe des Am\u00e9ricains\u00bb avec leurs demandes pour \u00e9viter un \u00abshutdown\u00bb.<\/p>\n<p class=\"fig-body-link\">\n            \u00c0 lire aussi<br \/>\n        <a class=\"fig-body-link__link fig-premium-mark\" href=\"http:\/\/www.lefigaro.fr\/conjoncture\/derniere-chance-pour-eviter-un-shutdown-aux-etats-unis-20250929\" target=\"_blank\" data-fig-type=\"Article\" rel=\"noopener\" data-gtm-custom-categorie=\"navigation\" data-gtm-custom-action=\"crossclick\" data-gtm-custom-label=\"Contextuel\" data-gtm-event=\"customEventSPE\" data-fig-domain=\"LEFIGARO\">Derni\u00e8re chance pour \u00e9viter un \u00abshutdown\u00bb aux \u00c9tats-Unis<br \/>\n    <\/a>\n<\/p>\n<p>                                    <a class=\"fig-a11y-skip a11y-hidden\" href=\"#fig-a11y-skip-main-inarticle\"><br \/>\n        Passer la publicit\u00e9<br \/>\n    <\/a><\/p>\n<p class=\"fig-paragraph\">\u00abIls viennent ici pour dire\u00a0: \u201cSi vous ne nous donnez pas tout ce que nous voulons, nous allons mettre l\u2019\u00c9tat \u00e0 l\u2019arr\u00eat\u201d\u00bb, a affirm\u00e9 le vice-pr\u00e9sident r\u00e9publicain \u00e0 la presse \u00e0 propos des deux principaux chefs d\u00e9mocrates au Congr\u00e8s, Chuck Schumer et Hakeem Jeffries, re\u00e7us par le pr\u00e9sident Donald Trump dans l\u2019apr\u00e8s-midi. \u00abNous estimons que c\u2019est grotesque, nous estimons que c\u2019est totalement inacceptable\u00bb, a martel\u00e9 JD Vance, ajoutant que les d\u00e9mocrates mettaient \u00abun pistolet sur la tempe des Am\u00e9ricains\u00bb avec leurs positions.<\/p>\n<p>\u00abDiff\u00e9rences significatives\u00bb<\/p>\n<p class=\"fig-paragraph\">Avant cela, le chef de la minorit\u00e9 d\u00e9mocrate \u00e0 la Chambre des repr\u00e9sentants, Hakeem Jeffries, avait d\u00e9clar\u00e9 que des \u00abdiff\u00e9rences consid\u00e9rables et significatives\u00bb demeuraient entre les deux camps pour \u00e9viter une paralysie de l\u2019\u00c9tat f\u00e9d\u00e9ral. Car \u00e0 minuit dans la nuit de mardi \u00e0 mercredi, sans adoption d\u2019un texte budg\u00e9taire m\u00eame temporaire, les \u00c9tats-Unis se trouveront en situation de \u00abshutdown\u00bb, avec pour cons\u00e9quence la mise \u00e0 l\u2019arr\u00eat de la plupart des services f\u00e9d\u00e9raux.<\/p>\n<p class=\"fig-paragraph\">Des centaines de milliers de fonctionnaires seront alors au ch\u00f4mage technique, le trafic a\u00e9rien pourrait \u00eatre affect\u00e9, tandis que le versement de nombreuses aides sociales devrait \u00eatre fortement perturb\u00e9.<\/p>\n<p class=\"fig-paragraph\">Une situation tr\u00e8s impopulaire donc, que d\u00e9mocrates comme r\u00e9publicains tentent traditionnellement d\u2019\u00e9viter tout en rejetant la responsabilit\u00e9 sur le camp rival. D\u2019autant plus dans la perspective des \u00e9lections l\u00e9gislatives de mi-mandat en novembre 2026, lors de laquelle la majorit\u00e9 pr\u00e9sidentielle au Congr\u00e8s sera remise en question.<\/p>\n<p>R\u00e9tablissement de l\u2019\u00abObamacare\u00bb<\/p>\n<p class=\"fig-paragraph\">\u00c0 un peu plus de 24 heures de la date limite, chacun campe cependant dans ses retranchements. D\u2019un c\u00f4t\u00e9, les r\u00e9publicains proposent une extension du budget actuel jusque fin novembre. De l\u2019autre, les d\u00e9mocrates veulent obtenir le r\u00e9tablissement de centaines de milliards de dollars en d\u00e9penses de sant\u00e9, notamment dans le programme d\u2019assurance sant\u00e9 \u00abObamacare\u00bb pour les m\u00e9nages des classes populaires, que l\u2019administration Trump a pr\u00e9vu de supprimer avec sa \u00abgrande et belle loi\u00bb budg\u00e9taire adopt\u00e9e en juillet.<\/p>\n<p>                                    <a class=\"fig-a11y-skip a11y-hidden\" href=\"#fig-a11y-skip-main-inarticle_mtf\"><br \/>\n        Passer la publicit\u00e9<br \/>\n    <\/a><\/p>\n<p class=\"fig-paragraph\">Si les r\u00e9publicains disposent de la majorit\u00e9 aux deux chambres du Congr\u00e8s, le r\u00e8glement du S\u00e9nat fait qu\u2019un texte budg\u00e9taire devra \u00eatre adopt\u00e9 \u00e0 60 voix sur 100, n\u00e9cessitant donc sept voix d\u00e9mocrates. \u00abNous ne soutiendrons pas un projet de loi partisan des r\u00e9publicains qui continue d\u2019\u00e9visc\u00e9rer les soins de sant\u00e9 des Am\u00e9ricains ordinaires. Point \u00e0 la ligne\u00bb, a d\u00e9clar\u00e9 Hakeem Jeffries dans la foul\u00e9e de sa rencontre avec Donald Trump.<\/p>\n<p class=\"fig-paragraph\">Mais la Maison-Blanche semble ne pas vouloir c\u00e9der un pouce de terrain \u00e0 l\u2019opposition. Avant m\u00eame la rencontre, Donald Trump avait tanc\u00e9 les d\u00e9mocrates, affirmant que ceux-ci allaient \u00abdevoir faire quelques trucs, parce que leurs id\u00e9es ne sont pas tr\u00e8s bonnes\u00bb. Et pour tenter de les faire plier, le directeur du Bureau du budget \u00e0 la Maison-Blanche, Russell Vought, a r\u00e9cemment brandi la menace de rendre permanente la r\u00e9duction des effectifs de fonctionnaires qui seraient mis au ch\u00f4mage technique lors du \u00abshutdown\u00bb.<\/p>\n<p>\u00abNous ne laisserons pas intimider\u00bb<\/p>\n<p class=\"fig-paragraph\">Hakeem Jeffries avait dans la foul\u00e9e qualifi\u00e9 Russell Vought de \u00abpoliticard malfaisant\u00bb et d\u00e9clar\u00e9 sur X\u00a0: \u00abNous ne nous laisserons pas intimider\u00bb.<\/p>\n<p class=\"fig-paragraph\">En mars, alors que la menace d\u2019un \u00abshutdown\u00bb planait d\u00e9j\u00e0, les r\u00e9publicains avaient refus\u00e9 d\u2019engager le dialogue sur les \u00e9normes coupes budg\u00e9taires et le licenciement de milliers de fonctionnaires. Dix s\u00e9nateurs d\u00e9mocrates, dont Chuck Schumer, avaient alors d\u00e9cid\u00e9 \u00e0 contrec\u0153ur de voter pour le texte des r\u00e9publicains, afin d\u2019\u00e9viter la paralysie f\u00e9d\u00e9rale.<\/p>\n<p class=\"fig-paragraph\">Leur choix avait provoqu\u00e9 de vifs remous dans le camp d\u00e9mocrate, de nombreux militants et sympathisants les accusant de plier face \u00e0 Donald Trump et son programme jug\u00e9 radical. Cette fois-ci, le s\u00e9nateur septuag\u00e9naire semble bien d\u00e9cid\u00e9 \u00e0 engager la confrontation avec le pr\u00e9sident r\u00e9publicain.<\/p>\n","protected":false},"excerpt":{"rendered":"Le vice-pr\u00e9sident am\u00e9ricain a affirm\u00e9 lundi que les \u00c9tats-Unis se dirigeaient vers une paralysie de l\u2019\u00c9tat f\u00e9d\u00e9ral, apr\u00e8s&hellip;\n","protected":false},"author":2,"featured_media":427278,"comment_status":"","ping_status":"","sticky":false,"template":"","format":"standard","meta":{"footnotes":""},"categories":[6],"tags":[55322,35,33,34,73,1011,27,79],"class_list":{"0":"post-427277","1":"post","2":"type-post","3":"status-publish","4":"format-standard","5":"has-post-thumbnail","7":"category-economie","8":"tag-shutdown","9":"tag-business","10":"tag-economie","11":"tag-economy","12":"tag-etats-unis","13":"tag-fr","14":"tag-france","15":"tag-j-d-vance"},"share_on_mastodon":{"url":"https:\/\/pubeurope.com\/@fr\/115290282825886991","error":""},"_links":{"self":[{"href":"https:\/\/www.europesays.com\/fr\/wp-json\/wp\/v2\/posts\/427277","targetHints":{"allow":["GET"]}}],"collection":[{"href":"https:\/\/www.europesays.com\/fr\/wp-json\/wp\/v2\/posts"}],"about":[{"href":"https:\/\/www.europesays.com\/fr\/wp-json\/wp\/v2\/types\/post"}],"author":[{"embeddable":true,"href":"https:\/\/www.europesays.com\/fr\/wp-json\/wp\/v2\/users\/2"}],"replies":[{"embeddable":true,"href":"https:\/\/www.europesays.com\/fr\/wp-json\/wp\/v2\/comments?post=427277"}],"version-history":[{"count":0,"href":"https:\/\/www.europesays.com\/fr\/wp-json\/wp\/v2\/posts\/427277\/revisions"}],"wp:featuredmedia":[{"embeddable":true,"href":"https:\/\/www.europesays.com\/fr\/wp-json\/wp\/v2\/media\/427278"}],"wp:attachment":[{"href":"https:\/\/www.europesays.com\/fr\/wp-json\/wp\/v2\/media?parent=427277"}],"wp:term":[{"taxonomy":"category","embeddable":true,"href":"https:\/\/www.europesays.com\/fr\/wp-json\/wp\/v2\/categories?post=427277"},{"taxonomy":"post_tag","embeddable":true,"href":"https:\/\/www.europesays.com\/fr\/wp-json\/wp\/v2\/tags?post=427277"}],"curies":[{"name":"wp","href":"https:\/\/api.w.org\/{rel}","templated":true}]}}