{"id":427292,"date":"2025-09-30T00:01:17","date_gmt":"2025-09-30T00:01:17","guid":{"rendered":"https:\/\/www.europesays.com\/fr\/427292\/"},"modified":"2025-09-30T00:01:17","modified_gmt":"2025-09-30T00:01:17","slug":"julia-peironet-bremond-ouvre-sa-permanence-et-lance-sa-campagne-pour-la-garde","status":"publish","type":"post","link":"https:\/\/www.europesays.com\/fr\/427292\/","title":{"rendered":"Julia Peironet-Br\u00e9mond ouvre sa permanence et lance sa campagne pour La Garde"},"content":{"rendered":"<p class=\"fs-5 \">C\u2019est au 4, rue Raspail et en plein jour de march\u00e9, samedi, que la cheffe de l\u2019opposition, Julia Peironet-Br\u00e9mond, t\u00eate de la liste Unis pour La Garde, a ouvert sa permanence de campagne en vue des \u00e9lections municipales de mars prochain.<\/p>\n<p>            <img decoding=\"async\" src=\"https:\/\/www.europesays.com\/fr\/wp-content\/uploads\/2025\/09\/1759190476_524_b43c960_ftp-import-images-1-x7yyo2twf5yq-20250926nim0225.jpg\" loading=\"lazy\" alt=\"Michel Bonnus au pupitre devant des centaines de Toulonnais.\" class=\"img-fluid position-absolute w-100 object-fit-coverrounded-2\" width=\"600\" height=\"400\"\/><\/p>\n<p class=\"fs-5 \">Le public a envahi la petite place se trouvant devant le local et c\u2019est en ext\u00e9rieur que la candidate s\u2019est exprim\u00e9e, micro en mains. Dans la foule, on remarquait notamment la pr\u00e9sence de C\u00e9cile Muschotti, conseill\u00e8re municipale de Toulon et ex-d\u00e9put\u00e9e macroniste.<\/p>\n<p class=\"fs-5 \">\u00ab\u00a0Ici, ce sera un lieu de rencontres pour changer La Garde, pour gagner et reprendre en mains notre ville\u00a0!\u00a0\u00bb, a-t-elle d\u00e9clar\u00e9.<\/p>\n<p>            <img decoding=\"async\" src=\"https:\/\/www.europesays.com\/fr\/wp-content\/uploads\/2025\/09\/521bf86_upload-from-url-1-8sjwsnezqain-data-art-16324602.jpg\" loading=\"lazy\" alt=\"St\u00e9phane Sacco (Gauche r\u00e9publicaine et socialiste, ci-dessus) a annonc\u00e9 vouloir conduire la liste unitaire, que le chef de file du PS, Olivier Andrau, souhaite \u00e9galement mener.\" class=\"img-fluid position-absolute w-100 object-fit-coverrounded-2\" width=\"600\" height=\"400\"\/><\/p>\n<p class=\"fs-5 \">\u00ab\u00a0Je salue la pr\u00e9sence de Jean-Claude Charlois, notre ancien maire. Vous me connaissez, je suis infirmi\u00e8re depuis plus de vingt ans et Gard\u00e9enne depuis toujours. Notre seule boussole, c\u2019est La Garde. Ce local, ce sera notre maison commune. Notre dynamique est bien r\u00e9elle\u00a0!\u00a0\u00bb<\/p>\n<p class=\"fs-5 \">Julia Peironet-Br\u00e9mond a esquiss\u00e9 quelques axes de campagne\u00a0: \u00ab\u00a0Je veux une ville qui prot\u00e8ge, en cr\u00e9ant une \u00e9quipe municipale de nuit par exemple. Je veux all\u00e9ger la pression fiscale. Je veux une ville qui respire. Pour \u00e7a, je sais que nous avons la force, nous avons l\u2019unit\u00e9, nous avons l\u2019envie.\u00a0\u00bb<\/p>\n","protected":false},"excerpt":{"rendered":"C\u2019est au 4, rue Raspail et en plein jour de march\u00e9, samedi, que la cheffe de l\u2019opposition, Julia&hellip;\n","protected":false},"author":2,"featured_media":427293,"comment_status":"","ping_status":"","sticky":false,"template":"","format":"standard","meta":{"footnotes":""},"categories":[9619],"tags":[1111,11,1777,674,1011,27,3434,12,882,25,2310],"class_list":{"0":"post-427292","1":"post","2":"type-post","3":"status-publish","4":"format-standard","5":"has-post-thumbnail","7":"category-toulon","8":"tag-actu","9":"tag-actualites","10":"tag-eu","11":"tag-europe","12":"tag-fr","13":"tag-france","14":"tag-municipales-2026","15":"tag-news","16":"tag-provence-alpes-cote-dazur","17":"tag-republique-francaise","18":"tag-toulon"},"share_on_mastodon":{"url":"https:\/\/pubeurope.com\/@fr\/115290314397088037","error":""},"_links":{"self":[{"href":"https:\/\/www.europesays.com\/fr\/wp-json\/wp\/v2\/posts\/427292","targetHints":{"allow":["GET"]}}],"collection":[{"href":"https:\/\/www.europesays.com\/fr\/wp-json\/wp\/v2\/posts"}],"about":[{"href":"https:\/\/www.europesays.com\/fr\/wp-json\/wp\/v2\/types\/post"}],"author":[{"embeddable":true,"href":"https:\/\/www.europesays.com\/fr\/wp-json\/wp\/v2\/users\/2"}],"replies":[{"embeddable":true,"href":"https:\/\/www.europesays.com\/fr\/wp-json\/wp\/v2\/comments?post=427292"}],"version-history":[{"count":0,"href":"https:\/\/www.europesays.com\/fr\/wp-json\/wp\/v2\/posts\/427292\/revisions"}],"wp:featuredmedia":[{"embeddable":true,"href":"https:\/\/www.europesays.com\/fr\/wp-json\/wp\/v2\/media\/427293"}],"wp:attachment":[{"href":"https:\/\/www.europesays.com\/fr\/wp-json\/wp\/v2\/media?parent=427292"}],"wp:term":[{"taxonomy":"category","embeddable":true,"href":"https:\/\/www.europesays.com\/fr\/wp-json\/wp\/v2\/categories?post=427292"},{"taxonomy":"post_tag","embeddable":true,"href":"https:\/\/www.europesays.com\/fr\/wp-json\/wp\/v2\/tags?post=427292"}],"curies":[{"name":"wp","href":"https:\/\/api.w.org\/{rel}","templated":true}]}}