{"id":427294,"date":"2025-09-30T00:02:33","date_gmt":"2025-09-30T00:02:33","guid":{"rendered":"https:\/\/www.europesays.com\/fr\/427294\/"},"modified":"2025-09-30T00:02:33","modified_gmt":"2025-09-30T00:02:33","slug":"top-14-on-a-ete-conquerants-joris-segonds-revient-sur-la-victoire-de-bayonne-et-sur-son-drop-decisif","status":"publish","type":"post","link":"https:\/\/www.europesays.com\/fr\/427294\/","title":{"rendered":"Top 14 :\u00a0\u00abOn a \u00e9t\u00e9 conqu\u00e9rants\u00bb, Joris Segonds revient sur la victoire de Bayonne et sur son drop d\u00e9cisif"},"content":{"rendered":"<p>Suite \u00e0 la victoire in extremis de Bayonne contre Toulon (35-32), l\u2019ouvreur de l\u2019Aviron Joris Segonds auteur du drop d\u00e9cisif et l\u2019entra\u00eeneur de Toulon Pierre Mignoni se sont exprim\u00e9s.<\/p>\n<p class=\"fig-paragraph\">D\u00e9clarations apr\u00e8s la victoire de\u00a0<a href=\"http:\/\/www.lefigaro.fr\/sports\/rugby\/bayonne-toulon-joris-segonds-heroique-baptiste-serin-decisif-ben-white-fautif-les-tops-et-flops-20250928\" target=\"_blank\" data-fig-type=\"NewsFlash\" rel=\"nofollow noopener\" data-gtm-custom-categorie=\"navigation\" data-gtm-custom-action=\"crossclick\" data-gtm-custom-label=\"Contextuel\" data-gtm-event=\"customEventSPE\" data-fig-domain=\"LEFIGARO\">Bayonne face \u00e0 Toulon<\/a>\u00a0(35-32) en match de cl\u00f4ture de la 4e journ\u00e9e du\u00a0<a href=\"http:\/\/www.lefigaro.fr\/sports\/rugby\/top-14\/top-14-toulouse-se-remet-la-tete-a-l-endroit-en-marchant-sur-castres-son-voisin-20250927\" target=\"_blank\" data-fig-type=\"NewsFlash\" rel=\"nofollow noopener\" data-gtm-custom-categorie=\"navigation\" data-gtm-custom-action=\"crossclick\" data-gtm-custom-label=\"Contextuel\" data-gtm-event=\"customEventSPE\" data-fig-domain=\"LEFIGARO\">Top 14<\/a>.<\/p>\n<p class=\"fig-paragraph\">Joris Segonds (ouvreur de Bayonne, auteur du drop de la victoire): \u00abD\u00e9j\u00e0 soulag\u00e9 de continuer cette invincibilit\u00e9. Tout le monde en parle, nous on n&rsquo;a pas envie de s&rsquo;\u00e9crouler \u00e0 la maison, tout le monde veut venir gagner ici. On a deux grosses r\u00e9ceptions, Toulon et Toulouse. On s&rsquo;est rassur\u00e9 dans le jeu, les trois matches pr\u00e9c\u00e9dents \u00e9taient plut\u00f4t assez brouillons et l\u00e0 on a retrouv\u00e9 le Bayonne de la saison derni\u00e8re en premi\u00e8re mi-temps. Devant, on a \u00e9t\u00e9 conqu\u00e9rants, on a montr\u00e9 un sacr\u00e9 visage. C&rsquo;est de bon augure pour la suite, il faut s&rsquo;appuyer dessus. (parlant de son drop) Aujourd&rsquo;hui, c&rsquo;est toujours plus facile quand \u00e7a passe d&rsquo;\u00eatre le patron. J&rsquo;ai eu la chance aujourd&rsquo;hui mais il y a des fois o\u00f9 il passe \u00e0 c\u00f4t\u00e9. Ce soir, tout est beau, tout est rose, on a gagn\u00e9, c&rsquo;est le plus important.\u00bb<\/p>\n<p class=\"fig-body-link\">\n            \u00c0 lire aussi<br \/>\n        <a class=\"fig-body-link__link\" href=\"http:\/\/www.lefigaro.fr\/sports\/rugby\/rugby-le-chili-qualifie-pour-le-mondial-2027-masculin-en-australie-20250927\" target=\"_blank\" data-fig-type=\"NewsFlash\" rel=\"nofollow noopener\" data-gtm-custom-categorie=\"navigation\" data-gtm-custom-action=\"crossclick\" data-gtm-custom-label=\"Contextuel\" data-gtm-event=\"customEventSPE\" data-fig-domain=\"LEFIGARO\">Rugby: le Chili qualifi\u00e9 pour le Mondial 2027 masculin en Australie<br \/>\n    <\/a>\n<\/p>\n<p>                                    <a class=\"fig-a11y-skip a11y-hidden\" href=\"#fig-a11y-skip-main-inarticle\"><br \/>\n        Passer la publicit\u00e9<br \/>\n    <\/a><\/p>\n<p class=\"fig-paragraph\">Pierre Mignoni (manager de Toulon)\u00a0: \u00abOn est parti de trop loin. Ce n&rsquo;est pas imm\u00e9rit\u00e9 que Bayonne gagne. On \u00e9tait l\u00e0 pour faire un braquage. En premi\u00e8re mi-temps, on n&rsquo;\u00e9tait pas \u00e0 la hauteur, c&rsquo;\u00e9tait fade. Il y a des regrets \u00e0 ce niveau-l\u00e0. Je suis d\u00e9\u00e7u de cette premi\u00e8re mi-temps. (sur le point du bonus d\u00e9fensif) Tous les points sont importants, je le prends, mais j&rsquo;aurais pr\u00e9f\u00e9r\u00e9 un de plus ou trois de plus. On avait les moyens de les perturber encore plus.\u00bb<\/p>\n","protected":false},"excerpt":{"rendered":"Suite \u00e0 la victoire in extremis de Bayonne contre Toulon (35-32), l\u2019ouvreur de l\u2019Aviron Joris Segonds auteur du&hellip;\n","protected":false},"author":2,"featured_media":427295,"comment_status":"","ping_status":"","sticky":false,"template":"","format":"standard","meta":{"footnotes":""},"categories":[9619],"tags":[1111,11,4736,1777,674,1011,27,12,882,8177,25,2310],"class_list":{"0":"post-427294","1":"post","2":"type-post","3":"status-publish","4":"format-standard","5":"has-post-thumbnail","7":"category-toulon","8":"tag-actu","9":"tag-actualites","10":"tag-aviron-bayonnais","11":"tag-eu","12":"tag-europe","13":"tag-fr","14":"tag-france","15":"tag-news","16":"tag-provence-alpes-cote-dazur","17":"tag-rc-toulon","18":"tag-republique-francaise","19":"tag-toulon"},"share_on_mastodon":{"url":"https:\/\/pubeurope.com\/@fr\/115290318251691055","error":""},"_links":{"self":[{"href":"https:\/\/www.europesays.com\/fr\/wp-json\/wp\/v2\/posts\/427294","targetHints":{"allow":["GET"]}}],"collection":[{"href":"https:\/\/www.europesays.com\/fr\/wp-json\/wp\/v2\/posts"}],"about":[{"href":"https:\/\/www.europesays.com\/fr\/wp-json\/wp\/v2\/types\/post"}],"author":[{"embeddable":true,"href":"https:\/\/www.europesays.com\/fr\/wp-json\/wp\/v2\/users\/2"}],"replies":[{"embeddable":true,"href":"https:\/\/www.europesays.com\/fr\/wp-json\/wp\/v2\/comments?post=427294"}],"version-history":[{"count":0,"href":"https:\/\/www.europesays.com\/fr\/wp-json\/wp\/v2\/posts\/427294\/revisions"}],"wp:featuredmedia":[{"embeddable":true,"href":"https:\/\/www.europesays.com\/fr\/wp-json\/wp\/v2\/media\/427295"}],"wp:attachment":[{"href":"https:\/\/www.europesays.com\/fr\/wp-json\/wp\/v2\/media?parent=427294"}],"wp:term":[{"taxonomy":"category","embeddable":true,"href":"https:\/\/www.europesays.com\/fr\/wp-json\/wp\/v2\/categories?post=427294"},{"taxonomy":"post_tag","embeddable":true,"href":"https:\/\/www.europesays.com\/fr\/wp-json\/wp\/v2\/tags?post=427294"}],"curies":[{"name":"wp","href":"https:\/\/api.w.org\/{rel}","templated":true}]}}