{"id":427298,"date":"2025-09-30T00:04:11","date_gmt":"2025-09-30T00:04:11","guid":{"rendered":"https:\/\/www.europesays.com\/fr\/427298\/"},"modified":"2025-09-30T00:04:11","modified_gmt":"2025-09-30T00:04:11","slug":"previsions-du-mardi-30-septembre-2025-3","status":"publish","type":"post","link":"https:\/\/www.europesays.com\/fr\/427298\/","title":{"rendered":"pr\u00e9visions du mardi 30 septembre 2025"},"content":{"rendered":"<p class=\"mb-4 text-lg md:leading-8 break-words\"><strong>M\u00e9t\u00e9o &#8211; Cette journ\u00e9e rimera avec beau soleil. Les temp\u00e9ratures seront de 18\u00b0C le matin et de 22\u00b0C l&rsquo;apr\u00e8s-midi&#8230;<\/strong><\/p>\n<p class=\"mb-4 text-lg md:leading-8 break-words\">Un magnifique soleil brillera sur Montpellier, o\u00f9 la journ\u00e9e sera des plus agr\u00e9ables. Les temp\u00e9ratures afficheront entre 14 et 23\u00b0C. Il fera en moyenne 18\u00b0C, le matin. Une l\u00e9g\u00e8re brise de nord-ouest sera ressentie par les habitants. L&rsquo;apr\u00e8s-midi, c&rsquo;est une hausse de quelques degr\u00e9s que vont conna\u00eetre les temp\u00e9ratures. Les valeurs iront de 20 \u00e0 23\u00b0C. Le soir, le vent va peu \u00e0 peu chasser la grisaille. Une nuit claire vous attendra entre mardi et mercredi.<\/p>\n<p class=\"mb-4 text-lg md:leading-8 break-words\">Demain, les Montpelli\u00e9rains vont pouvoir b\u00e9n\u00e9ficier d&rsquo;un soleil radieux. Le mercure affichera 19\u00b0C en moyenne. Un vent de nord-ouest rafra\u00eechira un peu l&rsquo;atmosph\u00e8re. Il va faire 19\u00b0C en moyenne le matin. Un temps plus chaud est \u00e0 pr\u00e9voir demain apr\u00e8s-midi \u00e9tant donn\u00e9 que les temp\u00e9ratures vont enregistrer une augmentation. Les valeurs seront de 20\u00b0C au plus bas et de 24\u00b0C au plus haut.<\/p>\n<p class=\"mb-4 text-lg md:leading-8 break-words\">Les jours qui suivent s&rsquo;annoncent similaires. Des temp\u00e9ratures dans les 17\u00b0C iront de pair avec un ciel ensoleill\u00e9.<\/p>\n<p class=\"mb-4 text-lg md:leading-8 break-words\"><a href=\"https:\/\/www.20minutes.fr\/planete\/previsions-meteo\/4176056-20250930-meteo-montpellier-previsions-mardi-30-septembre-2025?at_medium=RSS%20feed&amp;at_campaign=ynews&amp;utm_source=yahoo&amp;utm_medium=rss&amp;utm_campaign=news_feed&amp;utm_content=read_more_link&quot;\" rel=\"nofollow noopener\" target=\"_blank\" data-ylk=\"slk:Lire la suite sur 20minutes;elm:context_link;itc:0;sec:content-canvas\" class=\"link \">Lire la suite sur 20minutes<\/a><\/p>\n","protected":false},"excerpt":{"rendered":"M\u00e9t\u00e9o &#8211; Cette journ\u00e9e rimera avec beau soleil. Les temp\u00e9ratures seront de 18\u00b0C le matin et de 22\u00b0C&hellip;\n","protected":false},"author":2,"featured_media":427299,"comment_status":"","ping_status":"","sticky":false,"template":"","format":"standard","meta":{"footnotes":""},"categories":[9599],"tags":[1111,11,55599,1777,674,1011,27,44166,2487,2208,12,2680,25],"class_list":{"0":"post-427298","1":"post","2":"type-post","3":"status-publish","4":"format-standard","5":"has-post-thumbnail","7":"category-montpellier","8":"tag-actu","9":"tag-actualites","10":"tag-beau-soleil","11":"tag-eu","12":"tag-europe","13":"tag-fr","14":"tag-france","15":"tag-le-matin","16":"tag-meteo","17":"tag-montpellier","18":"tag-news","19":"tag-occitanie","20":"tag-republique-francaise"},"share_on_mastodon":{"url":"https:\/\/pubeurope.com\/@fr\/115290325843389241","error":""},"_links":{"self":[{"href":"https:\/\/www.europesays.com\/fr\/wp-json\/wp\/v2\/posts\/427298","targetHints":{"allow":["GET"]}}],"collection":[{"href":"https:\/\/www.europesays.com\/fr\/wp-json\/wp\/v2\/posts"}],"about":[{"href":"https:\/\/www.europesays.com\/fr\/wp-json\/wp\/v2\/types\/post"}],"author":[{"embeddable":true,"href":"https:\/\/www.europesays.com\/fr\/wp-json\/wp\/v2\/users\/2"}],"replies":[{"embeddable":true,"href":"https:\/\/www.europesays.com\/fr\/wp-json\/wp\/v2\/comments?post=427298"}],"version-history":[{"count":0,"href":"https:\/\/www.europesays.com\/fr\/wp-json\/wp\/v2\/posts\/427298\/revisions"}],"wp:featuredmedia":[{"embeddable":true,"href":"https:\/\/www.europesays.com\/fr\/wp-json\/wp\/v2\/media\/427299"}],"wp:attachment":[{"href":"https:\/\/www.europesays.com\/fr\/wp-json\/wp\/v2\/media?parent=427298"}],"wp:term":[{"taxonomy":"category","embeddable":true,"href":"https:\/\/www.europesays.com\/fr\/wp-json\/wp\/v2\/categories?post=427298"},{"taxonomy":"post_tag","embeddable":true,"href":"https:\/\/www.europesays.com\/fr\/wp-json\/wp\/v2\/tags?post=427298"}],"curies":[{"name":"wp","href":"https:\/\/api.w.org\/{rel}","templated":true}]}}