{"id":427303,"date":"2025-09-30T00:12:17","date_gmt":"2025-09-30T00:12:17","guid":{"rendered":"https:\/\/www.europesays.com\/fr\/427303\/"},"modified":"2025-09-30T00:12:17","modified_gmt":"2025-09-30T00:12:17","slug":"previsions-du-mardi-30-septembre-2025-4","status":"publish","type":"post","link":"https:\/\/www.europesays.com\/fr\/427303\/","title":{"rendered":"pr\u00e9visions du mardi 30 septembre 2025"},"content":{"rendered":"<p class=\"mb-4 text-lg md:leading-8 break-words\"><strong>M\u00e9t\u00e9o &#8211; Cette journ\u00e9e rimera avec beau soleil. Les temp\u00e9ratures seront de 14\u00b0C la matin\u00e9e et de 21\u00b0C l&rsquo;apr\u00e8s-midi&#8230;<\/strong><\/p>\n<p class=\"mb-4 text-lg md:leading-8 break-words\">C&rsquo;est un soleil \u00e9clatant qui va briller aujourd&rsquo;hui sur Rennes. Les valeurs afficheront entre 9 et 22\u00b0C. Un vent de nord-est rafra\u00eechira sensiblement l&rsquo;atmosph\u00e8re. Les temp\u00e9ratures vont conna\u00eetre une hausse de plusieurs degr\u00e9s dans l&rsquo;apr\u00e8s-midi. Les valeurs s&rsquo;\u00e9chelonneront entre 19 et 22\u00b0C. On pr\u00e9voit des \u00e9claircies pour cette soir\u00e9e. La nuit sera claire.<\/p>\n<p class=\"mb-4 text-lg md:leading-8 break-words\">Demain, un important soleil rayonnera sur Rennes. Une baisse des temp\u00e9ratures est pr\u00e9vue. Les valeurs seront comprises entre 8 et 22\u00b0C. Un petit vent d&rsquo;est sera ressenti par les habitants. Le matin, on pr\u00e9voit des temp\u00e9ratures d&rsquo;environ 14\u00b0C. Demain apr\u00e8s-midi, c&rsquo;est une hausse de plusieurs degr\u00e9s que vont enregistrer les temp\u00e9ratures. Les valeurs afficheront entre 19\u00b0C et 22\u00b0C. Des \u00e9claircies sont attendues : on passera une soir\u00e9e agr\u00e9able.<\/p>\n<p class=\"mb-4 text-lg md:leading-8 break-words\">La m\u00e9t\u00e9o des jours qui suivent va \u00e9voluer peu \u00e0 peu. M\u00eame si le beau temps se maintiendra quelque peu jeudi, il faut pr\u00e9voir une d\u00e9gradation par la suite.<\/p>\n<p class=\"mb-4 text-lg md:leading-8 break-words\"><a href=\"https:\/\/www.20minutes.fr\/planete\/previsions-meteo\/4176055-20250930-meteo-rennes-previsions-mardi-30-septembre-2025?at_medium=RSS%20feed&amp;at_campaign=ynews&amp;utm_source=yahoo&amp;utm_medium=rss&amp;utm_campaign=news_feed&amp;utm_content=read_more_link&quot;\" rel=\"nofollow noopener\" target=\"_blank\" data-ylk=\"slk:Lire la suite sur 20minutes;elm:context_link;itc:0;sec:content-canvas\" class=\"link \">Lire la suite sur 20minutes<\/a><\/p>\n","protected":false},"excerpt":{"rendered":"M\u00e9t\u00e9o &#8211; Cette journ\u00e9e rimera avec beau soleil. Les temp\u00e9ratures seront de 14\u00b0C la matin\u00e9e et de 21\u00b0C&hellip;\n","protected":false},"author":2,"featured_media":427304,"comment_status":"","ping_status":"","sticky":false,"template":"","format":"standard","meta":{"footnotes":""},"categories":[2821],"tags":[1111,11,55599,829,1777,674,1011,27,51394,12,584,25],"class_list":{"0":"post-427303","1":"post","2":"type-post","3":"status-publish","4":"format-standard","5":"has-post-thumbnail","7":"category-rennes","8":"tag-actu","9":"tag-actualites","10":"tag-beau-soleil","11":"tag-bretagne","12":"tag-eu","13":"tag-europe","14":"tag-fr","15":"tag-france","16":"tag-la-matinee","17":"tag-news","18":"tag-rennes","19":"tag-republique-francaise"},"share_on_mastodon":{"url":"https:\/\/pubeurope.com\/@fr\/115290357449162878","error":""},"_links":{"self":[{"href":"https:\/\/www.europesays.com\/fr\/wp-json\/wp\/v2\/posts\/427303","targetHints":{"allow":["GET"]}}],"collection":[{"href":"https:\/\/www.europesays.com\/fr\/wp-json\/wp\/v2\/posts"}],"about":[{"href":"https:\/\/www.europesays.com\/fr\/wp-json\/wp\/v2\/types\/post"}],"author":[{"embeddable":true,"href":"https:\/\/www.europesays.com\/fr\/wp-json\/wp\/v2\/users\/2"}],"replies":[{"embeddable":true,"href":"https:\/\/www.europesays.com\/fr\/wp-json\/wp\/v2\/comments?post=427303"}],"version-history":[{"count":0,"href":"https:\/\/www.europesays.com\/fr\/wp-json\/wp\/v2\/posts\/427303\/revisions"}],"wp:featuredmedia":[{"embeddable":true,"href":"https:\/\/www.europesays.com\/fr\/wp-json\/wp\/v2\/media\/427304"}],"wp:attachment":[{"href":"https:\/\/www.europesays.com\/fr\/wp-json\/wp\/v2\/media?parent=427303"}],"wp:term":[{"taxonomy":"category","embeddable":true,"href":"https:\/\/www.europesays.com\/fr\/wp-json\/wp\/v2\/categories?post=427303"},{"taxonomy":"post_tag","embeddable":true,"href":"https:\/\/www.europesays.com\/fr\/wp-json\/wp\/v2\/tags?post=427303"}],"curies":[{"name":"wp","href":"https:\/\/api.w.org\/{rel}","templated":true}]}}