{"id":427307,"date":"2025-09-30T00:14:11","date_gmt":"2025-09-30T00:14:11","guid":{"rendered":"https:\/\/www.europesays.com\/fr\/427307\/"},"modified":"2025-09-30T00:14:11","modified_gmt":"2025-09-30T00:14:11","slug":"previsions-du-mardi-30-septembre-2025-5","status":"publish","type":"post","link":"https:\/\/www.europesays.com\/fr\/427307\/","title":{"rendered":"pr\u00e9visions du mardi 30 septembre 2025"},"content":{"rendered":"<p class=\"mb-4 text-lg md:leading-8 break-words\"><strong>M\u00e9t\u00e9o &#8211; Le soleil peinera \u00e0 percer au milieu des nuages qui persisteront dans la journ\u00e9e. Des pluies \u00e9parses sont attendues. Les temp\u00e9ratures seront de 15\u00b0C le matin et de 17\u00b0C l&rsquo;apr\u00e8s-midi&#8230;<\/strong><\/p>\n<p class=\"mb-4 text-lg md:leading-8 break-words\">C&rsquo;est sous un ciel couvert que va se d\u00e9rouler la journ\u00e9e. Les nuages se maintiennent sur Strasbourg. Il va faire en moyenne 15\u00b0C. Un l\u00e9ger vent de nord-est soufflera. Le matin, toujours de petits nuages dans le ciel qui emp\u00eachent le soleil de faire son apparition. L&rsquo;apr\u00e8s-midi, le soleil sera dissimul\u00e9 derri\u00e8re des nuages. Le temps sera ponctu\u00e9 par des pluies \u00e9parses. Les temp\u00e9ratures s&rsquo;\u00e9chelonneront entre 14 et 18\u00b0C. La m\u00e9t\u00e9o devrait s&rsquo;am\u00e9liorer durant la soir\u00e9e. Un ciel limpide est pr\u00e9vu dans la nuit reliant mardi et mercredi.<\/p>\n<p class=\"mb-4 text-lg md:leading-8 break-words\">Demain, le vent va progressivement chasser la grisaille \u00e0 Strasbourg. Le mercure va baisser de quelques degr\u00e9s. Il fera 12\u00b0C en moyenne. Un vent de nord-est rafra\u00eechira sensiblement l&rsquo;atmosph\u00e8re. Les valeurs seront de 12\u00b0C au minimum et de 16\u00b0C au maximum l&rsquo;apr\u00e8s-midi. La ville aura quelques \u00e9claircies demain soir.<\/p>\n<p class=\"mb-4 text-lg md:leading-8 break-words\">Les jours suivants s&rsquo;annoncent similaires. Des temp\u00e9ratures dans les 11\u00b0C accompagneront un ciel ensoleill\u00e9.<\/p>\n<p class=\"mb-4 text-lg md:leading-8 break-words\"><a href=\"https:\/\/www.20minutes.fr\/planete\/previsions-meteo\/4176053-20250930-meteo-strasbourg-previsions-mardi-30-septembre-2025?at_medium=RSS%20feed&amp;at_campaign=ynews&amp;utm_source=yahoo&amp;utm_medium=rss&amp;utm_campaign=news_feed&amp;utm_content=read_more_link&quot;\" rel=\"nofollow noopener\" target=\"_blank\" data-ylk=\"slk:Lire la suite sur 20minutes;elm:context_link;itc:0;sec:content-canvas\" class=\"link \">Lire la suite sur 20minutes<\/a><\/p>\n","protected":false},"excerpt":{"rendered":"M\u00e9t\u00e9o &#8211; Le soleil peinera \u00e0 percer au milieu des nuages qui persisteront dans la journ\u00e9e. Des pluies&hellip;\n","protected":false},"author":2,"featured_media":427308,"comment_status":"","ping_status":"","sticky":false,"template":"","format":"standard","meta":{"footnotes":""},"categories":[2820],"tags":[1111,11,1777,674,1011,27,775,44166,6172,12,25,640],"class_list":{"0":"post-427307","1":"post","2":"type-post","3":"status-publish","4":"format-standard","5":"has-post-thumbnail","7":"category-strasbourg","8":"tag-actu","9":"tag-actualites","10":"tag-eu","11":"tag-europe","12":"tag-fr","13":"tag-france","14":"tag-grand-est","15":"tag-le-matin","16":"tag-le-soleil","17":"tag-news","18":"tag-republique-francaise","19":"tag-strasbourg"},"share_on_mastodon":{"url":"https:\/\/pubeurope.com\/@fr\/115290365257584463","error":""},"_links":{"self":[{"href":"https:\/\/www.europesays.com\/fr\/wp-json\/wp\/v2\/posts\/427307","targetHints":{"allow":["GET"]}}],"collection":[{"href":"https:\/\/www.europesays.com\/fr\/wp-json\/wp\/v2\/posts"}],"about":[{"href":"https:\/\/www.europesays.com\/fr\/wp-json\/wp\/v2\/types\/post"}],"author":[{"embeddable":true,"href":"https:\/\/www.europesays.com\/fr\/wp-json\/wp\/v2\/users\/2"}],"replies":[{"embeddable":true,"href":"https:\/\/www.europesays.com\/fr\/wp-json\/wp\/v2\/comments?post=427307"}],"version-history":[{"count":0,"href":"https:\/\/www.europesays.com\/fr\/wp-json\/wp\/v2\/posts\/427307\/revisions"}],"wp:featuredmedia":[{"embeddable":true,"href":"https:\/\/www.europesays.com\/fr\/wp-json\/wp\/v2\/media\/427308"}],"wp:attachment":[{"href":"https:\/\/www.europesays.com\/fr\/wp-json\/wp\/v2\/media?parent=427307"}],"wp:term":[{"taxonomy":"category","embeddable":true,"href":"https:\/\/www.europesays.com\/fr\/wp-json\/wp\/v2\/categories?post=427307"},{"taxonomy":"post_tag","embeddable":true,"href":"https:\/\/www.europesays.com\/fr\/wp-json\/wp\/v2\/tags?post=427307"}],"curies":[{"name":"wp","href":"https:\/\/api.w.org\/{rel}","templated":true}]}}