{"id":427309,"date":"2025-09-30T00:15:16","date_gmt":"2025-09-30T00:15:16","guid":{"rendered":"https:\/\/www.europesays.com\/fr\/427309\/"},"modified":"2025-09-30T00:15:16","modified_gmt":"2025-09-30T00:15:16","slug":"nice-orelsan-bientot-en-concert-au-palais-nikaia-voici-quand-et-comment-obtenir-des-billets","status":"publish","type":"post","link":"https:\/\/www.europesays.com\/fr\/427309\/","title":{"rendered":"Nice. Orelsan bient\u00f4t en concert au Palais Nika\u00efa, voici quand et comment obtenir des billets"},"content":{"rendered":"<p>            Par<br \/>\n        <strong><br \/>\n            <a href=\"https:\/\/actu.fr\/auteur\/arthur-frand\" title=\"Consulter tous les articles de Arthur Frand\" rel=\"nofollow noopener\" target=\"_blank\">Arthur Frand<\/a><br \/>\n        <\/strong><\/p>\n<p>        Publi\u00e9 le<\/p>\n<p>            29 sept. 2025 \u00e0 14h46        <\/p>\n<p>\u00ab\u2009On repart en tourn\u00e9e en 2026\u2009!\u2009\u00bb Sur ses <a href=\"https:\/\/actu.fr\/tag\/reseaux-sociaux\" rel=\"nofollow noopener\" target=\"_blank\">r\u00e9seaux sociaux<\/a> ce lundi 29 septembre 2025, Orelsan a annonc\u00e9 qu\u2019il repartait sur les routes de l\u2019Hexagone. Le rappeur normand a pr\u00e9vu 33 dates en 2026 et fera \u00e9tape \u00e0 <a href=\"https:\/\/actu.fr\/nice\/\" rel=\"nofollow noopener\" target=\"_blank\">Nice<\/a>, <strong>le 7 f\u00e9vrier,<\/strong> au Palais Nika\u00efa. L\u2019ar\u00e8ne ni\u00e7oise peut accueilli jusqu\u2019\u00e0\u00a0 9000 personnes en mode indoor.<\/p>\n<p>Les billets en vente ce mardi 30\u00a0septembre<\/p>\n<p class=\" wall-content\">Pour obtenir son pr\u00e9cieux s\u00e9same, il faudra se montrer tr\u00e8s r\u00e9actif. En effet, les billets seront mis en vente d\u00e8s ce mardi 30\u00a0septembre \u00e0 10h. Ils seront disponibles <strong>sur son site,<\/strong> <a href=\"https:\/\/orelsan.show\/\" rel=\"nofollow noopener\" target=\"_blank\">orelsan.show<\/a> et devraient partir dans l\u2019heure au vu de la popularit\u00e9 du rappeur.<\/p>\n<p class=\" wall-content\">\n<p class=\" wall-content\"><strong>Derni\u00e8re chance le 6\u00a0octobre<\/strong><br \/>Si vous avez loup\u00e9 le coche, pas de panique, une pr\u00e9vente <a href=\"https:\/\/www.ticketmaster.fr\/fr\/artiste\/orelsan\/idartiste\/12507\" rel=\"nofollow noopener\" target=\"_blank\">Ticketmaster<\/a> aura lieu ce mercredi 1er\u00a0octobre \u00e0 12h, pour laquelle il faut imp\u00e9rativement s\u2019inscrire. Enfin, vous aurez une derni\u00e8re chance <strong>le lundi 6\u00a0octobre \u00e0 10h,<\/strong> avec la mise en vente g\u00e9n\u00e9rale, sur le site du <a href=\"https:\/\/www.nikaia.fr\/\" rel=\"nofollow noopener\" target=\"_blank\">Palais Nika\u00efa<\/a>.<\/p>\n<p class=\" wall-content\">Actuellement, le rappeur Orelsan est sur tous les fronts puisqu\u2019il s\u2019appr\u00eate sortir en salle <strong>son film<\/strong> Yoro\u00ef et devrait aussi pr\u00e9senter un nouvel opus.<\/p>\n<p class=\" wall-content\">Personnalisez votre actualit\u00e9 en ajoutant vos villes et m\u00e9dias en favori avec <a href=\"https:\/\/moncompte.actu.fr\" title=\"D\u00e9couvez Mon Actu\" rel=\"nofollow noopener\" data-trk=\"{&quot;cta&quot;:{&quot;action&quot;:&quot;https:\\\/\\\/moncompte.actu.fr&quot;,&quot;category&quot;:&quot;mon compte&quot;,&quot;from&quot;:&quot;article footer&quot;,&quot;name&quot;:&quot;Mon actu&quot;,&quot;type&quot;:&quot;cta&quot;}}\" target=\"_blank\">Mon Actu<\/a>.<\/p>\n","protected":false},"excerpt":{"rendered":"Par Arthur Frand Publi\u00e9 le 29 sept. 2025 \u00e0 14h46 \u00ab\u2009On repart en tourn\u00e9e en 2026\u2009!\u2009\u00bb Sur ses&hellip;\n","protected":false},"author":2,"featured_media":425809,"comment_status":"","ping_status":"","sticky":false,"template":"","format":"standard","meta":{"footnotes":""},"categories":[2819],"tags":[1111,11,1697,1777,674,1011,27,1652,873,12,2401,21953,882,25],"class_list":{"0":"post-427309","1":"post","2":"type-post","3":"status-publish","4":"format-standard","5":"has-post-thumbnail","7":"category-nice","8":"tag-actu","9":"tag-actualites","10":"tag-concert","11":"tag-eu","12":"tag-europe","13":"tag-fr","14":"tag-france","15":"tag-loisirs-culture","16":"tag-musique","17":"tag-news","18":"tag-nice","19":"tag-orelsan","20":"tag-provence-alpes-cote-dazur","21":"tag-republique-francaise"},"share_on_mastodon":{"url":"https:\/\/pubeurope.com\/@fr\/115290369227327919","error":""},"_links":{"self":[{"href":"https:\/\/www.europesays.com\/fr\/wp-json\/wp\/v2\/posts\/427309","targetHints":{"allow":["GET"]}}],"collection":[{"href":"https:\/\/www.europesays.com\/fr\/wp-json\/wp\/v2\/posts"}],"about":[{"href":"https:\/\/www.europesays.com\/fr\/wp-json\/wp\/v2\/types\/post"}],"author":[{"embeddable":true,"href":"https:\/\/www.europesays.com\/fr\/wp-json\/wp\/v2\/users\/2"}],"replies":[{"embeddable":true,"href":"https:\/\/www.europesays.com\/fr\/wp-json\/wp\/v2\/comments?post=427309"}],"version-history":[{"count":0,"href":"https:\/\/www.europesays.com\/fr\/wp-json\/wp\/v2\/posts\/427309\/revisions"}],"wp:featuredmedia":[{"embeddable":true,"href":"https:\/\/www.europesays.com\/fr\/wp-json\/wp\/v2\/media\/425809"}],"wp:attachment":[{"href":"https:\/\/www.europesays.com\/fr\/wp-json\/wp\/v2\/media?parent=427309"}],"wp:term":[{"taxonomy":"category","embeddable":true,"href":"https:\/\/www.europesays.com\/fr\/wp-json\/wp\/v2\/categories?post=427309"},{"taxonomy":"post_tag","embeddable":true,"href":"https:\/\/www.europesays.com\/fr\/wp-json\/wp\/v2\/tags?post=427309"}],"curies":[{"name":"wp","href":"https:\/\/api.w.org\/{rel}","templated":true}]}}