{"id":427312,"date":"2025-09-30T00:17:38","date_gmt":"2025-09-30T00:17:38","guid":{"rendered":"https:\/\/www.europesays.com\/fr\/427312\/"},"modified":"2025-09-30T00:17:38","modified_gmt":"2025-09-30T00:17:38","slug":"octobre-en-fete-le-mois-des-seniors-dans-cette-commune-pres-de-nantes","status":"publish","type":"post","link":"https:\/\/www.europesays.com\/fr\/427312\/","title":{"rendered":"Octobre en f\u00eate, le mois des seniors dans cette commune pr\u00e8s de Nantes"},"content":{"rendered":"<p>Du 1er au 26\u00a0octobre, une quarantaine d\u2019activit\u00e9s sont organis\u00e9es pour les seniors orvaltais dans toute la ville. Entre sports, loisirs, culture, convivialit\u00e9, actions de pr\u00e9vention et sant\u00e9, les propositions sont adapt\u00e9es \u00e0 la grande diversit\u00e9 de ce public.<\/p>\n<p>Le mois d\u2019octobre, qui comprend la Semaine bleue (semaine nationale des retrait\u00e9s et personnes \u00e2g\u00e9es), est traditionnellement associ\u00e9 aux seniors \u00e0 &#8230;<\/p>\n<p>\u00a0<\/p>\n","protected":false},"excerpt":{"rendered":"Du 1er au 26\u00a0octobre, une quarantaine d\u2019activit\u00e9s sont organis\u00e9es pour les seniors orvaltais dans toute la ville. Entre&hellip;\n","protected":false},"author":2,"featured_media":427313,"comment_status":"","ping_status":"","sticky":false,"template":"","format":"standard","meta":{"footnotes":""},"categories":[2818],"tags":[1111,11,7052,1777,674,4768,1011,27,2561,766,12,7518,2636,3762,25,3552],"class_list":{"0":"post-427312","1":"post","2":"type-post","3":"status-publish","4":"format-standard","5":"has-post-thumbnail","7":"category-nantes","8":"tag-actu","9":"tag-actualites","10":"tag-commune","11":"tag-eu","12":"tag-europe","13":"tag-fete","14":"tag-fr","15":"tag-france","16":"tag-mois","17":"tag-nantes","18":"tag-news","19":"tag-octobre","20":"tag-pays-de-la-loire","21":"tag-pres","22":"tag-republique-francaise","23":"tag-seniors"},"share_on_mastodon":{"url":"https:\/\/pubeurope.com\/@fr\/115290377026625559","error":""},"_links":{"self":[{"href":"https:\/\/www.europesays.com\/fr\/wp-json\/wp\/v2\/posts\/427312","targetHints":{"allow":["GET"]}}],"collection":[{"href":"https:\/\/www.europesays.com\/fr\/wp-json\/wp\/v2\/posts"}],"about":[{"href":"https:\/\/www.europesays.com\/fr\/wp-json\/wp\/v2\/types\/post"}],"author":[{"embeddable":true,"href":"https:\/\/www.europesays.com\/fr\/wp-json\/wp\/v2\/users\/2"}],"replies":[{"embeddable":true,"href":"https:\/\/www.europesays.com\/fr\/wp-json\/wp\/v2\/comments?post=427312"}],"version-history":[{"count":0,"href":"https:\/\/www.europesays.com\/fr\/wp-json\/wp\/v2\/posts\/427312\/revisions"}],"wp:featuredmedia":[{"embeddable":true,"href":"https:\/\/www.europesays.com\/fr\/wp-json\/wp\/v2\/media\/427313"}],"wp:attachment":[{"href":"https:\/\/www.europesays.com\/fr\/wp-json\/wp\/v2\/media?parent=427312"}],"wp:term":[{"taxonomy":"category","embeddable":true,"href":"https:\/\/www.europesays.com\/fr\/wp-json\/wp\/v2\/categories?post=427312"},{"taxonomy":"post_tag","embeddable":true,"href":"https:\/\/www.europesays.com\/fr\/wp-json\/wp\/v2\/tags?post=427312"}],"curies":[{"name":"wp","href":"https:\/\/api.w.org\/{rel}","templated":true}]}}