{"id":427318,"date":"2025-09-30T00:20:11","date_gmt":"2025-09-30T00:20:11","guid":{"rendered":"https:\/\/www.europesays.com\/fr\/427318\/"},"modified":"2025-09-30T00:20:11","modified_gmt":"2025-09-30T00:20:11","slug":"previsions-du-mardi-30-septembre-2025-7","status":"publish","type":"post","link":"https:\/\/www.europesays.com\/fr\/427318\/","title":{"rendered":"pr\u00e9visions du mardi 30 septembre 2025"},"content":{"rendered":"<p class=\"mb-4 text-lg md:leading-8 break-words\"><strong>M\u00e9t\u00e9o &#8211; La journ\u00e9e qui s&rsquo;annonce, promet d&rsquo;\u00eatre superbe et ensoleill\u00e9e ! Les temp\u00e9ratures seront de 17\u00b0C le matin et de 22\u00b0C l&rsquo;apr\u00e8s-midi&#8230;<\/strong><\/p>\n<p class=\"mb-4 text-lg md:leading-8 break-words\">Le soleil sera dominant, la garantie d&rsquo;une belle journ\u00e9e \u00e0 Bordeaux ! On pr\u00e9voit des valeurs d&rsquo;environ 17\u00b0C. Une l\u00e9g\u00e8re brise de nord-est sera ressentie par les habitants. Il va faire 17\u00b0C en moyenne le matin. Les temp\u00e9ratures vont grimper pendant l&rsquo;apr\u00e8s-midi de plusieurs degr\u00e9s. Les valeurs seront comprises entre 20 et 23\u00b0C. La m\u00e9t\u00e9o devrait s&rsquo;am\u00e9liorer durant la soir\u00e9e. On attend une nuit avec un ciel plut\u00f4t limpide.<\/p>\n<p class=\"mb-4 text-lg md:leading-8 break-words\">Un bel ensoleillement est pr\u00e9vu demain \u00e0 Bordeaux. C&rsquo;est une hausse de quelques degr\u00e9s que vont conna\u00eetre les temp\u00e9ratures. Le mercure affichera 18\u00b0C en moyenne. Un vent de nord-est rafra\u00eechira sensiblement l&rsquo;atmosph\u00e8re. Dans la matin\u00e9e, les temp\u00e9ratures seront de 17\u00b0C. Les valeurs vont enregistrer une augmentation de plusieurs degr\u00e9s dans l&rsquo;apr\u00e8s-midi. Les valeurs s&rsquo;\u00e9chelonneront entre 20\u00b0C et 24\u00b0C. Des \u00e9claircies feront leur apparition dans la soir\u00e9e.<\/p>\n<p class=\"mb-4 text-lg md:leading-8 break-words\">Les jours suivants s&rsquo;annoncent identiques. On anticipe des journ\u00e9es ensoleill\u00e9es, accompagn\u00e9es par des temp\u00e9ratures dans les 17\u00b0C en moyenne.<\/p>\n<p class=\"mb-4 text-lg md:leading-8 break-words\"><a href=\"https:\/\/www.20minutes.fr\/planete\/previsions-meteo\/4176051-20250930-meteo-bordeaux-previsions-mardi-30-septembre-2025?at_medium=RSS%20feed&amp;at_campaign=ynews&amp;utm_source=yahoo&amp;utm_medium=rss&amp;utm_campaign=news_feed&amp;utm_content=read_more_link&quot;\" rel=\"nofollow noopener\" target=\"_blank\" data-ylk=\"slk:Lire la suite sur 20minutes;elm:context_link;itc:0;sec:content-canvas\" class=\"link \">Lire la suite sur 20minutes<\/a><\/p>\n","protected":false},"excerpt":{"rendered":"M\u00e9t\u00e9o &#8211; La journ\u00e9e qui s&rsquo;annonce, promet d&rsquo;\u00eatre superbe et ensoleill\u00e9e ! Les temp\u00e9ratures seront de 17\u00b0C le&hellip;\n","protected":false},"author":2,"featured_media":427319,"comment_status":"","ping_status":"","sticky":false,"template":"","format":"standard","meta":{"footnotes":""},"categories":[2817],"tags":[1111,11,28358,1997,1777,674,1011,27,2487,12,2219,25],"class_list":{"0":"post-427318","1":"post","2":"type-post","3":"status-publish","4":"format-standard","5":"has-post-thumbnail","7":"category-bordeaux","8":"tag-actu","9":"tag-actualites","10":"tag-belle-journee","11":"tag-bordeaux","12":"tag-eu","13":"tag-europe","14":"tag-fr","15":"tag-france","16":"tag-meteo","17":"tag-news","18":"tag-nouvelle-aquitaine","19":"tag-republique-francaise"},"share_on_mastodon":{"url":"https:\/\/pubeurope.com\/@fr\/115290388796132444","error":""},"_links":{"self":[{"href":"https:\/\/www.europesays.com\/fr\/wp-json\/wp\/v2\/posts\/427318","targetHints":{"allow":["GET"]}}],"collection":[{"href":"https:\/\/www.europesays.com\/fr\/wp-json\/wp\/v2\/posts"}],"about":[{"href":"https:\/\/www.europesays.com\/fr\/wp-json\/wp\/v2\/types\/post"}],"author":[{"embeddable":true,"href":"https:\/\/www.europesays.com\/fr\/wp-json\/wp\/v2\/users\/2"}],"replies":[{"embeddable":true,"href":"https:\/\/www.europesays.com\/fr\/wp-json\/wp\/v2\/comments?post=427318"}],"version-history":[{"count":0,"href":"https:\/\/www.europesays.com\/fr\/wp-json\/wp\/v2\/posts\/427318\/revisions"}],"wp:featuredmedia":[{"embeddable":true,"href":"https:\/\/www.europesays.com\/fr\/wp-json\/wp\/v2\/media\/427319"}],"wp:attachment":[{"href":"https:\/\/www.europesays.com\/fr\/wp-json\/wp\/v2\/media?parent=427318"}],"wp:term":[{"taxonomy":"category","embeddable":true,"href":"https:\/\/www.europesays.com\/fr\/wp-json\/wp\/v2\/categories?post=427318"},{"taxonomy":"post_tag","embeddable":true,"href":"https:\/\/www.europesays.com\/fr\/wp-json\/wp\/v2\/tags?post=427318"}],"curies":[{"name":"wp","href":"https:\/\/api.w.org\/{rel}","templated":true}]}}