{"id":427321,"date":"2025-09-30T00:22:11","date_gmt":"2025-09-30T00:22:11","guid":{"rendered":"https:\/\/www.europesays.com\/fr\/427321\/"},"modified":"2025-09-30T00:22:11","modified_gmt":"2025-09-30T00:22:11","slug":"previsions-du-mardi-30-septembre-2025-8","status":"publish","type":"post","link":"https:\/\/www.europesays.com\/fr\/427321\/","title":{"rendered":"pr\u00e9visions du mardi 30 septembre 2025"},"content":{"rendered":"<p class=\"mb-4 text-lg md:leading-8 break-words\"><strong>M\u00e9t\u00e9o &#8211; Aujourd&rsquo;hui, un important soleil brillera. Les temp\u00e9ratures seront de 16\u00b0C le matin et de 22\u00b0C l&rsquo;apr\u00e8s-midi&#8230;<\/strong><\/p>\n<p class=\"mb-4 text-lg md:leading-8 break-words\">C&rsquo;est une belle journ\u00e9e dont va b\u00e9n\u00e9ficier Toulouse, o\u00f9 le soleil va briller avec force. On pr\u00e9voit des temp\u00e9ratures d&rsquo;environ 17\u00b0C. Les valeurs seront de 16\u00b0C au cours de la matin\u00e9e. Un vent d&rsquo;ouest soufflera l\u00e9g\u00e8rement, avec 11 km\/h. L&rsquo;apr\u00e8s-midi, c&rsquo;est une hausse de plusieurs degr\u00e9s que vont conna\u00eetre les temp\u00e9ratures. Ces valeurs s&rsquo;\u00e9chelonneront entre 20 et 22\u00b0C. Le ciel va s&rsquo;\u00e9claircir dans la soir\u00e9e. Les temp\u00e9ratures avoisineront les 17\u00b0C. On pr\u00e9voit une nuit avec un ciel relativement d\u00e9pourvu de nuages.<\/p>\n<p class=\"mb-4 text-lg md:leading-8 break-words\">C&rsquo;est un soleil magnifique qui va se montrer demain sur Toulouse. Les valeurs afficheront entre 11 et 22\u00b0C. Un vent de nord-ouest rafra\u00eechira l\u00e9g\u00e8rement l&rsquo;atmosph\u00e8re. Il fera en moyenne 16\u00b0C, le matin. Les temp\u00e9ratures vont monter pendant l&rsquo;apr\u00e8s-midi de plusieurs degr\u00e9s. Les valeurs seront comprises entre 19\u00b0C et 22\u00b0C. Demain soir, c&rsquo;est sur un ciel couvert de nuages qu&rsquo;il faudra compter.<\/p>\n<p class=\"mb-4 text-lg md:leading-8 break-words\">La m\u00e9t\u00e9o restera inchang\u00e9e les jours \u00e0 venir. Il fera 17\u00b0C en moyenne pour des journ\u00e9es avec une m\u00e9t\u00e9o ensoleill\u00e9e.<\/p>\n<p class=\"mb-4 text-lg md:leading-8 break-words\"><a href=\"https:\/\/www.20minutes.fr\/planete\/previsions-meteo\/4176054-20250930-meteo-toulouse-previsions-mardi-30-septembre-2025?at_medium=RSS%20feed&amp;at_campaign=ynews&amp;utm_source=yahoo&amp;utm_medium=rss&amp;utm_campaign=news_feed&amp;utm_content=read_more_link&quot;\" rel=\"nofollow noopener\" target=\"_blank\" data-ylk=\"slk:Lire la suite sur 20minutes;elm:context_link;itc:0;sec:content-canvas\" class=\"link \">Lire la suite sur 20minutes<\/a><\/p>\n","protected":false},"excerpt":{"rendered":"M\u00e9t\u00e9o &#8211; Aujourd&rsquo;hui, un important soleil brillera. Les temp\u00e9ratures seront de 16\u00b0C le matin et de 22\u00b0C l&rsquo;apr\u00e8s-midi&#8230;&hellip;\n","protected":false},"author":2,"featured_media":427322,"comment_status":"","ping_status":"","sticky":false,"template":"","format":"standard","meta":{"footnotes":""},"categories":[2816],"tags":[1111,11,55604,1777,674,1011,27,44166,12,2680,25,2312,55605],"class_list":{"0":"post-427321","1":"post","2":"type-post","3":"status-publish","4":"format-standard","5":"has-post-thumbnail","7":"category-toulouse","8":"tag-actu","9":"tag-actualites","10":"tag-cest-une-belle-journee","11":"tag-eu","12":"tag-europe","13":"tag-fr","14":"tag-france","15":"tag-le-matin","16":"tag-news","17":"tag-occitanie","18":"tag-republique-francaise","19":"tag-toulouse","20":"tag-vent-douest"},"share_on_mastodon":{"url":"https:\/\/pubeurope.com\/@fr\/115290396600894750","error":""},"_links":{"self":[{"href":"https:\/\/www.europesays.com\/fr\/wp-json\/wp\/v2\/posts\/427321","targetHints":{"allow":["GET"]}}],"collection":[{"href":"https:\/\/www.europesays.com\/fr\/wp-json\/wp\/v2\/posts"}],"about":[{"href":"https:\/\/www.europesays.com\/fr\/wp-json\/wp\/v2\/types\/post"}],"author":[{"embeddable":true,"href":"https:\/\/www.europesays.com\/fr\/wp-json\/wp\/v2\/users\/2"}],"replies":[{"embeddable":true,"href":"https:\/\/www.europesays.com\/fr\/wp-json\/wp\/v2\/comments?post=427321"}],"version-history":[{"count":0,"href":"https:\/\/www.europesays.com\/fr\/wp-json\/wp\/v2\/posts\/427321\/revisions"}],"wp:featuredmedia":[{"embeddable":true,"href":"https:\/\/www.europesays.com\/fr\/wp-json\/wp\/v2\/media\/427322"}],"wp:attachment":[{"href":"https:\/\/www.europesays.com\/fr\/wp-json\/wp\/v2\/media?parent=427321"}],"wp:term":[{"taxonomy":"category","embeddable":true,"href":"https:\/\/www.europesays.com\/fr\/wp-json\/wp\/v2\/categories?post=427321"},{"taxonomy":"post_tag","embeddable":true,"href":"https:\/\/www.europesays.com\/fr\/wp-json\/wp\/v2\/tags?post=427321"}],"curies":[{"name":"wp","href":"https:\/\/api.w.org\/{rel}","templated":true}]}}