{"id":427323,"date":"2025-09-30T00:24:12","date_gmt":"2025-09-30T00:24:12","guid":{"rendered":"https:\/\/www.europesays.com\/fr\/427323\/"},"modified":"2025-09-30T00:24:12","modified_gmt":"2025-09-30T00:24:12","slug":"previsions-du-mardi-30-septembre-2025-9","status":"publish","type":"post","link":"https:\/\/www.europesays.com\/fr\/427323\/","title":{"rendered":"pr\u00e9visions du mardi 30 septembre 2025"},"content":{"rendered":"<p class=\"mb-4 text-lg md:leading-8 break-words\"><strong>M\u00e9t\u00e9o &#8211; Aujourd&rsquo;hui, un important soleil rayonnera. Les temp\u00e9ratures seront de 15\u00b0C le matin et de 18\u00b0C l&rsquo;apr\u00e8s-midi&#8230;<\/strong><\/p>\n<p class=\"mb-4 text-lg md:leading-8 break-words\">Aujourd&rsquo;hui, Lille aura des valeurs d&rsquo;environ 15\u00b0C. Une l\u00e9g\u00e8re brise de nord soufflera. Le temps va progressivement s&rsquo;am\u00e9liorer dans la matin\u00e9e et laisser place \u00e0 des \u00e9claircies. Un magnifique soleil va briller et ce, tout au long de l&rsquo;apr\u00e8s-midi. Les temp\u00e9ratures seront comprises entre 15 et 19\u00b0C. Le ciel sera relativement lumineux, avec quelques \u00e9claircies le soir. C&rsquo;est un ciel d\u00e9pourvu de nuages que conna\u00eetra la nuit de mardi \u00e0 mercredi.<\/p>\n<p class=\"mb-4 text-lg md:leading-8 break-words\">Demain, les Lillois vont pouvoir b\u00e9n\u00e9ficier d&rsquo;un soleil radieux. Il va faire environ 15\u00b0C. Le matin, un modeste vent d&rsquo;est sera ressenti par les habitants. Les temp\u00e9ratures vont enregistrer une augmentation de plusieurs degr\u00e9s au cours de l&rsquo;apr\u00e8s-midi. Les valeurs afficheront entre 17 et 20\u00b0C. Des \u00e9claircies sont pr\u00e9vues : on passera une soir\u00e9e cl\u00e9mente. Les temp\u00e9ratures tourneront autour des 14\u00b0C. Un vent d&rsquo;est soufflera un peu, avec 14 km\/h.<\/p>\n<p class=\"mb-4 text-lg md:leading-8 break-words\">Pour les jours \u00e0 venir, la m\u00e9t\u00e9o ne bougera pas. Il fera 13\u00b0C en moyenne pour des journ\u00e9es avec un ciel ensoleill\u00e9.<\/p>\n<p class=\"mb-4 text-lg md:leading-8 break-words\"><a href=\"https:\/\/www.20minutes.fr\/planete\/previsions-meteo\/4176050-20250930-meteo-lille-previsions-mardi-30-septembre-2025?at_medium=RSS%20feed&amp;at_campaign=ynews&amp;utm_source=yahoo&amp;utm_medium=rss&amp;utm_campaign=news_feed&amp;utm_content=read_more_link&quot;\" rel=\"nofollow noopener\" target=\"_blank\" data-ylk=\"slk:Lire la suite sur 20minutes;elm:context_link;itc:0;sec:content-canvas\" class=\"link \">Lire la suite sur 20minutes<\/a><\/p>\n","protected":false},"excerpt":{"rendered":"M\u00e9t\u00e9o &#8211; Aujourd&rsquo;hui, un important soleil rayonnera. Les temp\u00e9ratures seront de 15\u00b0C le matin et de 18\u00b0C l&rsquo;apr\u00e8s-midi&#8230;&hellip;\n","protected":false},"author":2,"featured_media":427324,"comment_status":"","ping_status":"","sticky":false,"template":"","format":"standard","meta":{"footnotes":""},"categories":[2815],"tags":[1111,11,55607,1777,674,1011,27,811,44166,1307,2487,12,25,55606],"class_list":{"0":"post-427323","1":"post","2":"type-post","3":"status-publish","4":"format-standard","5":"has-post-thumbnail","7":"category-lille","8":"tag-actu","9":"tag-actualites","10":"tag-aujourdhui-2","11":"tag-eu","12":"tag-europe","13":"tag-fr","14":"tag-france","15":"tag-hauts-de-france","16":"tag-le-matin","17":"tag-lille","18":"tag-meteo","19":"tag-news","20":"tag-republique-francaise","21":"tag-vent-dest"},"share_on_mastodon":{"url":"https:\/\/pubeurope.com\/@fr\/115290404526056701","error":""},"_links":{"self":[{"href":"https:\/\/www.europesays.com\/fr\/wp-json\/wp\/v2\/posts\/427323","targetHints":{"allow":["GET"]}}],"collection":[{"href":"https:\/\/www.europesays.com\/fr\/wp-json\/wp\/v2\/posts"}],"about":[{"href":"https:\/\/www.europesays.com\/fr\/wp-json\/wp\/v2\/types\/post"}],"author":[{"embeddable":true,"href":"https:\/\/www.europesays.com\/fr\/wp-json\/wp\/v2\/users\/2"}],"replies":[{"embeddable":true,"href":"https:\/\/www.europesays.com\/fr\/wp-json\/wp\/v2\/comments?post=427323"}],"version-history":[{"count":0,"href":"https:\/\/www.europesays.com\/fr\/wp-json\/wp\/v2\/posts\/427323\/revisions"}],"wp:featuredmedia":[{"embeddable":true,"href":"https:\/\/www.europesays.com\/fr\/wp-json\/wp\/v2\/media\/427324"}],"wp:attachment":[{"href":"https:\/\/www.europesays.com\/fr\/wp-json\/wp\/v2\/media?parent=427323"}],"wp:term":[{"taxonomy":"category","embeddable":true,"href":"https:\/\/www.europesays.com\/fr\/wp-json\/wp\/v2\/categories?post=427323"},{"taxonomy":"post_tag","embeddable":true,"href":"https:\/\/www.europesays.com\/fr\/wp-json\/wp\/v2\/tags?post=427323"}],"curies":[{"name":"wp","href":"https:\/\/api.w.org\/{rel}","templated":true}]}}