{"id":427335,"date":"2025-09-30T00:31:11","date_gmt":"2025-09-30T00:31:11","guid":{"rendered":"https:\/\/www.europesays.com\/fr\/427335\/"},"modified":"2025-09-30T00:31:11","modified_gmt":"2025-09-30T00:31:11","slug":"une-loi-majeure-de-regulation-promulguee-en-californie","status":"publish","type":"post","link":"https:\/\/www.europesays.com\/fr\/427335\/","title":{"rendered":"une loi majeure de r\u00e9gulation promulgu\u00e9e en Californie"},"content":{"rendered":"<p>                          <img loading=\"lazy\" decoding=\"async\" src=\"https:\/\/www.europesays.com\/fr\/wp-content\/uploads\/2025\/09\/ffae388_ftp-import-images-1-a6tnpz0ohwyj-d5bb1c6fb78f48aa8710a031759b4201-1-41e952ade93c40f3a781f71e.jpeg\" alt=\"Le gouverneur de Californie, Gavin Newsom, \u00e0\u00a0Sacramento, le 21\u00a0ao\u00fbt\u00a02025. \"   width=\"664\" height=\"443\"\/>    Le gouverneur de Californie, Gavin Newsom, \u00e0\u00a0Sacramento, le 21\u00a0ao\u00fbt\u00a02025.  RICH PEDRONCELLI \/ AP                            <\/p>\n<p class=\"article__paragraph  \">La Silicon Valley est d\u00e9sormais soumise \u00e0 une loi californienne contre les dangers de l\u2019intelligence artificielle (IA). Le Golden State, o\u00f9 sont bas\u00e9s les g\u00e9ants am\u00e9ricains des technologies tels que Google, Meta, OpenAI (ChatGPT) et Anthropic, a mis en place, lundi 29\u00a0septembre, une l\u00e9gislation majeure de r\u00e9gulation de l\u2019IA, un an apr\u00e8s le rejet d\u2019un autre texte qui avait \u00e9t\u00e9 jug\u00e9 trop d\u00e9favorable \u00e0 l\u2019innovation.<\/p>\n<p class=\"article__paragraph  \">Le gouverneur d\u00e9mocrate, Gavin Newsom, a annonc\u00e9 avoir promulgu\u00e9 la loi SB\u00a053, arguant avoir trouv\u00e9 un \u00e9quilibre \u00ab\u00a0qui aide l\u2019Etat de Californie \u00e0 encourager l\u2019innovation tout en prot\u00e9geant la s\u00e9curit\u00e9 publique\u00a0\u00bb.<\/p>\n<p class=\"article__paragraph  \">Le texte est publi\u00e9 au moment o\u00f9 des dizaines de milliards de dollars d\u2019investissement dans l\u2019IA affluent dans la Silicon Valley mais o\u00f9 croissent aussi les inqui\u00e9tudes sur les d\u00e9rives possibles des mod\u00e8les les plus avanc\u00e9s.<\/p>\n<p>                                         Lire aussi (2024) |  Article r\u00e9serv\u00e9 \u00e0 nos abonn\u00e9s  <a href=\"https:\/\/www.lemonde.fr\/economie\/article\/2024\/09\/17\/en-californie-bataille-sur-la-reglementation-de-l-ia_6320849_3234.html\" class=\"js-article-read-also catcher--favoris__link\" data-premium=\"1\" id=\"article-title-3389600\" rel=\"nofollow noopener\" target=\"_blank\">En Californie, bataille sur la r\u00e9glementation de l\u2019IA<\/a>    <\/p>\n<p>   Lire plus tard  <\/p>\n<p class=\"article__paragraph  \">La loi promulgu\u00e9e lundi impose des obligations de transparence quasi in\u00e9dites pour les entreprises d\u00e9veloppant les mod\u00e8les d\u2019IA les plus complexes, en les contraignant de rendre public leurs protocoles de s\u00e9curit\u00e9, de signaler les incidents graves en moins de quinze jours et de prot\u00e9ger les lanceurs d\u2019alerte.<\/p>\n<p class=\"article__paragraph  \">Le texte, d\u00e9crit par ses promoteurs comme in\u00e9dit \u00e0 l\u2019\u00e9chelle mondiale, oblige les entreprises \u00e0\u00a0signaler les comportements trompeurs dangereux de l\u2019IA pendant les tests. Par exemple, si un mod\u00e8le ment sur l\u2019efficacit\u00e9 des contr\u00f4les con\u00e7us pour l\u2019emp\u00eacher d\u2019aider \u00e0 fabriquer des armes biologiques ou nucl\u00e9aires, les d\u00e9veloppeurs doivent d\u00e9voiler l\u2019incident s\u2019il augmente consid\u00e9rablement les risques de dommages.<\/p>\n<p>                      \u00ab\u00a0Des progr\u00e8s inqui\u00e9tants\u00a0\u00bb                      <\/p>\n<p class=\"article__paragraph  \">\u00ab\u00a0Les propres rapports des entreprises de pointe de l\u2019IA r\u00e9v\u00e8lent des progr\u00e8s inqui\u00e9tants dans toutes les cat\u00e9gories de menaces\u00a0\u00bb, soulignait en juin le groupe de r\u00e9flexion mis en place par le gouverneur Newsom pour affiner le texte sous l\u2019\u00e9gide d\u2019experts de renom, dont Fei-Fei Li de l\u2019universit\u00e9 Stanford, surnomm\u00e9e la \u00ab\u00a0marraine de l\u2019IA\u00a0\u00bb.<\/p>\n<p class=\"article__paragraph  \">Le s\u00e9nateur d\u00e9mocrate local \u00e0 l\u2019origine du texte, Scott Wiener, avait vu son pr\u00e9c\u00e9dent projet rejet\u00e9 in extremis par un veto du gouverneur en\u00a02024. Son texte initial avait profond\u00e9ment divis\u00e9 la Silicon Valley, dont certains leaders l\u2019accusaient de risquer de faire fuir les innovateurs d\u00e8s le d\u00e9but de la \u00ab\u00a0r\u00e9volution de l\u2019IA\u00a0\u00bb.<\/p>\n<p>                                         Lire aussi (2024) |  Article r\u00e9serv\u00e9 \u00e0 nos abonn\u00e9s  <a href=\"https:\/\/www.lemonde.fr\/economie\/article\/2024\/09\/30\/le-gouverneur-de-californie-met-son-veto-a-la-loi-sur-la-securite-de-l-ia_6339529_3234.html\" class=\"js-article-read-also catcher--favoris__link\" data-premium=\"1\" id=\"article-title-3391606\" rel=\"nofollow noopener\" target=\"_blank\">Le gouverneur de Californie met son veto \u00e0 la loi sur la s\u00e9curit\u00e9 de l\u2019IA<\/a>    <\/p>\n<p>   Lire plus tard  <\/p>\n<p class=\"article__paragraph  \">La nouvelle loi californienne entre par ailleurs en vigueur apr\u00e8s l\u2019\u00e9chec de l\u2019administration Trump de bloquer toute r\u00e9gulation de l\u2019IA par des Etats am\u00e9ricains, au motif qu\u2019elle ralentirait le pays dans sa comp\u00e9tition avec la Chine.<\/p>\n<p> Le Monde Guides d\u2019achat  <\/p>\n<p> <a href=\"https:\/\/www.lemonde.fr\/guides-d-achat\/article\/2022\/06\/15\/les-meilleures-gourdes-pour-remplacer-les-bouteilles-jetables_6130466_5306571.html\" class=\"inread__link js-services-inread-link\" target=\"_blank\" rel=\"nofollow noopener\">  <\/p>\n<p>Gourdes r\u00e9utilisables<\/p>\n<p>Les meilleures gourdes pour remplacer les bouteilles jetables<\/p>\n<p>Lire<\/p>\n<p> <\/a>      <\/p>\n<p> Newsletter  <\/p>\n<p> <a href=\"https:\/\/www.lemonde.fr\/newsletters\/a-la-une\/\" class=\"inread__link js-services-inread-link\" target=\"_blank\" rel=\"nofollow noopener\">  <\/p>\n<p>\u00ab A la une \u00bb<\/p>\n<p>Chaque matin, parcourez l&rsquo;essentiel de l&rsquo;actualit\u00e9 du jour avec les derniers titres du \u00ab Monde \u00bb<\/p>\n<p>S&rsquo;inscrire<\/p>\n<p> <\/a>      <\/p>\n<p> Newsletter  <\/p>\n<p> <a href=\"https:\/\/www.lemonde.fr\/newsletters\/la-revue-du-monde\/\" class=\"inread__link js-services-inread-link\" target=\"_blank\" rel=\"nofollow noopener\">  <\/p>\n<p>\u00ab La revue du Monde \u00bb<\/p>\n<p>Chaque week-end, la r\u00e9daction s\u00e9lectionne les articles de la semaine qu\u2019il ne fallait pas manquer<\/p>\n<p>S&rsquo;inscrire<\/p>\n<p> <\/a>          <\/p>\n<p> Le Monde Jeux   <\/p>\n<p> <a href=\"https:\/\/jeux.lemonde.fr\/?inread\" class=\"inread__link js-services-inread-link\" target=\"_blank\" rel=\"nofollow noopener\">  <\/p>\n<p>Chaque jour de nouvelles grilles de mots crois\u00e9s, Sudoku et mots trouv\u00e9s.<\/p>\n<p>Jouer<\/p>\n<p> <\/a>      <\/p>\n<p> Newsletter abonn\u00e9s  <\/p>\n<p> <a href=\"https:\/\/www.lemonde.fr\/newsletters\/la-lettre-eco\/\" class=\"inread__link js-services-inread-link\" target=\"_blank\" rel=\"nofollow noopener\">  <\/p>\n<p>\u00ab La lettre \u00e9co \u00bb<\/p>\n<p>Le regard du \u00ab Monde \u00bb sur l\u2019actualit\u00e9 \u00e9conomique du jour<\/p>\n<p>S&rsquo;inscrire<\/p>\n<p> <\/a>          <\/p>\n<p> Newsletter abonn\u00e9s  <\/p>\n<p> <a href=\"https:\/\/www.lemonde.fr\/newsletters\/la-lettre-des-idees\/\" class=\"inread__link js-services-inread-link\" target=\"_blank\" rel=\"nofollow noopener\">  <\/p>\n<p>\u00ab La lettre des id\u00e9es \u00bb<\/p>\n<p>Votre rendez-vous avec la vie intellectuelle<\/p>\n<p>S&rsquo;inscrire<\/p>\n<p> <\/a>      <\/p>\n<p> Newsletter abonn\u00e9s  <\/p>\n<p> <a href=\"https:\/\/www.lemonde.fr\/newsletters\/la-lettre-eco\/\" class=\"inread__link js-services-inread-link\" target=\"_blank\" rel=\"nofollow noopener\">  <\/p>\n<p>\u00ab La lettre \u00e9co \u00bb<\/p>\n<p>Le regard du \u00ab Monde \u00bb sur l\u2019actualit\u00e9 \u00e9conomique du jour<\/p>\n<p>S&rsquo;inscrire<\/p>\n<p> <\/a>             <\/p>\n<p class=\"article__paragraph  \">Pour le s\u00e9nateur Wiener, sa loi a aussi le m\u00e9rite de rendre publics les protocoles de s\u00e9curit\u00e9, l\u00e0 o\u00f9 le texte de r\u00e9f\u00e9rence de l\u2019Union europ\u00e9enne, certes plus contraignant, limite leur transmission aux autorit\u00e9s.<\/p>\n<p>                                         Lire aussi |  Article r\u00e9serv\u00e9 \u00e0 nos abonn\u00e9s  <a href=\"https:\/\/www.lemonde.fr\/economie\/article\/2025\/08\/02\/l-entree-en-vigueur-du-reglement-europeen-sur-l-ia-nouveau-terrain-d-affrontement-europe-etats-unis_6626215_3234.html\" class=\"js-article-read-also catcher--favoris__link\" data-premium=\"1\" id=\"article-title-3433447\" rel=\"nofollow noopener\" target=\"_blank\">L\u2019entr\u00e9e en vigueur de l\u2019IA Act, nouveau terrain d\u2019affrontement entre l\u2019Europe et les Etats-Unis<\/a>    <\/p>\n<p>   Lire plus tard  <\/p>\n<p class=\"article__paragraph  \">Avant la promulgation du texte, plusieurs g\u00e9ants californiens de l\u2019IA, dont Meta, Google, OpenAI et <a href=\"https:\/\/www.lemonde.fr\/pixels\/article\/2024\/05\/14\/intelligence-artificielle-anthropic-lance-en-europe-claude-son-concurrent-a-chatgpt_6233030_4408996.html\" rel=\"nofollow noopener\" target=\"_blank\">Anthropic (\u00e0 l\u2019origine du mod\u00e8le Claude)<\/a> avaient pris des engagements volontaires pour mener des tests de s\u00e9curit\u00e9 et pour b\u00e2tir des protocoles robustes. La nouvelle loi californienne codifie et \u00e9tend ces engagements.<\/p>\n<p class=\"author__detail\">  Le Monde avec AFP  <\/p>\n<p>                  <a href=\"https:\/\/www.lemonde.fr\/syndication\/\" class=\"reuse__content\" title=\"R\u00e9utiliser ce contenu\" target=\"_blank\" rel=\"nofollow noopener\">R\u00e9utiliser ce contenu<\/a>      <\/p>\n","protected":false},"excerpt":{"rendered":"Le gouverneur de Californie, Gavin Newsom, \u00e0\u00a0Sacramento, le 21\u00a0ao\u00fbt\u00a02025. RICH PEDRONCELLI \/ AP La Silicon Valley est d\u00e9sormais&hellip;\n","protected":false},"author":2,"featured_media":427336,"comment_status":"","ping_status":"","sticky":false,"template":"","format":"standard","meta":{"footnotes":""},"categories":[1888],"tags":[1111,1928,11,1927,1777,674,1011,27,12,1926,626,1925,25],"class_list":{"0":"post-427335","1":"post","2":"type-post","3":"status-publish","4":"format-standard","5":"has-post-thumbnail","7":"category-paris","8":"tag-actu","9":"tag-actu-paris","10":"tag-actualites","11":"tag-actualites-paris","12":"tag-eu","13":"tag-europe","14":"tag-fr","15":"tag-france","16":"tag-news","17":"tag-news-paris","18":"tag-paris","19":"tag-paris-news","20":"tag-republique-francaise"},"share_on_mastodon":{"url":"https:\/\/pubeurope.com\/@fr\/115290432529173963","error":""},"_links":{"self":[{"href":"https:\/\/www.europesays.com\/fr\/wp-json\/wp\/v2\/posts\/427335","targetHints":{"allow":["GET"]}}],"collection":[{"href":"https:\/\/www.europesays.com\/fr\/wp-json\/wp\/v2\/posts"}],"about":[{"href":"https:\/\/www.europesays.com\/fr\/wp-json\/wp\/v2\/types\/post"}],"author":[{"embeddable":true,"href":"https:\/\/www.europesays.com\/fr\/wp-json\/wp\/v2\/users\/2"}],"replies":[{"embeddable":true,"href":"https:\/\/www.europesays.com\/fr\/wp-json\/wp\/v2\/comments?post=427335"}],"version-history":[{"count":0,"href":"https:\/\/www.europesays.com\/fr\/wp-json\/wp\/v2\/posts\/427335\/revisions"}],"wp:featuredmedia":[{"embeddable":true,"href":"https:\/\/www.europesays.com\/fr\/wp-json\/wp\/v2\/media\/427336"}],"wp:attachment":[{"href":"https:\/\/www.europesays.com\/fr\/wp-json\/wp\/v2\/media?parent=427335"}],"wp:term":[{"taxonomy":"category","embeddable":true,"href":"https:\/\/www.europesays.com\/fr\/wp-json\/wp\/v2\/categories?post=427335"},{"taxonomy":"post_tag","embeddable":true,"href":"https:\/\/www.europesays.com\/fr\/wp-json\/wp\/v2\/tags?post=427335"}],"curies":[{"name":"wp","href":"https:\/\/api.w.org\/{rel}","templated":true}]}}