{"id":427345,"date":"2025-09-30T00:36:17","date_gmt":"2025-09-30T00:36:17","guid":{"rendered":"https:\/\/www.europesays.com\/fr\/427345\/"},"modified":"2025-09-30T00:36:17","modified_gmt":"2025-09-30T00:36:17","slug":"guerre-en-ukraine-moscou-veut-enroler-135-000-hommes-pour-sa-campagne-de-conscription-dautomne","status":"publish","type":"post","link":"https:\/\/www.europesays.com\/fr\/427345\/","title":{"rendered":"Guerre en Ukraine : Moscou veut enr\u00f4ler 135.000 hommes pour sa campagne de conscription d&rsquo;automne"},"content":{"rendered":"<ul class=\"jsx-862013697 ArticleChapo__List\">\n<li class=\"jsx-862013697 ArticleChapo__List_Item flex\">La campagne de conscription militaire d&rsquo;automne en Russie a pour objectif cette ann\u00e9e de recruter 135.000 jeunes hommes \u00e2g\u00e9s de 18 \u00e0 30 ans.<\/li>\n<li class=\"jsx-862013697 ArticleChapo__List_Item flex\">Ces soldats devront \u00eatre recrut\u00e9s entre le 1\u1d49\u02b3 octobre et le 31 d\u00e9cembre pour effectuer leur service militaire obligatoire, qui dure un an en Russie.<\/li>\n<li class=\"jsx-862013697 ArticleChapo__List_Item flex\">Suivez les derni\u00e8res informations.<\/li>\n<\/ul>\n<p>Minute par minuteLE PRIX HAVEL POUR L&rsquo;UKRAINIEN MAXIME BOUTKEVITCH19:02<br class=\"jsx-494582681\"\/> 29 septembre 2025<\/p>\n<p>Le Conseil de l&rsquo;Europe a d\u00e9cern\u00e9 lundi son Prix des droits de l&rsquo;homme Vaclav Havel au journaliste ukrainien Maxime Boutkevitch, lib\u00e9r\u00e9 l&rsquo;an dernier apr\u00e8s avoir \u00e9t\u00e9 captur\u00e9 par les forces russes. Le prix, qui porte le nom de l&rsquo;ancien dissident puis pr\u00e9sident tch\u00e8que, est remis depuis 2013 par l&rsquo;Assembl\u00e9e parlementaire du Conseil de l&rsquo;Europe (APCE), qui r\u00e9unit 46 pays et sert de vigie de la d\u00e9mocratie et des droits de l&rsquo;homme sur le continent. La Russie en a \u00e9t\u00e9 exclue apr\u00e8s son invasion de l&rsquo;Ukraine en 2022.<\/p>\n<p>Volontaire dans les forces ukrainiennes apr\u00e8s l&rsquo;invasion russe de f\u00e9vrier 2022, Maxime Boutkevitch est captur\u00e9 en juin de la m\u00eame ann\u00e9e, puis condamn\u00e9 \u00e0 13 ans de prison en mars 2023 par les forces de Moscou, avant d&rsquo;\u00eatre lib\u00e9r\u00e9 en octobre 2024 dans le cadre d&rsquo;un \u00e9change de prisonniers. Premier Ukrainien \u00e0 recevoir le prix Vaclav Havel, le journaliste de 48 ans est le fondateur de la radio ind\u00e9pendante Hromadske Radio et cofondateur du centre de d\u00e9fense des libert\u00e9s Zmina.<\/p>\n<p><img decoding=\"async\" src=\"https:\/\/www.europesays.com\/fr\/wp-content\/uploads\/2025\/09\/prix-havel-maxime-boutkevitch-f07cf8-0@1x.jpeg\" alt=\"AFP\" loading=\"lazy\" importance=\"low\" fetchpriority=\"low\" class=\"\"\/>AFPSURVOL DE DRONES DANS LA ZONE OTAN18:58<br class=\"jsx-494582681\"\/> 29 septembre 2025<\/p>\n<p>\u00ab\u00a0Il n&rsquo;y a pas de fum\u00e9e sans feu\u00a0\u00bb. Dans un message post\u00e9 sur X ce lundi, Volodymyr Zelensky est revenu sur les diff\u00e9rents survols de drones dans plusieurs pays de la zone Otan, de l&rsquo;Estonie \u00e0 la Pologne, en passant par le Danemark. \u00ab\u00a0Il s&rsquo;agit de risques r\u00e9els : ces survols sont des violations de l&rsquo;espace a\u00e9rien, des fronti\u00e8res, mais aussi du droit international\u00a0\u00bb, assure le pr\u00e9sident ukrainien.\u00a0<\/p>\n<p>\u00ab\u00a0La r\u00e9ponse ne doit pas uniquement \u00eatre focalis\u00e9e sur le pays concern\u00e9 ; ils doivent consid\u00e9rer que toute l&rsquo;Europe est sous l&rsquo;effet de potentielles actions agressives de la Russie. Par cons\u00e9quent, tout le monde doit \u00eatre prot\u00e9g\u00e9\u00a0\u00bb, explique le chef d&rsquo;\u00c9tat, qui appelle par ailleurs \u00e0 une r\u00e9ponse \u00ab\u00a0d&rsquo;une seule voix\u00a0\u00bb.<\/p>\n<blockquote data-testid=\"EmbedTwitter\" id=\"tweet-1972654849620635979-:R3j29lkmcmj9n79m:\" class=\"jsx-aeff1a1c40f54d7a twitter-tweet flex justify-center items-center\"><p>Regarding Russian drone and aircraft encroachments into international airspace. Estonia, Poland, Denmark, and Norway have been affected \u2013 and Sweden has already signaled its concern on the matter. There\u2019s no smoke without fire. All these are definite risks: all these are\u2026 \u2014 Volodymyr Zelenskyy \/ \u0412\u043e\u043b\u043e\u0434\u0438\u043c\u0438\u0440 \u0417\u0435\u043b\u0435\u043d\u0441\u044c\u043a\u0438\u0439 (@ZelenskyyUa)  September 29, 2025<\/p><\/blockquote>\n<p>LA RUSSIE SE RETIRE D&rsquo;UNE CONVENTION EUROP\u00c9ENNE CONTRE LA TORTURE17:28<br class=\"jsx-494582681\"\/> 29 septembre 2025<\/p>\n<p>Vladimir Poutine a sign\u00e9 lundi une loi pour retirer la Russie de la Convention europ\u00e9enne pour la pr\u00e9vention de la torture, cr\u00e9\u00e9e par le Conseil de l&rsquo;Europe, dont Moscou a \u00e9t\u00e9 exclu en mars 2022 apr\u00e8s son offensive contre l&rsquo;Ukraine. Selon un document publi\u00e9 par les autorit\u00e9s, le pr\u00e9sident russe a sign\u00e9 cette loi adopt\u00e9e pr\u00e9c\u00e9demment par le Parlement qui avait accus\u00e9 le Conseil de l&rsquo;Europe, bas\u00e9 \u00e0 Strasbourg, en France, de \u00ab\u00a0discrimination\u00a0\u00bb contre la Russie.<\/p>\n<p>La Convention europ\u00e9enne pour la pr\u00e9vention de la torture, ratifi\u00e9e par les 46 \u00c9tats membres actuels du Conseil de l&rsquo;Europe, vise \u00e0 prot\u00e9ger les personnes d\u00e9tenues de possibles violences et pr\u00e9voit notamment des contr\u00f4les dans les prisons.<\/p>\n<p>SERVICE MILITAIRE RUSSE15:11<br class=\"jsx-494582681\"\/> 29 septembre 2025<\/p>\n<p>La campagne de conscription militaire d&rsquo;automne en Russie a pour objectif cette ann\u00e9e de recruter 135.000 jeunes hommes \u00e2g\u00e9s de 18 \u00e0 30 ans, selon un d\u00e9cret sign\u00e9 lundi par le pr\u00e9sident Vladimir Poutine. Ces soldats devront \u00eatre recrut\u00e9s entre le 1er octobre et le 31 d\u00e9cembre pour effectuer leur service militaire obligatoire, qui dure un an en Russie. Le pays organise chaque ann\u00e9e deux campagnes d&rsquo;enr\u00f4lement, l&rsquo;une au printemps et l&rsquo;autre \u00e0 l&rsquo;automne.<\/p>\n<p>Depuis le d\u00e9but de son attaque \u00e0 grande \u00e9chelle contre l&rsquo;Ukraine, en f\u00e9vrier 2022, l&rsquo;arm\u00e9e russe assure que ces recrues ne sont pas d\u00e9ploy\u00e9es sur le champ de bataille contre les troupes ukrainiennes et effectuent des t\u00e2ches subalternes en Russie.<\/p>\n<p>LA RUSSIE SUREMENT A L&rsquo;ORIGINE DES SURVOLS DE DRONES AU DANEMARK12:22<br class=\"jsx-494582681\"\/> 29 septembre 2025<\/p>\n<p>La Russie est probablement \u00e0 l&rsquo;origine des r\u00e9cents vols de drones au-dessus de plusieurs a\u00e9roports scandinaves, intervenus \u00e0 quelques jours d&rsquo;un sommet europ\u00e9en \u00e0 Copenhague, a d\u00e9clar\u00e9 lundi le Premier ministre su\u00e9dois Ulf Kristersson.<\/p>\n<p>Des drones ont \u00e9t\u00e9 aper\u00e7us \u00e0 plusieurs reprises au Danemark et en Norv\u00e8ge depuis le 22 septembre, et ont provoqu\u00e9 de br\u00e8ves fermetures de plusieurs a\u00e9roports.\u00a0<\/p>\n<p>\u00ab\u00a0La probabilit\u00e9 que la Russie veuille envoyer un message aux pays qui soutiennent l&rsquo;Ukraine est assez \u00e9lev\u00e9e\u00a0\u00bb, mais \u00ab\u00a0personne ne le sait vraiment\u00a0\u00bb, a dit le Premier ministre su\u00e9dois \u00e0 la cha\u00eene de t\u00e9l\u00e9vision TV4.<\/p>\n<p>KELLOGG N&rsquo;EXCLUT PAS DES FRAPPES EN PROFONDEUR DE L&rsquo;UKRAINE CONTRE LA RUSSIE11:42<br class=\"jsx-494582681\"\/> 29 septembre 2025<\/p>\n<p>Des frappes en profondeur de l&rsquo;Ukraine contre la Russie avec des armes am\u00e9ricaines ne sont pas \u00e0 exclure, a affirm\u00e9 dimanche l&rsquo;\u00e9missaire am\u00e9ricain pour l&rsquo;Ukraine Keith Kellogg, sur la cha\u00eene Fox News.<\/p>\n<p>Interrog\u00e9 pour savoir si le pr\u00e9sident Donald Trump avait autoris\u00e9 l&rsquo;Ukraine \u00e0 utiliser des missiles longue port\u00e9e contre la Russie, Keith Kellogg a r\u00e9pondu: \u00ab\u00a0en lisant ce que (Donald Trump) a dit, ce que le vice-pr\u00e9sident (JD) Vance a dit et ce que le secr\u00e9taire d&rsquo;\u00c9tat (Marco) Rubio a dit, la r\u00e9ponse est oui\u00a0\u00bb. \u00ab\u00a0Utilisez la capacit\u00e9 de frapper en profondeur. Il n&rsquo;existe pas de sanctuaires\u00a0\u00bb, a affirm\u00e9 M. Kellogg.<\/p>\n<p>Ces d\u00e9clarations s&rsquo;inscrivent dans un changement de ton significatif de l&rsquo;administration Trump vis-\u00e0-vis du conflit depuis quelques jours.<\/p>\n<p>LA RUSSIE \u00ab\u00a0A \u00c9CHOU\u00c9 \u00c0 D\u00c9STABILISER LA MOLDAVIE\u00a0\u00bb SELON ZELENSKY11:25<br class=\"jsx-494582681\"\/> 29 septembre 2025<\/p>\n<p>La pr\u00e9sident ukrainien Volodymyr Zelensky a affirm\u00e9 lundi que la Russie avait \u00ab\u00a0\u00e9chou\u00e9 \u00e0 d\u00e9stabiliser la Moldavie\u00a0\u00bb, au lendemain de la victoire du camp pro-europ\u00e9en aux \u00e9lections l\u00e9gislatives dans ce pays voisin.\u00a0<\/p>\n<p>\u00ab\u00a0La Russie n&rsquo;a pas r\u00e9ussi \u00e0 d\u00e9stabiliser la Moldavie m\u00eame apr\u00e8s avoir d\u00e9pens\u00e9 d&rsquo;\u00e9normes ressources\u00a0\u00bb, a lanc\u00e9 M. Zelensky dans un discours par vid\u00e9o lors d&rsquo;un forum s\u00e9curitaire \u00e0 Varsovie. \u00ab\u00a0L&rsquo;influence subversive de la Russie ne s&rsquo;\u00e9tendra pas davantage en Europe\u00a0\u00bb, a-t-il ajout\u00e9.<\/p>\n<p>2 MORTS DANS UN INCENDIE LI\u00c9 A UNE ATTAQUE DE DRONES EN RUSSIE09:24<br class=\"jsx-494582681\"\/> 29 septembre 2025<\/p>\n<p>Une femme \u00e2g\u00e9e et son petit-fils de 6 ans ont \u00e9t\u00e9 tu\u00e9s lundi dans un incendie provoqu\u00e9 par une attaque de drones ukrainiens dans la r\u00e9gion de Moscou, a indiqu\u00e9 le gouverneur r\u00e9gional, Andre\u00ef Vorobiov. Dans la nuit, \u00ab\u00a0quatre drones ont \u00e9t\u00e9 abattus par les syst\u00e8mes de d\u00e9fense anti-a\u00e9rienne \u00e0 Voskressensk et Kolomna\u00a0\u00bb, deux localit\u00e9s dans la r\u00e9gion de Moscou, a \u00e9crit M. Vorobiov sur Telegram.<\/p>\n<p>A Voskressensk, cette attaque a provoqu\u00e9 la mort d&rsquo;une femme de 76 ans et son petit-fils de 6 ans qui ont p\u00e9ri dans \u00ab\u00a0l&rsquo;incendie de leur maison\u00a0\u00bb, provoqu\u00e9 par la chute d&rsquo;un drone, selon la m\u00eame source.<\/p>\n<p>Dans plusieurs autres maisons de cette ville, des vitres ont \u00e9t\u00e9 bris\u00e9es, des murs endommag\u00e9s et l&rsquo;\u00e9clairage des rues perturb\u00e9, a ajout\u00e9 M. Vorobiov.<\/p>\n<p>L&rsquo;ARM\u00c9E RUSSE DIT AVOIR INTERCEPTE 84 DRONES08:38<br class=\"jsx-494582681\"\/> 29 septembre 2025<\/p>\n<p>Le minist\u00e8re russe de la D\u00e9fense a annonc\u00e9 ce lundi sur Telegram avoir intercept\u00e9 84 drones ukrainiens dans la nuit. Selon des t\u00e9moignages de riverains recueillis par Astra, une usine de connecteurs \u00e9lectriques destin\u00e9s \u00e0 des fins militaires a \u00e9t\u00e9 touch\u00e9e.<\/p>\n<p>ATTAQUE RUSSE07:26<br class=\"jsx-494582681\"\/> 29 septembre 2025<\/p>\n<p>Une attaque massive de centaines de drones et missiles russes contre l&rsquo;Ukraine a fait dimanche au moins quatre morts \u00e0 Kiev, parmi lesquels une fillette de 12 ans, et plus de 80 bless\u00e9s \u00e0 travers le pays, ont annonc\u00e9 les autorit\u00e9s locales.<\/p>\n<p>Cette vague de bombardements, qui a dur\u00e9 12 heures selon Kiev, survient apr\u00e8s l&rsquo;avertissement de Moscou aux puissances de l&rsquo;Otan contre toute r\u00e9action aux incursions russes pr\u00e9sum\u00e9es ces derniers jours dans leur espace a\u00e9rien.<\/p>\n<p>BONJOUR06:17<br class=\"jsx-494582681\"\/> 29 septembre 2025<\/p>\n<p>Bienvenue dans notre direct consacr\u00e9 \u00e0 la guerre en Ukraine<\/p>\n<p data-module=\"article-paragraph\" class=\"jsx-3046738180 Paragraph Paragraph__End\">Les bombardements ont dur\u00e9 12 heures et fait au moins quatre morts dont une fillette de 12 ans. La Russie a men\u00e9, dimanche 28 septembre, une attaque massive de centaines de drones et missiles contre l&rsquo;Ukraine. Cette vague de bombardements survient <a href=\"https:\/\/www.tf1info.fr\/international\/video-quelle-riposte-face-aux-incursions-russes-jean-noel-barrot-repond-sur-lci-2397201.html\" target=\"_blank\" rel=\"noopener\">apr\u00e8s l&rsquo;avertissement de Moscou aux puissances de l&rsquo;Otan<\/a> contre toute r\u00e9action aux incursions russes pr\u00e9sum\u00e9es ces derniers jours dans leur espace a\u00e9rien. \u00ab\u00a0Moscou veut continuer \u00e0 se battre et \u00e0 tuer et ne m\u00e9rite que la pression la plus s\u00e9v\u00e8re de la part du monde entier\u00a0\u00bb, a exhort\u00e9 le pr\u00e9sident ukrainien, Volodymyr Zelensky, apr\u00e8s les frappes.<\/p>\n<p data-module=\"article-paragraph\" class=\"jsx-3046738180 Paragraph Paragraph__End\">De son c\u00f4t\u00e9, le minist\u00e8re russe de la D\u00e9fense a d\u00e9clar\u00e9 dimanche que 41 drones ukrainiens avaient \u00e9t\u00e9 abattus dans la nuit. \u00c0 l&rsquo;ouest de l&rsquo;Ukraine, la Pologne a mobilis\u00e9 son aviation de fa\u00e7on \u00ab\u00a0pr\u00e9ventive\u00a0\u00bb pendant la nuit pour prot\u00e9ger la population, en particulier dans les zones frontali\u00e8res avec l\u2019Ukraine, ont pr\u00e9cis\u00e9 les autorit\u00e9s. L&rsquo;attaque russe a \u00e9galement eu lieu avant les <a href=\"https:\/\/www.tf1info.fr\/international\/elections-en-moldavie-le-parti-pro-europeen-pas-en-tete-des-legislatives-2397383.html\" target=\"_blank\" rel=\"noopener\">\u00e9lections l\u00e9gislatives en Moldavie<\/a>, autre pays voisin de l&rsquo;Ukraine, qui choisit dimanche son avenir entre la poursuite sur la voie de l&rsquo;UE ou un rapprochement avec Moscou.<\/p>\n<p><a href=\"https:\/\/www.tf1info.fr\/international\/en-direct-guerre-en-ukraine-face-a-la-menace-russe-l-europe-veut-renforcer-sa-securite-avec-un-mur-anti-drones-les-informations-samedi-27-septembre-2025-2397162.html\" rel=\"noopener\" class=\"jsx-3308031228 Link flex\" target=\"_blank\"><img decoding=\"async\" src=\"https:\/\/www.europesays.com\/fr\/wp-content\/uploads\/2025\/09\/centrale-nucleaire-de-zaporijia-2024-f3dc53-0@1x.jpeg\" alt=\"Reportage TF1\" loading=\"lazy\" importance=\"low\" fetchpriority=\"low\" class=\"\" aria-hidden=\"true\"\/><\/p>\n<p class=\"jsx-3657663356 ReadMoreArticle__Title\">Lire aussi<\/p>\n<p class=\"jsx-3657663356\">Guerre en Ukraine : Kiev accuse Moscou d&rsquo;avoir coup\u00e9 la centrale nucl\u00e9aire de Zaporijia du r\u00e9seau \u00e9lectrique<\/p>\n<p><\/a><\/p>\n<p data-module=\"article-paragraph\" class=\"jsx-3046738180 Paragraph Paragraph__End\">Parall\u00e8lement, l&rsquo;Otan a annonc\u00e9 dans la nuit de samedi \u00e0 dimanche le renforcement de sa \u00ab\u00a0vigilance\u00a0\u00bb et de ses moyens dans la r\u00e9gion Baltique, \u00e0 la suite de r\u00e9cents survols de drones au Danemark. Dimanche, Volodymyr Zelensky a dit s&rsquo;\u00eatre entretenu par t\u00e9l\u00e9phone avec Mark Rutte, le chef de l&rsquo;Alliance atlantique, et lui avoir donn\u00e9 \u00ab\u00a0des d\u00e9tails\u00a0\u00bb sur les bombardements russes nocturnes. Dans son allocution du soir, le pr\u00e9sident ukrainien a affirm\u00e9 avoir des \u00ab\u00a0informations de services de renseignement\u00a0\u00bb indiquant que des tankers russes \u00e9taient utilis\u00e9s pour \u00ab\u00a0lancer\u00a0\u00bb et \u00ab\u00a0piloter\u00a0\u00bb ces drones et a appel\u00e9 \u00e0 interdire la navigation de ces navires \u00ab\u00a0en mer Baltique et dans d&rsquo;autres mers\u00a0\u00bb.<\/p>\n<p>La r\u00e9daction de TF1info<\/p>\n","protected":false},"excerpt":{"rendered":"La campagne de conscription militaire d&rsquo;automne en Russie a pour objectif cette ann\u00e9e de recruter 135.000 jeunes hommes&hellip;\n","protected":false},"author":2,"featured_media":427346,"comment_status":"","ping_status":"","sticky":false,"template":"","format":"standard","meta":{"footnotes":""},"categories":[1590],"tags":[1111,11,1921,5925,1777,674,28083,1922,12,136,2543,132,220,1917,133,1920,134],"class_list":{"0":"post-427345","1":"post","2":"type-post","3":"status-publish","4":"format-standard","5":"has-post-thumbnail","7":"category-ukraine","8":"tag-actu","9":"tag-actualites","10":"tag-article-video","11":"tag-conflits-et-guerre","12":"tag-eu","13":"tag-europe","14":"tag-guerre-en-ukraine-une-treve-sera-t-elle-possible","15":"tag-info","16":"tag-news","17":"tag-otan","18":"tag-relations-internationales","19":"tag-russie","20":"tag-ukraine","21":"tag-ukraine-4-annee-de-guerre","22":"tag-video","23":"tag-video-international","24":"tag-volodymyr-zelensky"},"share_on_mastodon":{"url":"https:\/\/pubeurope.com\/@fr\/115290452143686085","error":""},"_links":{"self":[{"href":"https:\/\/www.europesays.com\/fr\/wp-json\/wp\/v2\/posts\/427345","targetHints":{"allow":["GET"]}}],"collection":[{"href":"https:\/\/www.europesays.com\/fr\/wp-json\/wp\/v2\/posts"}],"about":[{"href":"https:\/\/www.europesays.com\/fr\/wp-json\/wp\/v2\/types\/post"}],"author":[{"embeddable":true,"href":"https:\/\/www.europesays.com\/fr\/wp-json\/wp\/v2\/users\/2"}],"replies":[{"embeddable":true,"href":"https:\/\/www.europesays.com\/fr\/wp-json\/wp\/v2\/comments?post=427345"}],"version-history":[{"count":0,"href":"https:\/\/www.europesays.com\/fr\/wp-json\/wp\/v2\/posts\/427345\/revisions"}],"wp:featuredmedia":[{"embeddable":true,"href":"https:\/\/www.europesays.com\/fr\/wp-json\/wp\/v2\/media\/427346"}],"wp:attachment":[{"href":"https:\/\/www.europesays.com\/fr\/wp-json\/wp\/v2\/media?parent=427345"}],"wp:term":[{"taxonomy":"category","embeddable":true,"href":"https:\/\/www.europesays.com\/fr\/wp-json\/wp\/v2\/categories?post=427345"},{"taxonomy":"post_tag","embeddable":true,"href":"https:\/\/www.europesays.com\/fr\/wp-json\/wp\/v2\/tags?post=427345"}],"curies":[{"name":"wp","href":"https:\/\/api.w.org\/{rel}","templated":true}]}}