{"id":427347,"date":"2025-09-30T00:37:33","date_gmt":"2025-09-30T00:37:33","guid":{"rendered":"https:\/\/www.europesays.com\/fr\/427347\/"},"modified":"2025-09-30T00:37:33","modified_gmt":"2025-09-30T00:37:33","slug":"maduro-pret-a-decreter-letat-durgence-en-cas-dagression-des-etats-unis-selon-sa-vice-presidente","status":"publish","type":"post","link":"https:\/\/www.europesays.com\/fr\/427347\/","title":{"rendered":"Maduro pr\u00eat \u00e0 d\u00e9cr\u00e9ter l\u2019\u00e9tat d\u2019urgence en cas d\u2019\u00abagression\u00bb des \u00c9tats-Unis, selon sa vice-pr\u00e9sidente"},"content":{"rendered":"<p>Alors que l\u2019escalade des tensions se poursuit entre Nicol\u00e1s Maduro et Donald Trump, Delcy Rodr\u00edguez a pris la parole ce lundi.<\/p>\n<p class=\"fig-paragraph\">Le pr\u00e9sident v\u00e9n\u00e9zu\u00e9lien\u00a0<a href=\"http:\/\/www.lefigaro.fr\/international\/imbeciles-imperialistes-au-venezuela-nicolas-maduro-se-moque-de-youtube-qui-a-supprime-sa-chaine-20250927\" data-fig-type=\"NewsFlash\" data-gtm-custom-categorie=\"navigation\" data-gtm-custom-action=\"crossclick\" data-gtm-custom-label=\"Contextuel\" data-gtm-event=\"customEventSPE\" data-fig-domain=\"LEFIGARO\" target=\"_blank\" rel=\"noopener\">Nicol\u00e1s Maduro<\/a>\u00a0est pr\u00eat \u00e0 d\u00e9cr\u00e9ter l\u2019\u00e9tat d\u2019urgence sur tout le territoire en cas d\u2019\u00abagression\u00bb des \u00c9tats-Unis qui ont d\u00e9ploy\u00e9 des navires de guerre dans les\u00a0<a href=\"http:\/\/www.lefigaro.fr\/international\/frappes-dans-les-caraibes-le-president-de-la-colombie-demande-une-procedure-penale-contre-trump-20250924\" data-fig-type=\"NewsFlash\" data-gtm-custom-categorie=\"navigation\" data-gtm-custom-action=\"crossclick\" data-gtm-custom-label=\"Contextuel\" data-gtm-event=\"customEventSPE\" data-fig-domain=\"LEFIGARO\" target=\"_blank\" rel=\"noopener\">Cara\u00efbes<\/a>, a annonc\u00e9 lundi la vice-pr\u00e9sidente Delcy Rodriguez. \u00abLe pr\u00e9sident a sign\u00e9 le d\u00e9cret sur les troubles ext\u00e9rieurs\u00bb, a d\u00e9clar\u00e9 Mme Rodriguez lors d\u2019une c\u00e9r\u00e9monie avec le corps diplomatique. Ce d\u00e9cret \u00abconf\u00e8re des pouvoirs sp\u00e9ciaux au chef de l\u2019\u00c9tat pour agir en mati\u00e8re de d\u00e9fense et de s\u00e9curit\u00e9\u00bb si les \u00c9tats-Unis \u00abosent agresser notre patrie\u00bb, a-t-elle ajout\u00e9.<\/p>\n<p class=\"fig-paragraph\">Une source gouvernementale sous couvert d\u2019anonymat a pr\u00e9cis\u00e9 \u00e0 l\u2019AFP que le pr\u00e9sident Maduro n\u2019avait pas encore sign\u00e9 le d\u00e9cret\u00a0: \u00abLa vice-pr\u00e9sidente a pr\u00e9sent\u00e9 le document pour montrer que tout \u00e9tait pr\u00eat et que le pr\u00e9sident pouvait le promulguer \u00e0 tout moment.\u00bb Les \u00c9tats-Unis ont d\u00e9ploy\u00e9 il y a plus d\u2019un mois des navires de guerre dans la mer des Cara\u00efbes et affirm\u00e9 qu\u2019au moins trois embarcations de pr\u00e9sum\u00e9s trafiquants de drogue en provenance du Venezuela avaient \u00e9t\u00e9 d\u00e9truites, tuant 14 personnes.<\/p>\n<p>                                    <a class=\"fig-a11y-skip a11y-hidden\" href=\"#fig-a11y-skip-main-inarticle\"><br \/>\n        Passer la publicit\u00e9<br \/>\n    <\/a><\/p>\n<p>\u00ab<strong>Nous ne livrerons jamais notre patrie\u00bb<\/strong><\/p>\n<p class=\"fig-paragraph\">Le pr\u00e9sident am\u00e9ricain Donald Trump a r\u00e9it\u00e9r\u00e9 lundi \u00e0 l\u2019ONU que les \u00c9tats-Unis utilisaient leur \u00abpuissance militaire\u00bb pour d\u00e9truire les \u00abr\u00e9seaux de trafic du Venezuela\u00bb dirig\u00e9s, selon lui, par M. Maduro, qui nie ces accusations. Le Venezuela parle d\u2019\u00abex\u00e9cutions\u00bb de p\u00eacheurs dans les Cara\u00efbes. M. Maduro avait d\u00e9j\u00e0 averti la semaine derni\u00e8re qu\u2019il pr\u00e9parait \u00abd\u2019importants d\u00e9crets\u00bb, sans expliquer quelles mesures s\u2019appliqueraient.<\/p>\n<p class=\"fig-paragraph\">Selon l\u2019article 336 de la Constitution, l\u2019\u00e9tat d\u2019urgence peut \u00eatre d\u00e9cr\u00e9t\u00e9 \u00aben cas de conflit interne ou externe mettant s\u00e9rieusement en danger la s\u00e9curit\u00e9 de la Nation (&#8230;) Il pourra durer jusqu\u2019\u00e0 quatre-vingt-dix jours, prorogeable jusqu\u2019\u00e0 quatre-vingt-dix jours suppl\u00e9mentaires\u00bb. Il pr\u00e9voit la \u00abrestriction temporaire\u00bb des droits constitutionnels. \u00abLe Venezuela est uni dans la d\u00e9fense de notre pays (&#8230;) Nous ne livrerons jamais notre patrie\u00bb, a ajout\u00e9 la vice-pr\u00e9sidente Rodriguez.<\/p>\n","protected":false},"excerpt":{"rendered":"Alors que l\u2019escalade des tensions se poursuit entre Nicol\u00e1s Maduro et Donald Trump, Delcy Rodr\u00edguez a pris la&hellip;\n","protected":false},"author":2,"featured_media":427348,"comment_status":"","ping_status":"","sticky":false,"template":"","format":"standard","meta":{"footnotes":""},"categories":[1589],"tags":[11,20409,73,1866,12,1864,1865,1863,308,337],"class_list":{"0":"post-427347","1":"post","2":"type-post","3":"status-publish","4":"format-standard","5":"has-post-thumbnail","7":"category-etats-unis","8":"tag-actualites","9":"tag-etat-durgence","10":"tag-etats-unis","11":"tag-etats-unis-damerique","12":"tag-news","13":"tag-united-states","14":"tag-united-states-of-america","15":"tag-us","16":"tag-usa","17":"tag-venezuela"},"share_on_mastodon":{"url":"https:\/\/pubeurope.com\/@fr\/115290455695983084","error":""},"_links":{"self":[{"href":"https:\/\/www.europesays.com\/fr\/wp-json\/wp\/v2\/posts\/427347","targetHints":{"allow":["GET"]}}],"collection":[{"href":"https:\/\/www.europesays.com\/fr\/wp-json\/wp\/v2\/posts"}],"about":[{"href":"https:\/\/www.europesays.com\/fr\/wp-json\/wp\/v2\/types\/post"}],"author":[{"embeddable":true,"href":"https:\/\/www.europesays.com\/fr\/wp-json\/wp\/v2\/users\/2"}],"replies":[{"embeddable":true,"href":"https:\/\/www.europesays.com\/fr\/wp-json\/wp\/v2\/comments?post=427347"}],"version-history":[{"count":0,"href":"https:\/\/www.europesays.com\/fr\/wp-json\/wp\/v2\/posts\/427347\/revisions"}],"wp:featuredmedia":[{"embeddable":true,"href":"https:\/\/www.europesays.com\/fr\/wp-json\/wp\/v2\/media\/427348"}],"wp:attachment":[{"href":"https:\/\/www.europesays.com\/fr\/wp-json\/wp\/v2\/media?parent=427347"}],"wp:term":[{"taxonomy":"category","embeddable":true,"href":"https:\/\/www.europesays.com\/fr\/wp-json\/wp\/v2\/categories?post=427347"},{"taxonomy":"post_tag","embeddable":true,"href":"https:\/\/www.europesays.com\/fr\/wp-json\/wp\/v2\/tags?post=427347"}],"curies":[{"name":"wp","href":"https:\/\/api.w.org\/{rel}","templated":true}]}}