{"id":427349,"date":"2025-09-30T00:38:27","date_gmt":"2025-09-30T00:38:27","guid":{"rendered":"https:\/\/www.europesays.com\/fr\/427349\/"},"modified":"2025-09-30T00:38:27","modified_gmt":"2025-09-30T00:38:27","slug":"le-royaume-uni-presse-israel-de-cesser-labomination-morale-et-la-perte-de-vies-humaines-a-gaza","status":"publish","type":"post","link":"https:\/\/www.europesays.com\/fr\/427349\/","title":{"rendered":"Le Royaume-Uni presse Isra\u00ebl de cesser \u00ab\u202fl\u2019abomination morale\u202f\u00bb et la \u00ab\u202fperte de vies humaines\u202f\u00bb \u00e0 Gaza"},"content":{"rendered":"<p>AA \/ Londres \/ Aysu Bicer<\/p>\n<p>La secr\u00e9taire britannique aux Affaires \u00e9trang\u00e8res, Yvette Cooper, a appel\u00e9 lundi le gouvernement isra\u00e9lien \u00e0 mettre un terme \u00e0 ce qu\u2019elle a qualifi\u00e9 \u00ab\u202fd\u2019abomination morale\u202f\u00bb, une campagne qui, a-t-elle averti, prive les civils palestiniens d\u2019acc\u00e8s \u00e0 la nourriture, \u00e0 l\u2019eau et aux m\u00e9dicaments, entra\u00eenant \u00ab\u202fune perte de vies humaines inconcevable\u202f\u00bb.<\/p>\n<p>Lors d\u2019un discours prononc\u00e9 avec force \u00e0 la Conf\u00e9rence du Parti travailliste britannique, Cooper a d\u00e9clar\u00e9\u202f: \u00ab\u202fAucune famille ne devrait subir une nouvelle perte. Le moment ne doit pas \u00eatre perdu. Le temps de la paix est maintenant.\u202f\u00bb<\/p>\n<p>Ses propos interviennent dans un contexte de crise humanitaire croissante \u00e0 Gaza, o\u00f9 la destruction g\u00e9n\u00e9ralis\u00e9e et les blocus ont laiss\u00e9 de larges pans de la population confront\u00e9s \u00e0 la famine, au manque de soins m\u00e9dicaux et \u00e0 la menace constante de violences.<\/p>\n<p>\u00ab\u202fLes civils palestiniens ne devraient pas passer un jour de plus dans la peur et la faim. Les otages ne devraient pas vivre un jour de plus dans l\u2019obscurit\u00e9 de la captivit\u00e9\u202f\u00bb, a soulign\u00e9 Cooper.<\/p>\n<p>Elle a insist\u00e9 sur l\u2019urgence de passer de la rh\u00e9torique \u00e0 l\u2019action.<\/p>\n<p>Selon elle, la reconnaissance d\u2019un \u00c9tat palestinien doit servir de moteur, et non de substitut, \u00e0 la diplomatie et \u00e0 la construction de la paix.<\/p>\n<p>Cooper a rappel\u00e9 que plusieurs gouvernements occidentaux \u2014 le Royaume-Uni, la France, le Canada, l\u2019Australie et le Portugal \u2014 ont rejoint 150 \u00c9tats ayant formellement reconnu la Palestine, dans le cadre d\u2019un \u00ab\u202fprocessus international crucial\u202f\u00bb.<\/p>\n<p>\u00ab\u202fLa pleine souverainet\u00e9 est un droit inali\u00e9nable pour les Palestiniens\u202f\u00bb, a-t-elle affirm\u00e9, ajoutant que cette reconnaissance traduit \u00ab\u202fnotre conviction profonde que le seul chemin possible est celui de deux \u00c9tats vivant c\u00f4te \u00e0 c\u00f4te\u202f\u00bb.<\/p>\n<p>Elle a cependant exclu tout r\u00f4le futur pour le groupe palestinien Hamas dans la gouvernance.<\/p>\n<p>Depuis octobre 2023, l\u2019arm\u00e9e isra\u00e9lienne a tu\u00e9 plus de 66\u202f000 Palestiniens, pour la plupart des femmes et des enfants, \u00e0 Gaza. Le bombardement incessant a rendu l\u2019enclave inhabitable et provoqu\u00e9 famine et propagation de maladies.<\/p>\n<p>Isra\u00ebl fait \u00e9galement face \u00e0 une plainte pour g\u00e9nocide devant la Cour internationale de Justice pour sa guerre contre l\u2019enclave.<\/p>\n<p>* Traduit de l&rsquo;anglais par Seyma Erkul Dayanc<\/p>\n<p>                            &#13;<br \/>\n                                <a href=\"https:\/\/www.aa.com.tr\/fr\/p\/abonnement\/1001\" target=\"_blank\" style=\"font-size:12px; color:#444; text-decoration:none;\" rel=\"nofollow noopener\">&#13;<br \/>\n                                    Seulement une partie des d\u00e9p\u00eaches, que l&rsquo;Agence Anadolu diffuse \u00e0 ses abonn\u00e9s via le Syst\u00e8me de Diffusion interne (HAS), est diffus\u00e9e sur le site de l&rsquo;AA, de mani\u00e8re r\u00e9sum\u00e9e. <b style=\"color:#1897F7\">Contactez-nous s&rsquo;il vous pla\u00eet pour vous abonner.<\/b>&#13;<br \/>\n                                <\/a>&#13;<\/p>\n","protected":false},"excerpt":{"rendered":"AA \/ Londres \/ Aysu Bicer La secr\u00e9taire britannique aux Affaires \u00e9trang\u00e8res, Yvette Cooper, a appel\u00e9 lundi le&hellip;\n","protected":false},"author":2,"featured_media":427350,"comment_status":"","ping_status":"","sticky":false,"template":"","format":"standard","meta":{"footnotes":""},"categories":[1588],"tags":[11,1785,1777,674,3819,12,473,1853,1851,1850,1852],"class_list":{"0":"post-427349","1":"post","2":"type-post","3":"status-publish","4":"format-standard","5":"has-post-thumbnail","7":"category-royaume-uni","8":"tag-actualites","9":"tag-anadolu-ajansi","10":"tag-eu","11":"tag-europe","12":"tag-isral","13":"tag-news","14":"tag-royaume-uni","15":"tag-royaume-uni-de-grande-bretagne-et-dirlande-du-nord","16":"tag-uk","17":"tag-united-kingdom","18":"tag-united-kingdom-of-great-britain-and-northern-ireland"},"share_on_mastodon":{"url":"https:\/\/pubeurope.com\/@fr\/115290460459507373","error":""},"_links":{"self":[{"href":"https:\/\/www.europesays.com\/fr\/wp-json\/wp\/v2\/posts\/427349","targetHints":{"allow":["GET"]}}],"collection":[{"href":"https:\/\/www.europesays.com\/fr\/wp-json\/wp\/v2\/posts"}],"about":[{"href":"https:\/\/www.europesays.com\/fr\/wp-json\/wp\/v2\/types\/post"}],"author":[{"embeddable":true,"href":"https:\/\/www.europesays.com\/fr\/wp-json\/wp\/v2\/users\/2"}],"replies":[{"embeddable":true,"href":"https:\/\/www.europesays.com\/fr\/wp-json\/wp\/v2\/comments?post=427349"}],"version-history":[{"count":0,"href":"https:\/\/www.europesays.com\/fr\/wp-json\/wp\/v2\/posts\/427349\/revisions"}],"wp:featuredmedia":[{"embeddable":true,"href":"https:\/\/www.europesays.com\/fr\/wp-json\/wp\/v2\/media\/427350"}],"wp:attachment":[{"href":"https:\/\/www.europesays.com\/fr\/wp-json\/wp\/v2\/media?parent=427349"}],"wp:term":[{"taxonomy":"category","embeddable":true,"href":"https:\/\/www.europesays.com\/fr\/wp-json\/wp\/v2\/categories?post=427349"},{"taxonomy":"post_tag","embeddable":true,"href":"https:\/\/www.europesays.com\/fr\/wp-json\/wp\/v2\/tags?post=427349"}],"curies":[{"name":"wp","href":"https:\/\/api.w.org\/{rel}","templated":true}]}}