{"id":427362,"date":"2025-09-30T00:45:14","date_gmt":"2025-09-30T00:45:14","guid":{"rendered":"https:\/\/www.europesays.com\/fr\/427362\/"},"modified":"2025-09-30T00:45:14","modified_gmt":"2025-09-30T00:45:14","slug":"pourquoi-la-ryder-cup-reste-une-epreuve-magique-et-unique-en-son-genre","status":"publish","type":"post","link":"https:\/\/www.europesays.com\/fr\/427362\/","title":{"rendered":"pourquoi la Ryder Cup reste une \u00e9preuve magique et unique en son genre"},"content":{"rendered":"<p>    Les europ\u00e9ens Shane Lowry et Justin Rose c\u00e9l\u00e8brent leur victoire \u00e0 la 45e \u00e9dition de la Ryder Cup, dimanche 28 septembre.<br \/>\n                Robert Bukaty \/ AP<\/p>\n<p>Les amateurs de golf et de sport ont v\u00e9cu l\u2019une des \u00e9ditions les plus renversantes de l\u2019histoire.<\/p>\n<p class=\"fig-paragraph\">En raison de l\u2019ultra-domination europ\u00e9enne des deux premiers jours dans les doubles,\u00a0<a href=\"http:\/\/www.lefigaro.fr\/sports\/autres-sports\/pogacar-intouchable-l-europe-brille-a-la-ryder-cup-le-real-de-mbappe-gifle-pfp-rate-le-coche-les-tops-et-flops-du-week-end-sport-en-images-20250929\" target=\"_blank\" data-fig-type=\"NewsFlash\" rel=\"noopener\" data-gtm-custom-categorie=\"navigation\" data-gtm-custom-action=\"crossclick\" data-gtm-custom-label=\"Contextuel\" data-gtm-event=\"customEventSPE\" data-fig-domain=\"LEFIGARO\">cette 45e\u00a0\u00e9dition de la Ryder Cup<\/a>\u00a0aurait pu \u00eatre une \u00ab\u00a0piquette\u00a0\u00bb, elle a \u00e9t\u00e9 un grand cru. Nantie de 7\u00a0points d\u2019avance avant les simples (12-5), l\u2019Europe a bien failli tout perdre dans le sprint final gr\u00e2ce \u00e0 l\u2019exceptionnelle r\u00e9action d\u2019orgueil de l\u2019\u00e9quipe am\u00e9ricaine lors des simples du dimanche. Un come-back qui aurait pu \u00eatre l\u2019un des plus incroyables de l\u2019histoire (d\u00e9faite 15-13 au final). Presque un \u00ab\u00a0miracle de Medinah\u00a0\u00bb invers\u00e9. En 2012, alors men\u00e9s 10 \u00e0\u00a06 \u00e0 l\u2019issue des doubles, les Europ\u00e9ens avaient renvers\u00e9 les USA \u00e0 domicile 14,5 \u00e0 13,5. Point de miracle, cette fois, mais\u00a0<a href=\"http:\/\/www.lefigaro.fr\/sports\/autres-sports\/ryder-cup-l-equipe-europe-chambre-donald-trump-apres-sa-victoire-face-aux-etats-unis-20250929\" target=\"_blank\" data-fig-type=\"NewsFlash\" rel=\"noopener\" data-gtm-custom-categorie=\"navigation\" data-gtm-custom-action=\"crossclick\" data-gtm-custom-label=\"Contextuel\" data-gtm-event=\"customEventSPE\" data-fig-domain=\"LEFIGARO\">une admirable remontada<\/a>\u00a0et un \u00e9touffant suspense qui ont fait basculer cette \u00e9dition dans l\u2019irrationnel.<\/p>\n<p class=\"fig-paragraph\">Huit matchs de simple se sont ainsi termin\u00e9s jusqu\u2019au trou no18. Il n\u2019y en avait pas eu autant depuis l\u2019\u00e9dition 1993 (9). En larmes apr\u00e8s avoir enquill\u00e9\u00a0<a href=\"http:\/\/www.lefigaro.fr\/sports\/autres-sports\/ryder-cup-revivez-les-cinq-coups-les-plus-incroyables-de-la-derniere-journee-20250929\" target=\"_blank\" data-fig-type=\"NewsFlash\" rel=\"noopener\" data-gtm-custom-categorie=\"navigation\" data-gtm-custom-action=\"crossclick\" data-gtm-custom-label=\"Contextuel\" data-gtm-event=\"customEventSPE\" data-fig-domain=\"LEFIGARO\">son putt d\u00e9cisif<\/a>\u00a0sur le 18e\u00a0trou, pour permettre \u00e0 l\u2019\u00e9quipe\u2026<\/p>\n<p class=\"fig-premium-paywall__infos\">\n        Cet article est r\u00e9serv\u00e9 aux abonn\u00e9s.        Il vous reste 80% \u00e0 d\u00e9couvrir.\n    <\/p>\n<p>                <img  data- alt=\"Le Figaro\" class=\"fig-img--complete fig-img\"\/><\/p>\n<p class=\"fig-premium-paywall__title\">Vous avez envie de lire la suite ?<\/p>\n<p class=\"fig-premium-paywall__subtitle\">D\u00e9bloquez tous les articles imm\u00e9diatement.<\/p>\n<p class=\"fig-premium-paywall__connect\">\n                D\u00e9j\u00e0 abonn\u00e9\u00a0?                <a class=\"fig-premium-paywall__connect-link\" href=\"https:\/\/connect.lefigaro.fr\/login?client=golf_web&amp;type=main&amp;redirect_uri=https%3A%2F%2Fgolf.lefigaro.fr%2Factualite%2Fryder-cup%2Fgolf-pourquoi-la-ryder-cup-reste-une-epreuve-magique-et-unique-en-son-genre-20250929\" data-js-gtm=\"{&quot;customCategorie&quot;: &quot;conversion&quot;, &quot;customAction&quot;: &quot;before_Landing_Connexion_paywall_auto&quot;, &quot;customLabel&quot;: &quot;Z29sZi5sZWZpZ2Fyby5mcl9fMWYwOWQzOWQtMzgzZS02OGQ4LTkwYWQtZjMwYTAyZjQ1NGY3X19BcnRpY2xl_Golf\u00a0: pourquoi la Ryder Cup reste une \u00e9preuve magique et unique en son genre_212&quot;, &quot;customIDSPE&quot;: &quot;Z29sZi5sZWZpZ2Fyby5mcl9fMWYwOWQzOWQtMzgzZS02OGQ4LTkwYWQtZjMwYTAyZjQ1NGY3X19BcnRpY2xl&quot;, &quot;event&quot;: &quot;customEventSPE&quot;}\" target=\"_blank\" rel=\"noopener\"><br \/>\n                    Connectez-vous<br \/>\n                <\/a>\n            <\/p>\n","protected":false},"excerpt":{"rendered":"Les europ\u00e9ens Shane Lowry et Justin Rose c\u00e9l\u00e8brent leur victoire \u00e0 la 45e \u00e9dition de la Ryder Cup,&hellip;\n","protected":false},"author":2,"featured_media":427363,"comment_status":"","ping_status":"","sticky":false,"template":"","format":"standard","meta":{"footnotes":""},"categories":[1418],"tags":[674,1011,27,1472,12455,60],"class_list":{"0":"post-427362","1":"post","2":"type-post","3":"status-publish","4":"format-standard","5":"has-post-thumbnail","7":"category-golf","8":"tag-europe","9":"tag-fr","10":"tag-france","11":"tag-golf","12":"tag-ryder-cup","13":"tag-sports"},"share_on_mastodon":{"url":"https:\/\/pubeurope.com\/@fr\/115290487073531770","error":""},"_links":{"self":[{"href":"https:\/\/www.europesays.com\/fr\/wp-json\/wp\/v2\/posts\/427362","targetHints":{"allow":["GET"]}}],"collection":[{"href":"https:\/\/www.europesays.com\/fr\/wp-json\/wp\/v2\/posts"}],"about":[{"href":"https:\/\/www.europesays.com\/fr\/wp-json\/wp\/v2\/types\/post"}],"author":[{"embeddable":true,"href":"https:\/\/www.europesays.com\/fr\/wp-json\/wp\/v2\/users\/2"}],"replies":[{"embeddable":true,"href":"https:\/\/www.europesays.com\/fr\/wp-json\/wp\/v2\/comments?post=427362"}],"version-history":[{"count":0,"href":"https:\/\/www.europesays.com\/fr\/wp-json\/wp\/v2\/posts\/427362\/revisions"}],"wp:featuredmedia":[{"embeddable":true,"href":"https:\/\/www.europesays.com\/fr\/wp-json\/wp\/v2\/media\/427363"}],"wp:attachment":[{"href":"https:\/\/www.europesays.com\/fr\/wp-json\/wp\/v2\/media?parent=427362"}],"wp:term":[{"taxonomy":"category","embeddable":true,"href":"https:\/\/www.europesays.com\/fr\/wp-json\/wp\/v2\/categories?post=427362"},{"taxonomy":"post_tag","embeddable":true,"href":"https:\/\/www.europesays.com\/fr\/wp-json\/wp\/v2\/tags?post=427362"}],"curies":[{"name":"wp","href":"https:\/\/api.w.org\/{rel}","templated":true}]}}