{"id":427364,"date":"2025-09-30T00:47:13","date_gmt":"2025-09-30T00:47:13","guid":{"rendered":"https:\/\/www.europesays.com\/fr\/427364\/"},"modified":"2025-09-30T00:47:13","modified_gmt":"2025-09-30T00:47:13","slug":"qui-a-perdu-ce-maillot-signe-par-thomas-ramos-un-abonne-du-stade-toulousain-lance-une-bouteille-a-la-mer","status":"publish","type":"post","link":"https:\/\/www.europesays.com\/fr\/427364\/","title":{"rendered":"Qui a perdu ce maillot sign\u00e9 par Thomas Ramos ? Un abonn\u00e9 du Stade Toulousain lance une bouteille \u00e0 la mer"},"content":{"rendered":"<p>            Par<br \/>\n        <strong><br \/>\n            <a href=\"https:\/\/actu.fr\/auteur\/anaelle-montagne\" title=\"Consulter tous les articles de Anaelle Montagne\" rel=\"nofollow noopener\" target=\"_blank\">Anaelle Montagne<\/a><br \/>\n        <\/strong><\/p>\n<p>        Publi\u00e9 le<\/p>\n<p>            29 sept. 2025 \u00e0 17h52        <\/p>\n<p>Un abonn\u00e9 du <a href=\"https:\/\/actu.fr\/tag\/stade-toulousain\" rel=\"nofollow noopener\" target=\"_blank\">Stade Toulousain<\/a> s\u2019est lanc\u00e9 dans une<strong> v\u00e9ritable qu\u00eate<\/strong> apr\u00e8s le match contre Castres, ce samedi 27 septembre 2025. En sortant du stade, Lo\u00efc a trouv\u00e9 par hasard un petit maillot, taille enfant\u2026 <strong>sign\u00e9 par Thomas Ramos !<\/strong><\/p>\n<p class=\" wall-content\">\u00ab\u00a0Je me doute qu\u2019il a <strong>une \u00e9norme valeur sentimentale<\/strong> pour le jeune supporter \u00e0 qui il appartient\u00a0\u00bb, suppose Lo\u00efc. Il tente donc de retrouver le petit propri\u00e9taire du maillot pour le lui restituer.<\/p>\n<p>La pr\u00e9cieuse signature<\/p>\n<p class=\" wall-content\">C\u2019est \u00e0 la fin du match, en retournant vers sa voiture, que l\u2019abonn\u00e9 du Stade Toulousain tombe sur le haut bleu fonc\u00e9. Il le ramasse, remarque qu\u2019il est floqu\u00e9 et, en le retournant, <strong>d\u00e9couvre la rare signature<\/strong> de Thomas Ramos.\u00a0<\/p>\n<blockquote class=\"ac-article-quote wall-content\">\n<p>Je me suis dit que je ne pouvais pas le laisser l\u00e0 ! <\/p>\n<p>    <strong>Lo\u00efc<\/strong><br \/>\n        Abonn\u00e9 du Stade Toulousain    <\/p><\/blockquote>\n<p>6 000 partages en 24 heures<\/p>\n<p class=\" wall-content\">Une fois rentr\u00e9, il d\u00e9cide de partager sa recherche <a href=\"https:\/\/www.facebook.com\/story.php?story_fbid=31334160746227268&amp;id=100001802546249&amp;rdid=cOgdsdMT7A5vyfTj#\" rel=\"nofollow noopener\" target=\"_blank\">sur Facebook<\/a>. Tr\u00e8s vite, la publication prend de l\u2019ampleur et le nombre de partages explose. \u00ab\u00a0\u00c7a fait \u00e0 peine 24 heures et on est d\u00e9j\u00e0 \u00e0 6 000 partages !\u00a0\u00bb, se r\u00e9jouit Lo\u00efc.<\/p>\n<p>Vid\u00e9os : en ce moment sur Actu<\/p>\n<p class=\" wall-content\">Pour autant, toujours <strong>aucune trace du petit supporter<\/strong> \u00e0 qui il appartient.<\/p>\n<p>Les informations qu\u2019il poss\u00e8de<\/p>\n<p class=\" wall-content\">Le maillot \u00e9tant floqu\u00e9, Lo\u00efc a pr\u00e9f\u00e9r\u00e9 ne pas communiquer trop d\u2019informations : pour <strong>s\u2019assurer que personne ne profite de la situation<\/strong>, il suffira au propri\u00e9taire de communiquer le bon num\u00e9ro et le bon pr\u00e9nom.\u00a0<\/p>\n<p>Votre r\u00e9gion, votre actu !<\/p>\n<p>Recevez chaque jour les infos qui comptent pour vous.<\/p>\n<p>\t<a href=\"https:\/\/actu.fr\/newsletter\" class=\"ac-btn ac-btn--corner ac-btn--medium ac-btn--blue800\" rel=\"nofollow noopener\" target=\"_blank\">S&rsquo;incrire<\/a><\/p>\n<p class=\" wall-content\">\u00ab\u00a0Merci \u00e0 tous de partager un maximum afin que ce message arrive jusqu\u2019\u00e0 ce petit chanceux (et s\u00fbrement un peu triste d\u2019avoir perdu son tr\u00e9sor hier soir)\u00a0\u00bb, \u00e9crit le Toulousain. On croise les doigts pour que le message finisse par lui parvenir !\u00a0<\/p>\n<p>Si vous avez des informations sur le maillot, rendez-vous <a href=\"https:\/\/www.facebook.com\/story.php?story_fbid=31334160746227268&amp;id=100001802546249&amp;rdid=cOgdsdMT7A5vyfTj#\" rel=\"nofollow noopener\" target=\"_blank\">sous le post Facebook de Lo\u00efc<\/a>.<\/p>\n<p class=\" wall-content\">Personnalisez votre actualit\u00e9 en ajoutant vos villes et m\u00e9dias en favori avec <a href=\"https:\/\/moncompte.actu.fr\" title=\"D\u00e9couvez Mon Actu\" rel=\"nofollow noopener\" data-trk=\"{&quot;cta&quot;:{&quot;action&quot;:&quot;https:\\\/\\\/moncompte.actu.fr&quot;,&quot;category&quot;:&quot;mon compte&quot;,&quot;from&quot;:&quot;article footer&quot;,&quot;name&quot;:&quot;Mon actu&quot;,&quot;type&quot;:&quot;cta&quot;}}\" target=\"_blank\">Mon Actu<\/a>.<\/p>\n","protected":false},"excerpt":{"rendered":"Par Anaelle Montagne Publi\u00e9 le 29 sept. 2025 \u00e0 17h52 Un abonn\u00e9 du Stade Toulousain s\u2019est lanc\u00e9 dans&hellip;\n","protected":false},"author":2,"featured_media":427365,"comment_status":"","ping_status":"","sticky":false,"template":"","format":"standard","meta":{"footnotes":""},"categories":[1416],"tags":[1011,27,479,1468,60,476],"class_list":{"0":"post-427364","1":"post","2":"type-post","3":"status-publish","4":"format-standard","5":"has-post-thumbnail","7":"category-rugby","8":"tag-fr","9":"tag-france","10":"tag-rugby","11":"tag-rugby-football","12":"tag-sports","13":"tag-stade-toulousain"},"share_on_mastodon":{"url":"https:\/\/pubeurope.com\/@fr\/115290494968508562","error":""},"_links":{"self":[{"href":"https:\/\/www.europesays.com\/fr\/wp-json\/wp\/v2\/posts\/427364","targetHints":{"allow":["GET"]}}],"collection":[{"href":"https:\/\/www.europesays.com\/fr\/wp-json\/wp\/v2\/posts"}],"about":[{"href":"https:\/\/www.europesays.com\/fr\/wp-json\/wp\/v2\/types\/post"}],"author":[{"embeddable":true,"href":"https:\/\/www.europesays.com\/fr\/wp-json\/wp\/v2\/users\/2"}],"replies":[{"embeddable":true,"href":"https:\/\/www.europesays.com\/fr\/wp-json\/wp\/v2\/comments?post=427364"}],"version-history":[{"count":0,"href":"https:\/\/www.europesays.com\/fr\/wp-json\/wp\/v2\/posts\/427364\/revisions"}],"wp:featuredmedia":[{"embeddable":true,"href":"https:\/\/www.europesays.com\/fr\/wp-json\/wp\/v2\/media\/427365"}],"wp:attachment":[{"href":"https:\/\/www.europesays.com\/fr\/wp-json\/wp\/v2\/media?parent=427364"}],"wp:term":[{"taxonomy":"category","embeddable":true,"href":"https:\/\/www.europesays.com\/fr\/wp-json\/wp\/v2\/categories?post=427364"},{"taxonomy":"post_tag","embeddable":true,"href":"https:\/\/www.europesays.com\/fr\/wp-json\/wp\/v2\/tags?post=427364"}],"curies":[{"name":"wp","href":"https:\/\/api.w.org\/{rel}","templated":true}]}}