{"id":427368,"date":"2025-09-30T00:50:13","date_gmt":"2025-09-30T00:50:13","guid":{"rendered":"https:\/\/www.europesays.com\/fr\/427368\/"},"modified":"2025-09-30T00:50:13","modified_gmt":"2025-09-30T00:50:13","slug":"le-top-instagram-de-la-semaine-marquez-celebre-son-titre-zarco-se-balade-au-japon-stoner-au-ranch-de-rossi-22-au-28-septembre","status":"publish","type":"post","link":"https:\/\/www.europesays.com\/fr\/427368\/","title":{"rendered":"Le Top Instagram de la semaine : M\u00e1rquez c\u00e9l\u00e8bre son titre, Zarco se balade au Japon, Stoner au ranch de Rossi&#8230; (22 au 28 septembre)"},"content":{"rendered":"<p><strong>Chaque semaine, les pilotes et les \u00e9quipes des<br \/>\ndiff\u00e9rents championnats partagent leur quotidien sur les r\u00e9seaux<br \/>\nsociaux, avec une pr\u00e9f\u00e9rence pour <a href=\"https:\/\/www.instagram.com\/\" rel=\"nofollow noopener\" target=\"_blank\">Instagram<\/a>. C\u2019est bel et bien sur<br \/>\nce r\u00e9seau social qu\u2019il faut \u00eatre pour ne rien manquer, mais il<br \/>\nn\u2019est pas toujours \u00e9vident de voir tous les posts.<\/strong><br \/>\n<strong>Entre actualit\u00e9, belles images, humour et parfois \u00e9motion,<br \/>\nnous vous proposons chaque semaine de d\u00e9couvrir \u00ab le Top Instagram<br \/>\n\u00bb afin de suivre les coulisses du MotoGP, Moto2, Moto3, Superbike<br \/>\nou encore MotoAmerica au fil des publications. C\u2019est parti<br \/>\n!<\/strong><\/p>\n<p style=\"text-align: center;\"><strong>LE TOP INSTAGRAM :<br \/>\nSEMAINE DU 22 AU 28 SEPTEMBRE<\/strong><\/p>\n<p>Mardi 23 septembre : <strong>Casey Stoner<\/strong> a<br \/>\nroul\u00e9 au ranch de <strong>Valentino<br \/>\nRossi<\/strong>\u00a0(Cliquez sur la fl\u00e8che \u00e0 droite pour faire<br \/>\nd\u00e9filer les photos).<\/p>\n<p>Mercredi 24 septembre : <strong>Fabio Quartararo, \u00c1lex<br \/>\nRins, Jack Miller<\/strong> et <strong>Miguel Oliveira<\/strong> se<br \/>\nsont rendus au si\u00e8ge de Yamaha (Cliquez sur la fl\u00e8che \u00e0 droite<br \/>\npour faire d\u00e9filer les photos).<\/p>\n<p>Jeudi 25 septembre : Apr\u00e8s neuf mois d\u2019attente, le<br \/>\n<strong>MotoGP<\/strong> a enfin pu faire la photo officielle de la<br \/>\nsaison 2025, sans qu\u2019aucun pilote ne manque \u00e0 l\u2019appel.<\/p>\n<p>Vendredi 26 septembre : <strong>Johann Zarco, Luca<br \/>\nMarini<\/strong> et <strong>Joan Mir<\/strong> ont profit\u00e9 de leur<br \/>\ns\u00e9jour au Japon pour se balader et d\u00e9couvrir la culture<br \/>\n(Cliquez sur l\u2019image pour voir la vid\u00e9o).<\/p>\n<p>Vendredi 26 septembre : <strong>Jack Miller<\/strong><br \/>\nnettoie son box des graviers ramen\u00e9s \u00e0 cause de sa chute<br \/>\n(Cliquez sur l\u2019image pour voir la vid\u00e9o).<\/p>\n<p>Samedi 27 septembre : Quand <strong>Toprak<br \/>\nRazgatlioglu<\/strong> (WorldSBK) ne c\u00e9l\u00e8bre pas ses victoires sur<br \/>\nune roue, c\u2019est sur une main !<\/p>\n<p>Samedi 27 septembre : <strong>Franco Morbidelli<\/strong><br \/>\na rendu un petit fan tr\u00e8s heureux (Cliquez sur l\u2019image pour<br \/>\nvoir la vid\u00e9o).<\/p>\n<p>Samedi 27 septembre : La cr\u00e9ativit\u00e9 d\u2019une fan japonaise<br \/>\nde <strong>Johann Zarco<\/strong>\u00a0(Cliquez sur l\u2019image pour<br \/>\nvoir la vid\u00e9o).<\/p>\n<p>Samedi 27 septembre : L\u2019\u00e9motion de <strong>Francesco<br \/>\nBagnaia<\/strong> en rejoignant son \u00e9quipe apr\u00e8s avoir renou\u00e9 avec<br \/>\nla victoire en course sprint (Cliquez sur l\u2019image pour voir la<br \/>\nvid\u00e9o).<\/p>\n<p>Dimanche 28 septembre : L\u2019explosion de joie du clan Honda<br \/>\n\u00e0 l\u2019arriv\u00e9e de <strong>Joan Mir<\/strong> au parc ferm\u00e9 apr\u00e8s la<br \/>\ncourse principale (Cliquez sur l\u2019image pour voir la<br \/>\nvid\u00e9o).<\/p>\n<p>Dimanche 28 septembre : <a href=\"https:\/\/www.paddock-gp.com\/motogp-japon-course-marc-marquez-ducati-2-champion-du-monde-a-chaud\/\" target=\"_blank\" rel=\"noopener nofollow\">La grande \u00e9motion de <strong>Marc<br \/>\nM\u00e1rquez<\/strong><\/a>, accueilli par son \u00e9quipe juste apr\u00e8s la<br \/>\ncourse (Cliquez sur l\u2019image pour voir la vid\u00e9o).<\/p>\n<p>Dimanche 28 septembre : <strong>Marc M\u00e1rquez<\/strong> a<br \/>\nc\u00e9l\u00e9br\u00e9 son titre sur l\u2019air de \u00ab\u00a0We are the champions\u00a0\u00bb<br \/>\n(Cliquez sur l\u2019image pour voir la vid\u00e9o).<\/p>\n<p><script async src=\"\/\/www.instagram.com\/embed.js\"><\/script><\/p>\n","protected":false},"excerpt":{"rendered":"Chaque semaine, les pilotes et les \u00e9quipes des diff\u00e9rents championnats partagent leur quotidien sur les r\u00e9seaux sociaux, avec&hellip;\n","protected":false},"author":2,"featured_media":427369,"comment_status":"","ping_status":"","sticky":false,"template":"","format":"standard","meta":{"footnotes":""},"categories":[1413],"tags":[1011,27,1457,1456,60],"class_list":{"0":"post-427368","1":"post","2":"type-post","3":"status-publish","4":"format-standard","5":"has-post-thumbnail","7":"category-moto","8":"tag-fr","9":"tag-france","10":"tag-moto","11":"tag-motocycle","12":"tag-sports"},"share_on_mastodon":{"url":"https:\/\/pubeurope.com\/@fr\/115290506808852456","error":""},"_links":{"self":[{"href":"https:\/\/www.europesays.com\/fr\/wp-json\/wp\/v2\/posts\/427368","targetHints":{"allow":["GET"]}}],"collection":[{"href":"https:\/\/www.europesays.com\/fr\/wp-json\/wp\/v2\/posts"}],"about":[{"href":"https:\/\/www.europesays.com\/fr\/wp-json\/wp\/v2\/types\/post"}],"author":[{"embeddable":true,"href":"https:\/\/www.europesays.com\/fr\/wp-json\/wp\/v2\/users\/2"}],"replies":[{"embeddable":true,"href":"https:\/\/www.europesays.com\/fr\/wp-json\/wp\/v2\/comments?post=427368"}],"version-history":[{"count":0,"href":"https:\/\/www.europesays.com\/fr\/wp-json\/wp\/v2\/posts\/427368\/revisions"}],"wp:featuredmedia":[{"embeddable":true,"href":"https:\/\/www.europesays.com\/fr\/wp-json\/wp\/v2\/media\/427369"}],"wp:attachment":[{"href":"https:\/\/www.europesays.com\/fr\/wp-json\/wp\/v2\/media?parent=427368"}],"wp:term":[{"taxonomy":"category","embeddable":true,"href":"https:\/\/www.europesays.com\/fr\/wp-json\/wp\/v2\/categories?post=427368"},{"taxonomy":"post_tag","embeddable":true,"href":"https:\/\/www.europesays.com\/fr\/wp-json\/wp\/v2\/tags?post=427368"}],"curies":[{"name":"wp","href":"https:\/\/api.w.org\/{rel}","templated":true}]}}