{"id":427372,"date":"2025-09-30T00:52:13","date_gmt":"2025-09-30T00:52:13","guid":{"rendered":"https:\/\/www.europesays.com\/fr\/427372\/"},"modified":"2025-09-30T00:52:13","modified_gmt":"2025-09-30T00:52:13","slug":"cyclisme-encore-un-titre-de-champion-de-france-pour-le-brion-guillaume-adam","status":"publish","type":"post","link":"https:\/\/www.europesays.com\/fr\/427372\/","title":{"rendered":"Cyclisme. Encore un titre de champion de France pour le Brion Guillaume Adam\u00a0!"},"content":{"rendered":"<p>            Par<br \/>\n        <strong><br \/>\n            <a href=\"https:\/\/actu.fr\/auteur\/b-hue\" title=\"Consulter tous les articles de Baptiste Hue\" rel=\"nofollow noopener\" target=\"_blank\">Baptiste Hue<\/a><br \/>\n        <\/strong><\/p>\n<p>        Publi\u00e9 le<\/p>\n<p>            29 sept. 2025 \u00e0 17h56        <\/p>\n<p>On retrouvait <b>quatre coureurs manchois<\/b> cette saison au VC <a href=\"https:\/\/actu.fr\/normandie\/rouen_76540\" rel=\"nofollow noopener\" target=\"_blank\">Rouen<\/a> 76, mais seul Guillaume Adam a pu go\u00fbter au bonheur de sabrer le champagne dimanche 28\u00a0septembre 2025 en Bourgogne \u00e0 l\u2019issue de la finale de la Coupe de France N1, une comp\u00e9tition remport\u00e9e <b>pour la seconde ann\u00e9e cons\u00e9cutive<\/b> par le club haut-normand.<\/p>\n<p class=\" wall-content\"><b>C\u2019est la 3e ann\u00e9e cons\u00e9cutive que Guillaume Adam remporte la Coupe de France.<\/b> C\u2019\u00e9tait d\u00e9j\u00e0 le cas en N2 avec le <a href=\"https:\/\/actu.fr\/tag\/team-bricquebec-cotentin\" rel=\"nofollow noopener\" target=\"_blank\">Team Bricquebec Cotentin<\/a> en 2023 et en N1 avec le VC Rouen en 2024.<\/p>\n<p class=\" wall-content\">Devenu <b>un cadre <\/b>de l\u2019effectif \u00ab\u2009bleu et blanc\u2009\u00bb, incontournable dans les s\u00e9lections pour les grandes \u00e9ch\u00e9ances du calendrier, le Brion a encore apport\u00e9 sa pierre \u00e0 l\u2019\u00e9difice en lan\u00e7ant le sprint pour son leader Matthew Fox (2e) et en allant sauver un accessit (10e) qui lui permet de terminer<b> 5e de la Coupe de France sur le plan individuel.<\/b><\/p>\n<p>Plus de 150 points d\u2019avance sur le 2e<\/p>\n<p class=\" wall-content\">\u00ab\u2009La cerise sur le g\u00e2teau aurait \u00e9t\u00e9 de voir l\u2019un d\u2019entre nous lever les bras sur cette manche, mais \u00e7a reste une belle journ\u00e9e et un<b> super bilan<\/b> pour l\u2019\u00e9quipe. On gagne avec plus de 150 points d\u2019avance sur le 2e, <b>c\u2019est \u00e9norme\u2009<\/b>\u00bb, souligne l\u2019ancien coureur du Team Bricquebec Cotentin, fier de faire partie d\u2019une formation o\u00f9 les valeurs collectives sont \u00e9rig\u00e9es comme une priorit\u00e9 cardinale.<\/p>\n<p class=\" wall-content\">\u00ab\u2009On part tous les week-ends sur les courses avec le sourire, on est tous hyper impliqu\u00e9s, <b>tous pr\u00eats \u00e0 se sacrifier pour les autres <\/b>car on sait que notre tour viendra. On a<b> 36 victoires cette saison, <\/b>et il n\u2019y a <b>que deux coureurs de l\u2019\u00e9quipe qui n\u2019ont pas gagn\u00e9<\/b>, c\u2019est quand m\u00eame r\u00e9v\u00e9lateur de notre force collective et de notre \u00e9tat d\u2019esprit.\u2009\u00bb<\/p>\n<p>Pas d\u2019ouverture chez les pros<\/p>\n<p class=\" wall-content\">Alors qu\u2019il ne lui reste plus que <b>trois courses<\/b> au programme en 2025, Guillaume Adam se projette d\u00e9j\u00e0 vers 2026. Avec, logiquement, <b>toujours le maillot rouennais <\/b>sur les \u00e9paules. \u00ab\u2009\u00c0 moins qu\u2019une porte s\u2019ouvre au dernier moment, <b>\u00e7a va \u00eatre compliqu\u00e9 pour moi de passer pro cet hiver.<\/b> Le contexte est compliqu\u00e9\u2009\u00bb, estime celui qui s\u2019est impos\u00e9 <b>\u00e0 deux reprises cette saison<\/b>, au GP de Montpinchon et au GP des Marbriers.<\/p>\n<p class=\" wall-content\">\u00ab\u2009Je suis content de ma saison, mais j\u2019ai quelques petits regrets. Je vais tout donner pour m\u2019am\u00e9liorer encore physiquement et tactiquement. J\u2019ai <b>sept places de 2e cette ann\u00e9e. <\/b>Si je les transforme en victoires, \u00e7a change tout sur un CV\u2026\u2009\u00bb<\/p>\n<p class=\" wall-content\">Personnalisez votre actualit\u00e9 en ajoutant vos villes et m\u00e9dias en favori avec <a href=\"https:\/\/moncompte.actu.fr\" title=\"D\u00e9couvez Mon Actu\" rel=\"nofollow noopener\" data-trk=\"{&quot;cta&quot;:{&quot;action&quot;:&quot;https:\\\/\\\/moncompte.actu.fr&quot;,&quot;category&quot;:&quot;mon compte&quot;,&quot;from&quot;:&quot;article footer&quot;,&quot;name&quot;:&quot;Mon actu&quot;,&quot;type&quot;:&quot;cta&quot;}}\" target=\"_blank\">Mon Actu<\/a>.<\/p>\n","protected":false},"excerpt":{"rendered":"Par Baptiste Hue Publi\u00e9 le 29 sept. 2025 \u00e0 17h56 On retrouvait quatre coureurs manchois cette saison au&hellip;\n","protected":false},"author":2,"featured_media":427373,"comment_status":"","ping_status":"","sticky":false,"template":"","format":"standard","meta":{"footnotes":""},"categories":[1411],"tags":[3168,1154,207,1011,27,60,208],"class_list":{"0":"post-427372","1":"post","2":"type-post","3":"status-publish","4":"format-standard","5":"has-post-thumbnail","7":"category-cyclisme","8":"tag-cotentin","9":"tag-cycling","10":"tag-cyclisme","11":"tag-fr","12":"tag-france","13":"tag-sports","14":"tag-velo"},"share_on_mastodon":{"url":"https:\/\/pubeurope.com\/@fr\/115290514654086896","error":""},"_links":{"self":[{"href":"https:\/\/www.europesays.com\/fr\/wp-json\/wp\/v2\/posts\/427372","targetHints":{"allow":["GET"]}}],"collection":[{"href":"https:\/\/www.europesays.com\/fr\/wp-json\/wp\/v2\/posts"}],"about":[{"href":"https:\/\/www.europesays.com\/fr\/wp-json\/wp\/v2\/types\/post"}],"author":[{"embeddable":true,"href":"https:\/\/www.europesays.com\/fr\/wp-json\/wp\/v2\/users\/2"}],"replies":[{"embeddable":true,"href":"https:\/\/www.europesays.com\/fr\/wp-json\/wp\/v2\/comments?post=427372"}],"version-history":[{"count":0,"href":"https:\/\/www.europesays.com\/fr\/wp-json\/wp\/v2\/posts\/427372\/revisions"}],"wp:featuredmedia":[{"embeddable":true,"href":"https:\/\/www.europesays.com\/fr\/wp-json\/wp\/v2\/media\/427373"}],"wp:attachment":[{"href":"https:\/\/www.europesays.com\/fr\/wp-json\/wp\/v2\/media?parent=427372"}],"wp:term":[{"taxonomy":"category","embeddable":true,"href":"https:\/\/www.europesays.com\/fr\/wp-json\/wp\/v2\/categories?post=427372"},{"taxonomy":"post_tag","embeddable":true,"href":"https:\/\/www.europesays.com\/fr\/wp-json\/wp\/v2\/tags?post=427372"}],"curies":[{"name":"wp","href":"https:\/\/api.w.org\/{rel}","templated":true}]}}