{"id":427378,"date":"2025-09-30T00:55:21","date_gmt":"2025-09-30T00:55:21","guid":{"rendered":"https:\/\/www.europesays.com\/fr\/427378\/"},"modified":"2025-09-30T00:55:21","modified_gmt":"2025-09-30T00:55:21","slug":"cette-habitante-a-fait-realiser-une-fresque-de-7-metres-en-hommage-a-une-aviatrice-de-vendee","status":"publish","type":"post","link":"https:\/\/www.europesays.com\/fr\/427378\/","title":{"rendered":"Cette habitante a fait r\u00e9aliser une fresque de 7 m\u00e8tres en hommage \u00e0 une aviatrice de Vend\u00e9e"},"content":{"rendered":"<p>            Par<br \/>\n        <strong><br \/>\n            <a href=\"https:\/\/actu.fr\/auteur\/magali-dupont\" title=\"Consulter tous les articles de Magali Dupont\" target=\"_blank\" rel=\"noopener\">Magali Dupont<\/a><br \/>\n        <\/strong><\/p>\n<p>        Publi\u00e9 le<\/p>\n<p>            29 sept. 2025 \u00e0 12h46        <\/p>\n<p>\u00c0 <a href=\"https:\/\/actu.fr\/pays-de-la-loire\/challans_85047\" target=\"_blank\" rel=\"noopener\">Challans<\/a> (<a href=\"https:\/\/actu.fr\/pays-de-la-loire\/vendee_85\" target=\"_blank\" rel=\"noopener\">Vend\u00e9e<\/a>), la Ville vient d\u2019inaugurer son <b>parcours artistique<\/b>, qui comprend trois sculptures r\u00e9parties sur les places de Gaulle et de l\u2019Europe, ainsi que le parvis du th\u00e9\u00e2tre Le Marais. Une quatri\u00e8me \u0153uvre est attendue d\u2019ici la fin de l\u2019ann\u00e9e <b>rue Galli\u00e9ni.<\/b><\/p>\n<p class=\" wall-content\">Le hasard veut que ce soit dans cette m\u00eame rue qu\u2019une<b> habitante de Challans<\/b>, Martine Barreau, a d\u00e9cid\u00e9 de faire r\u00e9aliser, <b>\u00e0 titre priv\u00e9<\/b>, <b>une fresque<\/b> en hommage \u00e0 la c\u00e9l\u00e8bre aviatrice challandaise, <b><a href=\"https:\/\/actu.fr\/pays-de-la-loire\/challans_85047\/jacqueline-auriol-et-colette-le-bret-deux-illustres-challandaises-a-lhonneur-le-8-octobre_54356620.html\" target=\"_blank\" rel=\"noopener\">Jacqueline Auriol<\/a>.<\/b><\/p>\n<p>    <a href=\"https:\/\/maps.google.com\/maps?q=46.8490354,-1.877229&amp;z=15&amp;output=embed\" title=\"Ouvrie le lien\" target=\"_blank\" rel=\"noopener\">Cliquez ici pour visualiser le contenu<\/a><\/p>\n<p class=\" wall-content\">Cette cr\u00e9ation, de <b>7\u00a0m\u00e8tres sur 3<\/b>, visible par les passants rue Galli\u00e9ni, est financ\u00e9e \u00e0 titre personnel, et donc sans lien avec la mairie.<\/p>\n<p class=\" wall-content\">Avec son mari Raymond au sein de l\u2019association Art\u2019Emotion, Martine organise un \u00e9v\u00e8nement bien connu \u00e0 La Garnache\u2009: le salon de sculptures.<\/p>\n<p>Les fr\u00e8res Martel \u00e0 La Garnache<\/p>\n<blockquote class=\"ac-article-quote wall-content\">\n<p>On habite place Saint-Antoine depuis 17\u00a0ans. La maison a \u00e9t\u00e9 restaur\u00e9e mais on n\u2019est jamais intervenu sur le mur du garage donnant rue Galli\u00e9ni. Lors de nos voyages, notamment pour le salon, j\u2019ai eu l\u2019occasion de traverser des villes o\u00f9 les maisons sont tr\u00e8s color\u00e9es. Puis j\u2019ai d\u00e9couvert la fresque sur les fr\u00e8res Martel \u00e0 La Garnache et \u00e7a m\u2019a plus. J\u2019ai donc fait appel \u00e0 son cr\u00e9ateur, le peintre muraliste S\u00e9bastien Bouchard.<\/p>\n<p>Martine Barreau<\/p><\/blockquote>\n<p>\u00ab\u2009Une femme magnifique\u2009\u00bb<\/p>\n<p class=\" wall-content\">\u00ab\u2009J\u2019avais envie de <b>mettre une femme \u00e0 l\u2019honneur<\/b> sur mon mur et le premier nom qui m\u2019est venu en t\u00eate, c\u2019est celui de Jacqueline Auriol. C\u2019\u00e9tait une femme vraiment magnifique.\u2009\u00bb<\/p>\n<p class=\" wall-content\">N\u00e9e en 1917, Jacqueline Auriol s\u2019est passionn\u00e9e pour <b>l\u2019aviation<\/b> sur le tard. Issue d\u2019un <b>milieu privil\u00e9gi\u00e9<\/b> \u2013 \u00ab\u2009elle \u00e9tait n\u00e9e Douet, son p\u00e8re \u00e9tait n\u00e9gociant en bois et sa m\u00e8re \u00e9tait parisienne\u2009\u00bb \u2013\u00a0elle monta \u00e0 Paris pour \u00e9tudier \u00e0 l\u2019\u00e9cole du Louvre.<\/p>\n<p>Votre r\u00e9gion, votre actu !<\/p>\n<p>Recevez chaque jour les infos qui comptent pour vous.<\/p>\n<p>\t<a href=\"https:\/\/actu.fr\/newsletter\" class=\"ac-btn ac-btn--corner ac-btn--medium ac-btn--blue800\" target=\"_blank\" rel=\"noopener\">S&rsquo;incrire<\/a><\/p>\n<p class=\" wall-content\">Sportive accomplie, c\u2019est dans une station de ski qu\u2019elle rencontra celui qui allait devenir son mari, Paul Auriol. Son beau-p\u00e8re ne fut autre que <b>Vincent Auriol,<\/b> pr\u00e9sident de la IVe\u00a0R\u00e9publique en 1947.<\/p>\n<p>\u00ab\u2009Une femme puissante\u2009\u00bb<\/p>\n<p class=\" wall-content\">C\u2019est sur les conseils d\u2019un ancien pilote militaire qu\u2019elle abandonna la d\u00e9coration pour op\u00e9rer un virage complet et privil\u00e9gier l\u2019aviation. Mais le 11\u00a0juillet 1949, le prototype d\u2019hydravion dont elle assure le copilotage a <b>un accident sur la Seine.<\/b><\/p>\n<p class=\" wall-content\">Gri\u00e8vement <b>bless\u00e9e<\/b>, elle souffre de <b>plusieurs fractures <\/b>du cr\u00e2ne et est d\u00e9figur\u00e9e. Elle doit subir <b>une vingtaine d\u2019interventions<\/b> chirurgicales aux \u00c9tats-Unis en seulement deux ans.<\/p>\n<p class=\" wall-content\">Cet accident aurait pu lui couper les ailes. Mais la Challandaise a \u00ab\u2009du caract\u00e8re\u2009\u00bb et persiste dans sa voie. \u00ab\u2009Quand elle avait quelque chose en t\u00eate, elle allait<b> jusqu\u2019au bout\u2009<\/b>\u00bb, dit Martine avec admiration. \u00ab\u2009C\u2019\u00e9tait une femme <b>puissante<\/b>.\u2009\u00bb<\/p>\n<p>Des records \u00e0 profusion<\/p>\n<p class=\" wall-content\">Jacqueline Auriol encha\u00eena les performances.<\/p>\n<p class=\" wall-content\">En 1952, elle devient l\u2019aviatrice <b>la plus rapide du monde <\/b>avec un record \u00e0 855,92\u00a0km\/h. Record qui lui est repris l\u2019ann\u00e9e suivante par l\u2019Am\u00e9ricaine Jacqueline Cochran. Des deux c\u00f4t\u00e9s de l\u2019Atlantique, la bataille \u00e9tait f\u00e9roce.<\/p>\n<p class=\" wall-content\">En 1953, la Challandaise est la premi\u00e8re Europ\u00e9enne \u00e0 franchir <b>le mur du son<\/b>. En 1955, elle redevient la femme la plus rapide du monde, en volant \u00e0 1,151\u00a0km\/h. Elle est d\u00e9c\u00e9d\u00e9e en 2000 \u00e0 l\u2019\u00e2ge de<b> 83\u00a0ans.<\/b><\/p>\n<p>\u00ab\u2009Une vie hors du commun\u2009\u00bb<\/p>\n<blockquote class=\"ac-article-quote wall-content\">\n<p>D\u2019apr\u00e8s tout ce que j\u2019ai lu sur elle, j\u2019imagine que c\u2019\u00e9tait une femme adorable, qui a su se faire aimer. C\u2019\u00e9tait une personnalit\u00e9 hors du commun, qui a eu une vie hors norme.<\/p>\n<p>Martine Barreau<\/p><\/blockquote>\n<p class=\" wall-content\">\u00ab\u2009Gr\u00e2ce \u00e0 Erick Croiz\u00e9, pr\u00e9sident de la Soci\u00e9t\u00e9 d\u2019histoire et d\u2019\u00e9tudes du nord-ouest Vend\u00e9e, j\u2019ai pris contact avec Siegfried Auriol, petit-fils de Jacqueline, qui fut lui-m\u00eame pilote d\u2019essai, et dont la fille travaille dans l\u2019a\u00e9ronautique. Il \u00e9tait tr\u00e8s content \u00e0 l\u2019annonce d\u2019une fresque sur sa grand-m\u00e8re.\u2009\u00bb<\/p>\n<p class=\" wall-content\">Devant la fresque, Martine Barreau dit sa joie de contribuer \u00e0 \u00ab\u2009rendre <b>la ville agr\u00e9able<\/b>. Si des habitants veulent nous embo\u00eeter le pas, on serait ravi\u2009\u00bb, dit-elle en pensant \u00e0 <b>une autre illustre challandaise<\/b>\u2009: \u00ab\u2009Colette Le Bret.\u2009\u00bb<\/p>\n<p class=\" wall-content\">Personnalisez votre actualit\u00e9 en ajoutant vos villes et m\u00e9dias en favori avec <a href=\"https:\/\/moncompte.actu.fr\" title=\"D\u00e9couvez Mon Actu\" rel=\"nofollow noopener\" data-trk=\"{&quot;cta&quot;:{&quot;action&quot;:&quot;https:\\\/\\\/moncompte.actu.fr&quot;,&quot;category&quot;:&quot;mon compte&quot;,&quot;from&quot;:&quot;article footer&quot;,&quot;name&quot;:&quot;Mon actu&quot;,&quot;type&quot;:&quot;cta&quot;}}\" target=\"_blank\">Mon Actu<\/a>.<\/p>\n","protected":false},"excerpt":{"rendered":"Par Magali Dupont Publi\u00e9 le 29 sept. 2025 \u00e0 12h46 \u00c0 Challans (Vend\u00e9e), la Ville vient d\u2019inaugurer son&hellip;\n","protected":false},"author":2,"featured_media":427379,"comment_status":"","ping_status":"","sticky":false,"template":"","format":"standard","meta":{"footnotes":""},"categories":[1358],"tags":[1348,1384,1385,1386,58,59,1011,27,937,20971,104,7189],"class_list":{"0":"post-427378","1":"post","2":"type-post","3":"status-publish","4":"format-standard","5":"has-post-thumbnail","7":"category-arts-et-design","8":"tag-arts","9":"tag-arts-and-design","10":"tag-arts-et-design","11":"tag-design","12":"tag-divertissement","13":"tag-entertainment","14":"tag-fr","15":"tag-france","16":"tag-histoire","17":"tag-nord-ouest-vendee","18":"tag-societe","19":"tag-street-art"},"share_on_mastodon":{"url":"https:\/\/pubeurope.com\/@fr\/115290526457919583","error":""},"_links":{"self":[{"href":"https:\/\/www.europesays.com\/fr\/wp-json\/wp\/v2\/posts\/427378","targetHints":{"allow":["GET"]}}],"collection":[{"href":"https:\/\/www.europesays.com\/fr\/wp-json\/wp\/v2\/posts"}],"about":[{"href":"https:\/\/www.europesays.com\/fr\/wp-json\/wp\/v2\/types\/post"}],"author":[{"embeddable":true,"href":"https:\/\/www.europesays.com\/fr\/wp-json\/wp\/v2\/users\/2"}],"replies":[{"embeddable":true,"href":"https:\/\/www.europesays.com\/fr\/wp-json\/wp\/v2\/comments?post=427378"}],"version-history":[{"count":0,"href":"https:\/\/www.europesays.com\/fr\/wp-json\/wp\/v2\/posts\/427378\/revisions"}],"wp:featuredmedia":[{"embeddable":true,"href":"https:\/\/www.europesays.com\/fr\/wp-json\/wp\/v2\/media\/427379"}],"wp:attachment":[{"href":"https:\/\/www.europesays.com\/fr\/wp-json\/wp\/v2\/media?parent=427378"}],"wp:term":[{"taxonomy":"category","embeddable":true,"href":"https:\/\/www.europesays.com\/fr\/wp-json\/wp\/v2\/categories?post=427378"},{"taxonomy":"post_tag","embeddable":true,"href":"https:\/\/www.europesays.com\/fr\/wp-json\/wp\/v2\/tags?post=427378"}],"curies":[{"name":"wp","href":"https:\/\/api.w.org\/{rel}","templated":true}]}}