{"id":42738,"date":"2025-04-22T00:33:08","date_gmt":"2025-04-22T00:33:08","guid":{"rendered":"https:\/\/www.europesays.com\/fr\/42738\/"},"modified":"2025-04-22T00:33:08","modified_gmt":"2025-04-22T00:33:08","slug":"flavie-flament-amoureuse-dun-jeune-comedien-deja-case","status":"publish","type":"post","link":"https:\/\/www.europesays.com\/fr\/42738\/","title":{"rendered":"Flavie Flament \u00ab\u00a0amoureuse\u00a0\u00bb d\u2019un jeune com\u00e9dien d\u00e9j\u00e0 cas\u00e9"},"content":{"rendered":"<p>Surprise et tendresse sur le plateau de T\u00e9l\u00e9matin ce matin ! Alors que l\u2019\u00e9mission recevait l\u2019humoriste et acteur <strong>Hakim Jemili<\/strong> \u00e0 l\u2019occasion de la sortie de son nouveau film, \u00ab\u00a0L\u2019amour, c\u2019est surcot\u00e9. <\/p>\n<p>La journaliste et animatrice <strong>Flavie Flament<\/strong> a cr\u00e9\u00e9 un petit moment de t\u00e9l\u00e9vision inattendu\u2026 et particuli\u00e8rement touchant.<\/p>\n<p>\u00ab\u00a0L\u2019amour, c\u2019est surcot\u00e9\u00a0\u00bb : <\/p>\n<p>Dans ce film r\u00e9alis\u00e9 par Mourad Winter, <a href=\"https:\/\/www.public.fr\/tu-etais-mon-papa-michel-blanc-son-fils-de-cinema-narrive-pas-a-y-croire-le-bouleversant-message-dhakim-jemili\" target=\"_blank\" rel=\"noopener\">Hakim Jemili incarne Anis<\/a>, un jeune homme diagnostiqu\u00e9 \u00ab\u00a0nul avec les meufs\u00a0\u00bb depuis son plus jeune \u00e2ge, qui m\u00e8ne une existence charnelle plac\u00e9e sous le signe du calme plat.<\/p>\n<p>Trois ans jour pour jour apr\u00e8s la perte d&rsquo;Isma, son meilleur ami et mentor, il prend son courage \u00e0 deux mains et se d\u00e9cide enfin \u00e0 sortir faire de nouvelles rencontres quand il tombe sous le charme de Madeleine, <a href=\"https:\/\/www.public.fr\/jai-pas-envie-detre-le-porte-drapeau-laura-felpin-met-les-choses-au-clair-concernant-son-cancer\" target=\"_blank\" rel=\"noopener\">incarn\u00e9e par Laura Felpin<\/a>.<\/p>\n<p>Une com\u00e9die douce-am\u00e8re sur les blessures du c\u0153ur et les paradoxes de l\u2019amour moderne, qui semble avoir conquis bien plus qu\u2019un public de base.<\/p>\n<p>Depuis sa sortie en salles la semaine derni\u00e8re, le film a re\u00e7u des critiques globalement positives, saluant le jeu nuanc\u00e9 de Jemili et une \u00e9criture plus fine qu\u2019attendu. Et d\u00e9sormais, on peut y ajouter la d\u00e9claration inattendue d\u2019une animatrice star.<\/p>\n<p>Une d\u00e9claration spontan\u00e9e, une sinc\u00e9rit\u00e9 rare<\/p>\n<p>Ce lundi 21 avril 2025, Hakim Jemili \u00e9tait invit\u00e9 sur le plateau de \u00ab\u00a0T\u00e9l\u00e9matin\u00a0\u00bb pour assurer la promotion du film. Visiblement \u00e9mue par la performance de l\u2019acteur dans cette com\u00e9die romantique au ton d\u00e9cal\u00e9, Flavie Flament n\u2019a pas cach\u00e9 son enthousiasme \u2013 ni son admiration.<\/p>\n<p>\u00ab\u00a0Est-ce que je peux vous dire que je suis tomb\u00e9e amoureuse de vous en voyant ce film ?\u00a0\u00bb, a-t-elle lanc\u00e9, un sourire au coin des l\u00e8vres, face \u00e0 un Hakim Jemili surpris, mais flatt\u00e9. \u00a0\u00ab\u00a0Moi, je suis amoureux de vous depuis que je suis petit\u00a0\u00bb lui a-t-il r\u00e9pondu. <\/p>\n<p>Et l&rsquo;animatrice d&rsquo;encha\u00eener : \u00ab\u00a0Merci, \u00e7a me donne un petit coup de vieux. Vous allez bient\u00f4t me demander un autographe pour votre grand-m\u00e8re\u00a0\u00bb. Une conversation bien s\u00fbr plac\u00e9e sous le signe de l&rsquo;humour et de la bienveillance puisque <strong>l&rsquo;acteur est mari\u00e9 \u00e0 l&rsquo;humoriste Fadili Camara depuis des ann\u00e9es.<\/strong> <\/p>\n<p>      Mentionn\u00e9s dans cet article<\/p>\n<p>\u00c0 lire aussi<\/p>\n","protected":false},"excerpt":{"rendered":"Surprise et tendresse sur le plateau de T\u00e9l\u00e9matin ce matin ! Alors que l\u2019\u00e9mission recevait l\u2019humoriste et acteur&hellip;\n","protected":false},"author":2,"featured_media":42739,"comment_status":"","ping_status":"","sticky":false,"template":"","format":"standard","meta":{"footnotes":""},"categories":[1359],"tags":[58,59,7844,1011,27,973,12959],"class_list":{"0":"post-42738","1":"post","2":"type-post","3":"status-publish","4":"format-standard","5":"has-post-thumbnail","7":"category-people","8":"tag-divertissement","9":"tag-entertainment","10":"tag-flavie-flament","11":"tag-fr","12":"tag-france","13":"tag-people","14":"tag-telematin"},"share_on_mastodon":{"url":"https:\/\/pubeurope.com\/@fr\/114378807984392743","error":""},"_links":{"self":[{"href":"https:\/\/www.europesays.com\/fr\/wp-json\/wp\/v2\/posts\/42738","targetHints":{"allow":["GET"]}}],"collection":[{"href":"https:\/\/www.europesays.com\/fr\/wp-json\/wp\/v2\/posts"}],"about":[{"href":"https:\/\/www.europesays.com\/fr\/wp-json\/wp\/v2\/types\/post"}],"author":[{"embeddable":true,"href":"https:\/\/www.europesays.com\/fr\/wp-json\/wp\/v2\/users\/2"}],"replies":[{"embeddable":true,"href":"https:\/\/www.europesays.com\/fr\/wp-json\/wp\/v2\/comments?post=42738"}],"version-history":[{"count":0,"href":"https:\/\/www.europesays.com\/fr\/wp-json\/wp\/v2\/posts\/42738\/revisions"}],"wp:featuredmedia":[{"embeddable":true,"href":"https:\/\/www.europesays.com\/fr\/wp-json\/wp\/v2\/media\/42739"}],"wp:attachment":[{"href":"https:\/\/www.europesays.com\/fr\/wp-json\/wp\/v2\/media?parent=42738"}],"wp:term":[{"taxonomy":"category","embeddable":true,"href":"https:\/\/www.europesays.com\/fr\/wp-json\/wp\/v2\/categories?post=42738"},{"taxonomy":"post_tag","embeddable":true,"href":"https:\/\/www.europesays.com\/fr\/wp-json\/wp\/v2\/tags?post=42738"}],"curies":[{"name":"wp","href":"https:\/\/api.w.org\/{rel}","templated":true}]}}