{"id":427380,"date":"2025-09-30T00:56:21","date_gmt":"2025-09-30T00:56:21","guid":{"rendered":"https:\/\/www.europesays.com\/fr\/427380\/"},"modified":"2025-09-30T00:56:21","modified_gmt":"2025-09-30T00:56:21","slug":"salies-de-bearn-trois-grands-rendez-vous-en-octobre-au-moment-librairie","status":"publish","type":"post","link":"https:\/\/www.europesays.com\/fr\/427380\/","title":{"rendered":"Salies-de-B\u00e9arn\u00a0: trois grands rendez-vous en octobre au Moment Librairie"},"content":{"rendered":"<p><strong>&#8211; Le vendredi 3\u00a0octobre,<\/strong>dans le cadre du partenariat annuel avec le Festival du polar de Pau, \u00ab\u00a0Un aller-retour dans le noir&#8230;<\/p>\n<p><strong>&#8211; Le vendredi 3\u00a0octobre,<\/strong> dans le cadre du partenariat annuel avec le Festival du polar de Pau, \u00ab\u00a0Un aller-retour dans le noir\u00a0\u00bb, de Gabrielle Massat, autrice de romans noirs, sera pr\u00e9sent\u00e9. Cette jeune autrice a d\u00e9j\u00e0 publi\u00e9 trois romans, qui ont tous re\u00e7u des prix. Son \u0153uvre se distingue par une langue incisive, une ma\u00eetrise des r\u00e8gles du thriller et un humour noir. Venant de Toulouse, la Ville rose, elle a choisi une tout autre couleur pour habiller ses romans. La librairie la questionnera sur son parcours et ses projets, mais \u00e9galement sur les petites et grandes joies d\u2019\u00eatre femme dans cette grande famille du polar.<\/p>\n<p>    La r\u00e9daction vous conseille<\/p>\n<p>&#8211;<strong> Le lundi 6\u00a0octobre,<\/strong> la librairie participe \u00e0 un tout autre projet. Gis\u00e8le Montaut fait escale au Savoir Partag\u00e9 de Salies-de-B\u00e9arn pour pr\u00e9senter trois h\u00e9ro\u00efnes de son recueil \u00ab\u00a0F\u00e9minins plurielles\u00a0\u00bb, \u00e9dit\u00e9 par Monh\u00e9lios. Parmi les 26\u00a0femmes b\u00e9arnaises mises \u00e0 l\u2019honneur dans son livre, Gis\u00e8le Montaut pr\u00e9sente L\u00e9a et Nathalie Vazquez, les responsables de la chocolaterie F\u00e8ves et Chocolat, et convie Dany Bertelot et Jean-Ren\u00e9 Morla\u00e0s-Courties pour parler de L\u00e9onie Chague, figure de la R\u00e9sistance salisienne. Colette Tilhou, illustratrice de l\u2019ouvrage, sera \u00e9galement pr\u00e9sente.<\/p>\n<p><strong>&#8211; Enfin, le mercredi 29\u00a0octobre, <\/strong>c\u2019est au Cin\u00e9ma Le Saleys de Salies-de-B\u00e9arn que sera propos\u00e9e, en pr\u00e9ambule \u00e0 la projection du film \u00ab\u00a0La petite derni\u00e8re\u00a0\u00bb de Hafsia Herzi, qui a \u00e9t\u00e9 couronn\u00e9 du prix d\u2019interpr\u00e9tation (Cannes en 2025) pour son actrice principale, Nadia Melliti, une lecture d\u2019extraits du texte originel \u00e9crit par Fatima Daas. Dans l\u2019esprit des pr\u00e9c\u00e9dents Cin\u00e9 Lecture, \u00ab\u00a0nous ferons entendre par de multiples voix celle de Fatima, jeune fille musulmane, lesbienne, banlieusarde, mais surtout d\u00e9termin\u00e9e.\u00a0\u00bb<\/p>\n","protected":false},"excerpt":{"rendered":"&#8211; Le vendredi 3\u00a0octobre,dans le cadre du partenariat annuel avec le Festival du polar de Pau, \u00ab\u00a0Un aller-retour&hellip;\n","protected":false},"author":2,"featured_media":427381,"comment_status":"","ping_status":"","sticky":false,"template":"","format":"standard","meta":{"footnotes":""},"categories":[1357],"tags":[1379,58,59,1011,27,1380],"class_list":{"0":"post-427380","1":"post","2":"type-post","3":"status-publish","4":"format-standard","5":"has-post-thumbnail","7":"category-livres","8":"tag-books","9":"tag-divertissement","10":"tag-entertainment","11":"tag-fr","12":"tag-france","13":"tag-livres"},"share_on_mastodon":{"url":"https:\/\/pubeurope.com\/@fr\/115290530671419843","error":""},"_links":{"self":[{"href":"https:\/\/www.europesays.com\/fr\/wp-json\/wp\/v2\/posts\/427380","targetHints":{"allow":["GET"]}}],"collection":[{"href":"https:\/\/www.europesays.com\/fr\/wp-json\/wp\/v2\/posts"}],"about":[{"href":"https:\/\/www.europesays.com\/fr\/wp-json\/wp\/v2\/types\/post"}],"author":[{"embeddable":true,"href":"https:\/\/www.europesays.com\/fr\/wp-json\/wp\/v2\/users\/2"}],"replies":[{"embeddable":true,"href":"https:\/\/www.europesays.com\/fr\/wp-json\/wp\/v2\/comments?post=427380"}],"version-history":[{"count":0,"href":"https:\/\/www.europesays.com\/fr\/wp-json\/wp\/v2\/posts\/427380\/revisions"}],"wp:featuredmedia":[{"embeddable":true,"href":"https:\/\/www.europesays.com\/fr\/wp-json\/wp\/v2\/media\/427381"}],"wp:attachment":[{"href":"https:\/\/www.europesays.com\/fr\/wp-json\/wp\/v2\/media?parent=427380"}],"wp:term":[{"taxonomy":"category","embeddable":true,"href":"https:\/\/www.europesays.com\/fr\/wp-json\/wp\/v2\/categories?post=427380"},{"taxonomy":"post_tag","embeddable":true,"href":"https:\/\/www.europesays.com\/fr\/wp-json\/wp\/v2\/tags?post=427380"}],"curies":[{"name":"wp","href":"https:\/\/api.w.org\/{rel}","templated":true}]}}