{"id":427384,"date":"2025-09-30T00:58:15","date_gmt":"2025-09-30T00:58:15","guid":{"rendered":"https:\/\/www.europesays.com\/fr\/427384\/"},"modified":"2025-09-30T00:58:15","modified_gmt":"2025-09-30T00:58:15","slug":"le-rappeur-jul-poursuivi-par-une-habitante-du-castellet-pour-avoir-tourne-un-clip-dans-sa-villa-sans-son-autorisation","status":"publish","type":"post","link":"https:\/\/www.europesays.com\/fr\/427384\/","title":{"rendered":"Le rappeur Jul poursuivi par une habitante du Castellet pour avoir tourn\u00e9 un clip dans sa villa sans son autorisation"},"content":{"rendered":"<p>La d\u00e9positaire de la plainte r\u00e9clame pr\u00e8s de 107 millions d\u2019euros de d\u00e9dommagement.<\/p>\n<p class=\"fig-paragraph\">Une habitante du c\u00e9l\u00e8bre village du Castellet dans le\u00a0<a href=\"http:\/\/www.lefigaro.fr\/nice\/var-un-homme-abattu-de-trois-balles-dans-la-nuit-a-saint-raphael-20250923\" data-fig-type=\"NewsFlash\" data-gtm-custom-categorie=\"navigation\" data-gtm-custom-action=\"crossclick\" data-gtm-custom-label=\"Contextuel\" data-gtm-event=\"customEventSPE\" data-fig-domain=\"LEFIGARO\" target=\"_blank\" rel=\"noopener\">Var<\/a>\u00a0r\u00e9clame pr\u00e8s de 107 millions d&rsquo;euros de d\u00e9dommagement apr\u00e8s le tournage dans sa villa sans son autorisation du clip \u00abMoulaga\u00bb de Heuss l&rsquo;Enfoir\u00e9 et\u00a0<a href=\"http:\/\/www.lefigaro.fr\/musique\/jul-degainera-une-chanson-par-jour-jusqu-a-la-sortie-de-son-nouvel-album-20250910\" data-fig-type=\"Article\" data-gtm-custom-categorie=\"navigation\" data-gtm-custom-action=\"crossclick\" data-gtm-custom-label=\"Contextuel\" data-gtm-event=\"customEventSPE\" data-fig-domain=\"LEFIGARO\" target=\"_blank\" rel=\"noopener\">Jul<\/a>, a-t-on appris lundi de source proche du dossier. C&rsquo;est le site d&rsquo;investigation \u00e9conomique L&rsquo;Inform\u00e9 qui a r\u00e9v\u00e9l\u00e9 l&rsquo;information \u00e0 la faveur d&rsquo;une d\u00e9cision d&rsquo;\u00e9tape rendue au civil par une juge \u00e0 Toulon le 9 septembre.<\/p>\n<p class=\"fig-paragraph\">L&rsquo;assignation initiale date de septembre 2023. L&rsquo;occupante de cette luxueuse villa, d\u00e9tenue par une SCI familiale, avait alors demand\u00e9 le retrait des vid\u00e9os du clip de la chanson \u00abMoulaga\u00bb des rappeurs Heuss l&rsquo;Enfoir\u00e9 et Jul, \u00abtourn\u00e9es chez elles sans autorisation\u00bb et le paiement de pr\u00e8s de 107 millions d&rsquo;euros en r\u00e9paration de son pr\u00e9judice, selon la d\u00e9cision du tribunal judiciaire de Toulon du 9 septembre que l&rsquo;AFP a pu consulter.<\/p>\n<p>                                    <a class=\"fig-a11y-skip a11y-hidden\" href=\"#fig-a11y-skip-main-inarticle\"><br \/>\n        Passer la publicit\u00e9<br \/>\n    <\/a><\/p>\n<p class=\"fig-paragraph\">Dans cette vid\u00e9o datant de 2019 qui comptabilise 210 millions de vues sur YouTube, les deux rappeurs se mettent en sc\u00e8ne sous le soleil pr\u00e8s d&rsquo;une piscine, devant une immense maison d&rsquo;architecte entour\u00e9e de palmiers. Selon une source proche du dossier, \u00e0 cause du caract\u00e8re tr\u00e8s reconnaissable de la maison et du village que l&rsquo;on distingue en arri\u00e8re-plan dans la vid\u00e9o, la villa en question fait l&rsquo;objet d&rsquo;un tourisme de curiosit\u00e9.<\/p>\n<p>La soci\u00e9t\u00e9 de production du clip mise en cause<\/p>\n<p class=\"fig-paragraph\">Cette maison avait \u00e9t\u00e9 lou\u00e9e par l&rsquo;interm\u00e9diaire de Homelly, agence de location de propri\u00e9t\u00e9s luxueuses. Cette derni\u00e8re est assign\u00e9e avec Google France et la soci\u00e9t\u00e9 de production du clip vid\u00e9o Midi Midi Productions qui est \u00abd\u00e9faillante\u00bb c&rsquo;est-\u00e0-dire qu&rsquo;elle n&rsquo;a pas r\u00e9pondu \u00e0 l&rsquo;assignation, pr\u00e9cise l&rsquo;ordonnance.<\/p>\n<p class=\"fig-paragraph\">Google France a demand\u00e9 sa mise hors de cause, l&rsquo;h\u00e9bergeur de la vid\u00e9o en cause \u00e9tant en r\u00e9alit\u00e9 Google Ireland limited. La justice a tranch\u00e9 en ce sens, c&rsquo;est donc \u00e0 l&rsquo;encontre de Google Ireland Limited, \u00e9galement assign\u00e9, que la proc\u00e9dure se poursuivra. Le litige est encore en cours et la d\u00e9cision finale sur le fond interviendra dans un second temps.<\/p>\n","protected":false},"excerpt":{"rendered":"La d\u00e9positaire de la plainte r\u00e9clame pr\u00e8s de 107 millions d\u2019euros de d\u00e9dommagement. Une habitante du c\u00e9l\u00e8bre village&hellip;\n","protected":false},"author":2,"featured_media":427385,"comment_status":"","ping_status":"","sticky":false,"template":"","format":"standard","meta":{"footnotes":""},"categories":[1355],"tags":[58,59,1011,27,1279,1361,873,7506,7825],"class_list":{"0":"post-427384","1":"post","2":"type-post","3":"status-publish","4":"format-standard","5":"has-post-thumbnail","7":"category-musique","8":"tag-divertissement","9":"tag-entertainment","10":"tag-fr","11":"tag-france","12":"tag-jul","13":"tag-music","14":"tag-musique","15":"tag-var","16":"tag-villa"},"share_on_mastodon":{"url":"https:\/\/pubeurope.com\/@fr\/115290538532021292","error":""},"_links":{"self":[{"href":"https:\/\/www.europesays.com\/fr\/wp-json\/wp\/v2\/posts\/427384","targetHints":{"allow":["GET"]}}],"collection":[{"href":"https:\/\/www.europesays.com\/fr\/wp-json\/wp\/v2\/posts"}],"about":[{"href":"https:\/\/www.europesays.com\/fr\/wp-json\/wp\/v2\/types\/post"}],"author":[{"embeddable":true,"href":"https:\/\/www.europesays.com\/fr\/wp-json\/wp\/v2\/users\/2"}],"replies":[{"embeddable":true,"href":"https:\/\/www.europesays.com\/fr\/wp-json\/wp\/v2\/comments?post=427384"}],"version-history":[{"count":0,"href":"https:\/\/www.europesays.com\/fr\/wp-json\/wp\/v2\/posts\/427384\/revisions"}],"wp:featuredmedia":[{"embeddable":true,"href":"https:\/\/www.europesays.com\/fr\/wp-json\/wp\/v2\/media\/427385"}],"wp:attachment":[{"href":"https:\/\/www.europesays.com\/fr\/wp-json\/wp\/v2\/media?parent=427384"}],"wp:term":[{"taxonomy":"category","embeddable":true,"href":"https:\/\/www.europesays.com\/fr\/wp-json\/wp\/v2\/categories?post=427384"},{"taxonomy":"post_tag","embeddable":true,"href":"https:\/\/www.europesays.com\/fr\/wp-json\/wp\/v2\/tags?post=427384"}],"curies":[{"name":"wp","href":"https:\/\/api.w.org\/{rel}","templated":true}]}}