{"id":427390,"date":"2025-09-30T01:01:20","date_gmt":"2025-09-30T01:01:20","guid":{"rendered":"https:\/\/www.europesays.com\/fr\/427390\/"},"modified":"2025-09-30T01:01:20","modified_gmt":"2025-09-30T01:01:20","slug":"stade-brestois-coupe-dans-son-elan-remy-labeau-lascary-absent-plusieurs-semaines","status":"publish","type":"post","link":"https:\/\/www.europesays.com\/fr\/427390\/","title":{"rendered":"Stade Brestois\u00a0: \u00ab\u00a0Coup\u00e9 dans son \u00e9lan\u00a0\u00bb, R\u00e9my Labeau-Lascary absent plusieurs semaines ?"},"content":{"rendered":"<p>Ligue 1. Stade Brestois<\/p>\n<p>La grimace apr\u00e8s les grands sourires. Buteur en premi\u00e8re p\u00e9riode, dimanche, contre Angers, puis impliqu\u00e9 sur l\u2019action qui a men\u00e9 au second but brestois, <a href=\"https:\/\/www.letelegramme.fr\/sports\/football\/stade-brestois\/angers-brest-un-but-une-blessure-le-drole-de-retour-de-remy-labeau-lascary-dans-le-maine-et-loire-6899159.php\" target=\"_blank\" rel=\"noopener\">R\u00e9my Labeau-Lascary<\/a> avait le visage marqu\u00e9 par la douleur au moment de quitter le stade Raymond-Kopa, dimanche. L\u2019attaquant brestois est mal retomb\u00e9 apr\u00e8s un duel et s\u2019est fait tr\u00e8s mal au coude. Il a pass\u00e9 la nuit \u00e0 l\u2019h\u00f4pital.<\/p>\n<p>Le premier diagnostic, une luxation du coude, semble se confirmer. Une indisponibilit\u00e9 de trois \u00e0 quatre semaines a \u00e9t\u00e9 \u00e9voqu\u00e9e aupr\u00e8s du joueur. R\u00e9my Labeau-Lascary revenait tout juste apr\u00e8s neuf mois sans jouer en raison d\u2019une rupture des ligaments crois\u00e9s. Cette premi\u00e8re estimation pourrait \u00e9voluer au fil du processus de r\u00e9\u00e9ducation. Mais R\u00e9my Labeau-Lascary devrait au moins manquer la r\u00e9ception du FC Nantes, samedi (19 h). Une incertitude existe encore autour des matchs contre Lorient, le 19 octobre et contre le PSG, le 25 octobre, apr\u00e8s la tr\u00eave internationale.<\/p>\n<p>\u00ab C\u2019\u00e9tait parfait pour lui\u2026 \u00bb<\/p>\n<p>\u00ab Il va \u00eatre coup\u00e9 dans son \u00e9lan, a pest\u00e9 son entra\u00eeneur, Eric Roy, dimanche soir. Il avait besoin de retrouver les terrains, de sentir de la confiance\u2026 Deux buts en deux matchs, c\u2019\u00e9tait plut\u00f4t parfait pour lui. \u00c7a risque d\u2019\u00eatre plus compliqu\u00e9 dans les jours qui viennent. \u00bb<\/p>\n<p>La situation est d\u2019autant plus cruelle que le staff brestois s\u2019appr\u00eatait \u00e0 le faire sortir. \u00ab C\u2019est toujours comme \u00e7a, \u00e0 ski, c\u2019est dans la derni\u00e8re descente que l\u2019on se blesse, a philosoph\u00e9 l\u2019entra\u00eeneur brestois. C\u2019est dommage pour lui. Mais il va revenir plus fort ! \u00bb<\/p>\n","protected":false},"excerpt":{"rendered":"Ligue 1. Stade Brestois La grimace apr\u00e8s les grands sourires. Buteur en premi\u00e8re p\u00e9riode, dimanche, contre Angers, puis&hellip;\n","protected":false},"author":2,"featured_media":427391,"comment_status":"","ping_status":"","sticky":false,"template":"","format":"standard","meta":{"footnotes":""},"categories":[9],"tags":[3450,3166,63,1011,27,66,60,4449],"class_list":{"0":"post-427390","1":"post","2":"type-post","3":"status-publish","4":"format-standard","5":"has-post-thumbnail","7":"category-sports","8":"tag-brest","9":"tag-en-continu-sports","10":"tag-football","11":"tag-fr","12":"tag-france","13":"tag-ligue-1","14":"tag-sports","15":"tag-stade-brestois"},"share_on_mastodon":{"url":"https:\/\/pubeurope.com\/@fr\/115290550266977453","error":""},"_links":{"self":[{"href":"https:\/\/www.europesays.com\/fr\/wp-json\/wp\/v2\/posts\/427390","targetHints":{"allow":["GET"]}}],"collection":[{"href":"https:\/\/www.europesays.com\/fr\/wp-json\/wp\/v2\/posts"}],"about":[{"href":"https:\/\/www.europesays.com\/fr\/wp-json\/wp\/v2\/types\/post"}],"author":[{"embeddable":true,"href":"https:\/\/www.europesays.com\/fr\/wp-json\/wp\/v2\/users\/2"}],"replies":[{"embeddable":true,"href":"https:\/\/www.europesays.com\/fr\/wp-json\/wp\/v2\/comments?post=427390"}],"version-history":[{"count":0,"href":"https:\/\/www.europesays.com\/fr\/wp-json\/wp\/v2\/posts\/427390\/revisions"}],"wp:featuredmedia":[{"embeddable":true,"href":"https:\/\/www.europesays.com\/fr\/wp-json\/wp\/v2\/media\/427391"}],"wp:attachment":[{"href":"https:\/\/www.europesays.com\/fr\/wp-json\/wp\/v2\/media?parent=427390"}],"wp:term":[{"taxonomy":"category","embeddable":true,"href":"https:\/\/www.europesays.com\/fr\/wp-json\/wp\/v2\/categories?post=427390"},{"taxonomy":"post_tag","embeddable":true,"href":"https:\/\/www.europesays.com\/fr\/wp-json\/wp\/v2\/tags?post=427390"}],"curies":[{"name":"wp","href":"https:\/\/api.w.org\/{rel}","templated":true}]}}