{"id":427392,"date":"2025-09-30T01:02:11","date_gmt":"2025-09-30T01:02:11","guid":{"rendered":"https:\/\/www.europesays.com\/fr\/427392\/"},"modified":"2025-09-30T01:02:11","modified_gmt":"2025-09-30T01:02:11","slug":"dans-une-nouvelle-sortie-transphobe-j-k-rowling-accuse-lactrice-emma-watson-de-bafouer-les-droits-des-femmes-liberation","status":"publish","type":"post","link":"https:\/\/www.europesays.com\/fr\/427392\/","title":{"rendered":"Dans une nouvelle sortie transphobe, J.K. Rowling accuse l\u2019actrice Emma Watson de \u00abbafouer les droits des femmes\u00bb \u2013 Lib\u00e9ration"},"content":{"rendered":"<p class=\"sc-cPiKLX AiZTS text-element\">Les jours se suivent et <a href=\"https:\/\/www.liberation.fr\/idees-et-debats\/tribunes\/de-jk-rowling-a-karoline-leavitt-que-faire-face-aux-alliees-de-la-domination-masculine-20250520_P5MHLMGFQNHHDK4CPRSREJ5XUY\/\" target=\"_blank\" rel=\"noreferrer nofollow noopener\" title=\"https:\/\/www.liberation.fr\/idees-et-debats\/tribunes\/de-jk-rowling-a-karoline-leavitt-que-faire-face-aux-alliees-de-la-domination-masculine-20250520_P5MHLMGFQNHHDK4CPRSREJ5XUY\/\">les sorties transphobes de l\u2019autrice des romans Harry Potter se ressemblent<\/a>. J.K. Rowling en a encore fait la d\u00e9monstration, lundi 29 septembre, en s\u2019en prenant cette fois \u00e0 Emma Watson, principale actrice de l\u2019adaptation de ces livres sur le grand \u00e9cran. Dans un message sur X cons\u00e9cutif \u00e0 une interview de Watson, Rowling lui a notamment reproch\u00e9 d\u2019avoir \u00abbafou\u00e9 avec enthousiasme les droits des femmes\u00bb, en particulier quand l\u2019interpr\u00e8te de Hermione Granger s\u2019est d\u00e9solidaris\u00e9e des propos antitrans de la cr\u00e9atrice de la saga. <\/p>\n<p class=\"sc-cPiKLX AiZTS text-element\">Dans une interview au podcast On Purpose with Jay Shetty, le 24 septembre, Watson y disait pourtant qu\u2019elle ne souhaitait pas \u00abcancel\u00bb l\u2019autrice, rappelait qu\u2019elle \u00abch\u00e9rissait les exp\u00e9riences partag\u00e9es avec [Rowling]\u00bb, formulant le v\u0153u \u00abd\u2019avoir une conversation constructive avec elle\u00bb. L\u2019actrice est n\u00e9e \u00e0 la c\u00e9l\u00e9brit\u00e9 en 2001, date de la sortie du premier volet des aventures de Harry Potter, suivi de sept autres films, auxquels s\u2019ajoutent une dizaine d\u2019autres longs-m\u00e9trages. <\/p>\n<p class=\"sc-cPiKLX AiZTS text-element\">Une main tendue balay\u00e9e par l\u2019autrice, visiblement \u00e9chaud\u00e9e par les d\u00e9clarations publiques des trois principaux acteurs de Harry Potter, qui chacun ont pris leur distance avec elle en reconnaissant le genre des personnes trans. \u00abComme d\u2019autres personnes qui n\u2019ont jamais connu la vie adulte sans \u00eatre prot\u00e9g\u00e9es par la richesse et la c\u00e9l\u00e9brit\u00e9, Emma a si peu d\u2019exp\u00e9rience de la vie r\u00e9elle qu\u2019elle ignore \u00e0 quel point elle est ignorante\u00bb, a \u00e9crit J.K. Rowling. <\/p>\n<p class=\"sc-cPiKLX AiZTS text-element\">Et la Britannique de reprendre les vieilles lunes des militants transphobes : \u00abElle ne sera jamais plac\u00e9e dans une salle mixte d\u2019un h\u00f4pital public. [\u2026] A-t-elle d\u00fb se d\u00e9shabiller dans un vestiaire mixte\u00bb, a-t-elle questionn\u00e9. Des exemples qui ne sortent pas de nulle part : J.K. Rowling a ralli\u00e9 publiquement d\u00e8s 2018 l\u2019id\u00e9e selon laquelle la d\u00e9finition de ce qu\u2019\u00e9tait une femme relevait du sexe biologique, niant aux femmes trans leur identit\u00e9 de genre. <\/p>\n<p class=\"sc-cPiKLX AiZTS text-element\">En cons\u00e9quence, l\u2019\u00e9crivaine est notamment oppos\u00e9e \u00e0 ce que les femmes transgenres acc\u00e8dent aux vestiaires, aux toilettes ou aux prisons r\u00e9serv\u00e9s aux femmes, laissant supposer que c\u00f4toyer des femmes trans dans ces lieux reviendrait \u00e0 s\u2019exposer \u00e0 des hommes. Elle a notamment particip\u00e9 <a href=\"https:\/\/www.liberation.fr\/international\/europe\/en-ecosse-le-vote-dune-loi-contre-lincitation-a-la-haine-fait-polemique-20240403_I5ATPNGMRFCP5IRGPAFSEWOUGU\/\" target=\"_blank\" rel=\"nofollow noopener\" title=\"https:\/\/www.liberation.fr\/international\/europe\/en-ecosse-le-vote-dune-loi-contre-lincitation-a-la-haine-fait-polemique-20240403_I5ATPNGMRFCP5IRGPAFSEWOUGU\/\">au financement d\u2019actions juridiques antitrans en Ecosse<\/a> et <a href=\"https:\/\/www.liberation.fr\/societe\/sexualite-et-genres\/transphobie-la-creatrice-milliardaire-de-harry-potter-jk-rowling-alimente-un-fonds-contre-les-personnes-trans-20250604_D3GHV6436VGSHGVVSW54EIFNKM\/\" target=\"_blank\" rel=\"noreferrer nofollow noopener\" title=\"https:\/\/www.liberation.fr\/societe\/sexualite-et-genres\/transphobie-la-creatrice-milliardaire-de-harry-potter-jk-rowling-alimente-un-fonds-contre-les-personnes-trans-20250604_D3GHV6436VGSHGVVSW54EIFNKM\/\">\u00e0 travers le monde<\/a>. Un activisme financier qui a abouti, \u00e0 l\u2019\u00e9t\u00e9 2025, \u00e0 <a href=\"https:\/\/www.liberation.fr\/international\/europe\/la-cour-supreme-britannique-va-se-prononcer-sur-ce-quest-une-femme-20250416_L3C5D3CH2FHFHJPBYRR4F5SXOI\/\" target=\"_blank\" rel=\"noreferrer nofollow noopener\" title=\"https:\/\/www.liberation.fr\/international\/europe\/la-cour-supreme-britannique-va-se-prononcer-sur-ce-quest-une-femme-20250416_L3C5D3CH2FHFHJPBYRR4F5SXOI\/\">une d\u00e9cision de la cour supr\u00eame<\/a> britannique ouvrant la voie \u00e0 ce que les femmes transgenres ne puissent plus acc\u00e9der \u00e0 certains lieux, dont les centres d\u2019h\u00e9bergement pour femmes. Les \u00abd\u00e9lires \u00e0 la Voldemort\u00bb d\u00e9nonc\u00e9s par l\u2019acteur Pedro Pascal ont encore de beaux jours devant eux. <\/p>\n","protected":false},"excerpt":{"rendered":"Les jours se suivent et les sorties transphobes de l\u2019autrice des romans Harry Potter se ressemblent. J.K. Rowling&hellip;\n","protected":false},"author":2,"featured_media":427393,"comment_status":"","ping_status":"","sticky":false,"template":"","format":"standard","meta":{"footnotes":""},"categories":[8],"tags":[58,59,1011,27,12707],"class_list":{"0":"post-427392","1":"post","2":"type-post","3":"status-publish","4":"format-standard","5":"has-post-thumbnail","7":"category-divertissement","8":"tag-divertissement","9":"tag-entertainment","10":"tag-fr","11":"tag-france","12":"tag-transphobie"},"share_on_mastodon":{"url":"https:\/\/pubeurope.com\/@fr\/115290554324052601","error":""},"_links":{"self":[{"href":"https:\/\/www.europesays.com\/fr\/wp-json\/wp\/v2\/posts\/427392","targetHints":{"allow":["GET"]}}],"collection":[{"href":"https:\/\/www.europesays.com\/fr\/wp-json\/wp\/v2\/posts"}],"about":[{"href":"https:\/\/www.europesays.com\/fr\/wp-json\/wp\/v2\/types\/post"}],"author":[{"embeddable":true,"href":"https:\/\/www.europesays.com\/fr\/wp-json\/wp\/v2\/users\/2"}],"replies":[{"embeddable":true,"href":"https:\/\/www.europesays.com\/fr\/wp-json\/wp\/v2\/comments?post=427392"}],"version-history":[{"count":0,"href":"https:\/\/www.europesays.com\/fr\/wp-json\/wp\/v2\/posts\/427392\/revisions"}],"wp:featuredmedia":[{"embeddable":true,"href":"https:\/\/www.europesays.com\/fr\/wp-json\/wp\/v2\/media\/427393"}],"wp:attachment":[{"href":"https:\/\/www.europesays.com\/fr\/wp-json\/wp\/v2\/media?parent=427392"}],"wp:term":[{"taxonomy":"category","embeddable":true,"href":"https:\/\/www.europesays.com\/fr\/wp-json\/wp\/v2\/categories?post=427392"},{"taxonomy":"post_tag","embeddable":true,"href":"https:\/\/www.europesays.com\/fr\/wp-json\/wp\/v2\/tags?post=427392"}],"curies":[{"name":"wp","href":"https:\/\/api.w.org\/{rel}","templated":true}]}}