{"id":427400,"date":"2025-09-30T01:06:12","date_gmt":"2025-09-30T01:06:12","guid":{"rendered":"https:\/\/www.europesays.com\/fr\/427400\/"},"modified":"2025-09-30T01:06:12","modified_gmt":"2025-09-30T01:06:12","slug":"christian-estrosi-annonce-que-le-parvis-de-lhotel-des-polices-portera-le-nom-de-nicolas-sarkozy","status":"publish","type":"post","link":"https:\/\/www.europesays.com\/fr\/427400\/","title":{"rendered":"Christian Estrosi annonce que le parvis de l\u2019h\u00f4tel des polices portera le nom de Nicolas Sarkozy"},"content":{"rendered":"<p>Un soutien ind\u00e9fectible et, peut-\u00eatre, aussi un peu de trolling. Christian Estrosi a indiqu\u00e9 vouloir nommer le parvis du nouvel h\u00f4tel des polices municipales et nationales de sa ville \u00ab<a href=\"https:\/\/www.20minutes.fr\/politique\/nicolas_sarkozy\/\" class=\"c-link c-link--is-underlined\" target=\"_blank\" rel=\"noopener\">\u00a0Nicolas Sarkozy<\/a>\u00a0\u00bb. Le <a href=\"https:\/\/www.20minutes.fr\/dossier\/maire\" class=\"c-link c-link--is-underlined\" target=\"_blank\" rel=\"noopener\">maire<\/a> (<a href=\"https:\/\/www.20minutes.fr\/horizons\/\" class=\"c-link c-link--is-underlined\" target=\"_blank\" rel=\"noopener\">Horizons<\/a>) de Nice a annonc\u00e9 la bonne nouvelle \u00e0 ses administr\u00e9s dans <a href=\"https:\/\/x.com\/cestrosi\/status\/1972616788153188543\" target=\"_blank\" class=\"c-link c-link--is-underlined\">un post publi\u00e9 sur X, ce lundi<\/a>\u00a0: \u00ab\u00a0Pr\u00e9sent d\u00e8s l\u2019origine, il a soutenu ce projet unique, et vu son int\u00e9r\u00eat pour nos forces de l\u2019ordre et pour la s\u00e9curit\u00e9 des Ni\u00e7oises et des Ni\u00e7ois\u00a0\u00bb, a indiqu\u00e9 l\u2019ancien ministre de l\u2019Industrie du chef de l\u2019Etat. \u00ab\u00a0L\u2019occasion de saluer l\u2019action d\u00e9terminante qu\u2019il a men\u00e9e, d\u2019abord comme ministre de l\u2019Int\u00e9rieur puis comme Pr\u00e9sident de la R\u00e9publique, en faisant de la s\u00e9curit\u00e9 une priorit\u00e9 nationale\u00a0\u00bb, a-t-il ajout\u00e9.<\/p>\n<\/p>\n<p>Indignation \u00e0 gauche<\/p>\n<p>En chantier dans un ancien h\u00f4pital du centre-ville, ce projet doit r\u00e9unir les services de police nationale et municipale, avec un centre de vid\u00e9osurveillance ultra-moderne. Pr\u00e9vu pour\u00a02024, il devrait \u00eatre livr\u00e9 fin\u00a02026. Cette annonce est un message de soutien (\u00e0 peine d\u00e9guis\u00e9) \u00e0 son ancien mentor, condamn\u00e9 la semaine derni\u00e8re \u00e0 cinq ans de prison pour avoir \u00ab\u00a0laiss\u00e9 ses proches\u00a0\u00bb d\u00e9marcher la Libye de Mouammar Kadhafi afin de financer sa campagne de\u00a02007.<\/p>\n<p>Elle a fait enrager l\u2019opposition locale \u00e0 Nice, comme l\u2019\u00e9cologiste Juliette Chesnel Le Roux, t\u00eate de liste PS-Verts-PCF aux prochaines municipales\u00a0: c\u2019est \u00ab\u00a0une provocation de plus qui ab\u00eeme encore l\u2019image de notre ville\u00a0\u00bb alors qu\u2019un choix \u00ab\u00a0digne et rassembleur\u00a0\u00bb pourrait se porter vers <a href=\"https:\/\/www.20minutes.fr\/politique\/robert-badinter\/\" class=\"c-link c-link--is-underlined\" target=\"_blank\" rel=\"noopener\">Robert Badinter<\/a>. C\u2019est \u00ab\u00a0un pied de nez de plus \u00e0 la justice pour d\u00e9fendre ses coqu\u2026 copains. Trumpisme \u00e0 la fran\u00e7aise\u00a0\u00bb, a lanc\u00e9 \u00e9galement Olivier Salerno, t\u00eate de file locale de LFI.<\/p>\n<p>L\u2019association \u00ab\u00a0Tous citoyens\u00a0\u00bb a aussi relev\u00e9 que les condamnations en justice n\u2019avaient pas emp\u00each\u00e9 d\u2019autres figures de la droite d\u2019\u00eatre r\u00e9cemment honor\u00e9es \u00e0 Nice\u00a0: Christian Estrosi a inaugur\u00e9 une all\u00e9e Charles Pasqua en\u00a02018, une rue Jacques M\u00e9decin en\u00a02019 et un cours <a href=\"https:\/\/www.20minutes.fr\/dossier\/jacques_chirac\" class=\"c-link c-link--is-underlined\" target=\"_blank\" rel=\"noopener\">Jacques Chirac<\/a> en\u00a02020.<\/p>\n","protected":false},"excerpt":{"rendered":"Un soutien ind\u00e9fectible et, peut-\u00eatre, aussi un peu de trolling. Christian Estrosi a indiqu\u00e9 vouloir nommer le parvis&hellip;\n","protected":false},"author":2,"featured_media":427401,"comment_status":"","ping_status":"","sticky":false,"template":"","format":"standard","meta":{"footnotes":""},"categories":[4],"tags":[47,11,2898,2397,1011,27,7088,12,2401,3091,883,316,882,25],"class_list":{"0":"post-427400","1":"post","2":"type-post","3":"status-publish","4":"format-standard","5":"has-post-thumbnail","7":"category-france","8":"tag-actualite","9":"tag-actualites","10":"tag-alpes-maritimes","11":"tag-christian-estrosi","12":"tag-fr","13":"tag-france","14":"tag-ministre-de-linterieur","15":"tag-news","16":"tag-nice","17":"tag-nicolas-sarkozy","18":"tag-paca","19":"tag-politique","20":"tag-provence-alpes-cote-dazur","21":"tag-republique-francaise"},"share_on_mastodon":{"url":"https:\/\/pubeurope.com\/@fr\/115290569703848749","error":""},"_links":{"self":[{"href":"https:\/\/www.europesays.com\/fr\/wp-json\/wp\/v2\/posts\/427400","targetHints":{"allow":["GET"]}}],"collection":[{"href":"https:\/\/www.europesays.com\/fr\/wp-json\/wp\/v2\/posts"}],"about":[{"href":"https:\/\/www.europesays.com\/fr\/wp-json\/wp\/v2\/types\/post"}],"author":[{"embeddable":true,"href":"https:\/\/www.europesays.com\/fr\/wp-json\/wp\/v2\/users\/2"}],"replies":[{"embeddable":true,"href":"https:\/\/www.europesays.com\/fr\/wp-json\/wp\/v2\/comments?post=427400"}],"version-history":[{"count":0,"href":"https:\/\/www.europesays.com\/fr\/wp-json\/wp\/v2\/posts\/427400\/revisions"}],"wp:featuredmedia":[{"embeddable":true,"href":"https:\/\/www.europesays.com\/fr\/wp-json\/wp\/v2\/media\/427401"}],"wp:attachment":[{"href":"https:\/\/www.europesays.com\/fr\/wp-json\/wp\/v2\/media?parent=427400"}],"wp:term":[{"taxonomy":"category","embeddable":true,"href":"https:\/\/www.europesays.com\/fr\/wp-json\/wp\/v2\/categories?post=427400"},{"taxonomy":"post_tag","embeddable":true,"href":"https:\/\/www.europesays.com\/fr\/wp-json\/wp\/v2\/tags?post=427400"}],"curies":[{"name":"wp","href":"https:\/\/api.w.org\/{rel}","templated":true}]}}