{"id":427404,"date":"2025-09-30T01:08:30","date_gmt":"2025-09-30T01:08:30","guid":{"rendered":"https:\/\/www.europesays.com\/fr\/427404\/"},"modified":"2025-09-30T01:08:30","modified_gmt":"2025-09-30T01:08:30","slug":"la-talaudiere-les-classards-65-fetent-leurs-80-printemps","status":"publish","type":"post","link":"https:\/\/www.europesays.com\/fr\/427404\/","title":{"rendered":"La Talaudi\u00e8re. Les classards 65 f\u00eatent leurs 80 printemps"},"content":{"rendered":"<p>\u00c0 l\u2019initiative de G\u00e9rard Mazenod, Michelle Couchoud, Jo\u00ebl Peyre, 37 Talaudi\u00e9rois de la classe 65 (natifs de l\u2019ann\u00e9e 1945), se sont retrouv\u00e9s dans une joyeuse ambiance au restaurant La Sauvag\u00e8re, samedi 20\u00a0septembre, pour d\u00e9guster un repas de f\u00eate. Les classards talaudi\u00e9rois qui se sont retrouv\u00e9s affichent fi\u00e8rement 80 printemps au compteur de leur vie. Une douzaine des pr\u00e9sents habite encore La Talaudi\u00e8re, les al\u00e9as de l\u2019existence ayant diss\u00e9min\u00e9 les autres. Notons la venue de Marie Fulchiron depuis Montpellier, elle n\u2019aurait pas voulu manquer cette rencontre qui a lieu tous les cinq ans.<\/p>\n","protected":false},"excerpt":{"rendered":"\u00c0 l\u2019initiative de G\u00e9rard Mazenod, Michelle Couchoud, Jo\u00ebl Peyre, 37 Talaudi\u00e9rois de la classe 65 (natifs de l\u2019ann\u00e9e&hellip;\n","protected":false},"author":2,"featured_media":427405,"comment_status":"","ping_status":"","sticky":false,"template":"","format":"standard","meta":{"footnotes":""},"categories":[9653],"tags":[1111,11,7476,2430,7539,1777,674,1011,27,12053,12,25,4001,9664,104],"class_list":{"0":"post-427404","1":"post","2":"type-post","3":"status-publish","4":"format-standard","5":"has-post-thumbnail","7":"category-saint-etienne","8":"tag-actu","9":"tag-actualites","10":"tag-anniversaires","11":"tag-auvergne-rhone-alpes","12":"tag-edition-loire-sud","13":"tag-eu","14":"tag-europe","15":"tag-fr","16":"tag-france","17":"tag-la-talaudiere","18":"tag-news","19":"tag-republique-francaise","20":"tag-saint-etienne","21":"tag-saint-etienne-bassin","22":"tag-societe"},"share_on_mastodon":{"url":"https:\/\/pubeurope.com\/@fr\/115290577770325754","error":""},"_links":{"self":[{"href":"https:\/\/www.europesays.com\/fr\/wp-json\/wp\/v2\/posts\/427404","targetHints":{"allow":["GET"]}}],"collection":[{"href":"https:\/\/www.europesays.com\/fr\/wp-json\/wp\/v2\/posts"}],"about":[{"href":"https:\/\/www.europesays.com\/fr\/wp-json\/wp\/v2\/types\/post"}],"author":[{"embeddable":true,"href":"https:\/\/www.europesays.com\/fr\/wp-json\/wp\/v2\/users\/2"}],"replies":[{"embeddable":true,"href":"https:\/\/www.europesays.com\/fr\/wp-json\/wp\/v2\/comments?post=427404"}],"version-history":[{"count":0,"href":"https:\/\/www.europesays.com\/fr\/wp-json\/wp\/v2\/posts\/427404\/revisions"}],"wp:featuredmedia":[{"embeddable":true,"href":"https:\/\/www.europesays.com\/fr\/wp-json\/wp\/v2\/media\/427405"}],"wp:attachment":[{"href":"https:\/\/www.europesays.com\/fr\/wp-json\/wp\/v2\/media?parent=427404"}],"wp:term":[{"taxonomy":"category","embeddable":true,"href":"https:\/\/www.europesays.com\/fr\/wp-json\/wp\/v2\/categories?post=427404"},{"taxonomy":"post_tag","embeddable":true,"href":"https:\/\/www.europesays.com\/fr\/wp-json\/wp\/v2\/tags?post=427404"}],"curies":[{"name":"wp","href":"https:\/\/api.w.org\/{rel}","templated":true}]}}