{"id":427406,"date":"2025-09-30T01:09:13","date_gmt":"2025-09-30T01:09:13","guid":{"rendered":"https:\/\/www.europesays.com\/fr\/427406\/"},"modified":"2025-09-30T01:09:13","modified_gmt":"2025-09-30T01:09:13","slug":"un-mineur-interpelle-apres-avoir-menace-des-passants-avec-un-taser-2","status":"publish","type":"post","link":"https:\/\/www.europesays.com\/fr\/427406\/","title":{"rendered":"Un mineur interpell\u00e9 apr\u00e8s avoir menac\u00e9 des passants avec un taser"},"content":{"rendered":"<p>Les forces de l\u2019ordre ont \u00e9t\u00e9 sollicit\u00e9es samedi soir pour un motif des plus inattendus. Vers 20h30, la police nationale est intervenue \u00e0 <a href=\"https:\/\/www.20minutes.fr\/dossier\/saint-etienne\" class=\"c-link c-link--is-underlined\" rel=\"nofollow noopener\" target=\"_blank\">Saint-\u00c9tienne<\/a> (<a href=\"https:\/\/www.20minutes.fr\/dossier\/loire\" class=\"c-link c-link--is-underlined\" rel=\"nofollow noopener\" target=\"_blank\">Loire<\/a>) afin de mettre un terme au comportement dangereux d\u2019un adolescent. D\u2019apr\u00e8s <a href=\"https:\/\/www.leprogres.fr\/faits-divers-justice\/2025\/09\/28\/l-adolescent-poursuivait-des-passants-avec-un-taser\" target=\"_blank\" class=\"c-link c-link--is-underlined\" rel=\"nofollow noopener\">Le Progr\u00e8s<\/a>, plusieurs passants auraient \u00e9t\u00e9 pris en chasse par un jeune de 17 ans arm\u00e9 d\u2019un pistolet \u00e0 impulsion \u00e9lectrique, plus connu sous le nom de taser, pour des raisons encore inconnues.<\/p>\n<p>Alert\u00e9s, les policiers se sont rapidement rendus sur les lieux de l\u2019incident, place Saint-Roch. Ils ont ainsi pu localiser et appr\u00e9hender le suspect, tandis que l\u2019arme, dissimul\u00e9e non loin de l\u00e0, a \u00e9t\u00e9 r\u00e9cup\u00e9r\u00e9e.<\/p>\n<p>Un avertissement p\u00e9nal probatoire<\/p>\n<p>Interpell\u00e9, l\u2019adolescent st\u00e9phanois s\u2019est vu infliger un avertissement p\u00e9nal probatoire. Cette mesure qui a remplac\u00e9 l\u2019ancien \u00ab\u00a0rappel \u00e0 la loi\u00a0\u00bb ne concerne que les personnes sans ant\u00e9c\u00e9dent judiciaire. Elle sert d\u2019ultime avertissement. En cas de r\u00e9cidive dans les deux ans, le mineur pourrait \u00eatre poursuivi et sanctionn\u00e9 plus s\u00e9v\u00e8rement.<\/p>\n<\/p>\n<p>Le <a href=\"https:\/\/www.20minutes.fr\/dossier\/taser\" class=\"c-link c-link--is-underlined\" rel=\"nofollow noopener\" target=\"_blank\">taser<\/a> est un pistolet projetant des \u00e9lectrodes capables de neutraliser temporairement une personne par <a href=\"https:\/\/www.20minutes.fr\/justice\/4167656-20250812-montfermeil-quatre-policiers-mis-examen-enquete-mort-homme\" class=\"c-link c-link--is-underlined\" rel=\"nofollow noopener\" target=\"_blank\">d\u00e9charge \u00e9lectrique<\/a>. En France, son usage est strictement r\u00e9serv\u00e9 aux forces de l\u2019ordre, car il rel\u00e8ve des armes de cat\u00e9gorie B, interdites aux particuliers. \u00c0 noter qu\u2019il existe aussi le \u00ab\u00a0shocker\u00a0\u00bb, qui d\u00e9livre une d\u00e9charge uniquement au contact direct. Certains mod\u00e8les de cette derni\u00e8re arme, class\u00e9s en cat\u00e9gorie D, peuvent \u00eatre acquis par des civils, mais leur port et leur transport restent soumis \u00e0 une r\u00e9glementation stricte.<\/p>\n","protected":false},"excerpt":{"rendered":"Les forces de l\u2019ordre ont \u00e9t\u00e9 sollicit\u00e9es samedi soir pour un motif des plus inattendus. Vers 20h30, la&hellip;\n","protected":false},"author":2,"featured_media":427407,"comment_status":"","ping_status":"","sticky":false,"template":"","format":"standard","meta":{"footnotes":""},"categories":[9653],"tags":[1111,47,11,2430,1777,674,118,1011,27,3367,12,25,2431,4001,55630],"class_list":{"0":"post-427406","1":"post","2":"type-post","3":"status-publish","4":"format-standard","5":"has-post-thumbnail","7":"category-saint-etienne","8":"tag-actu","9":"tag-actualite","10":"tag-actualites","11":"tag-auvergne-rhone-alpes","12":"tag-eu","13":"tag-europe","14":"tag-faits-divers","15":"tag-fr","16":"tag-france","17":"tag-loire","18":"tag-news","19":"tag-republique-francaise","20":"tag-rhone-alpes","21":"tag-saint-etienne","22":"tag-taser"},"share_on_mastodon":{"url":"https:\/\/pubeurope.com\/@fr\/115290581541277793","error":""},"_links":{"self":[{"href":"https:\/\/www.europesays.com\/fr\/wp-json\/wp\/v2\/posts\/427406","targetHints":{"allow":["GET"]}}],"collection":[{"href":"https:\/\/www.europesays.com\/fr\/wp-json\/wp\/v2\/posts"}],"about":[{"href":"https:\/\/www.europesays.com\/fr\/wp-json\/wp\/v2\/types\/post"}],"author":[{"embeddable":true,"href":"https:\/\/www.europesays.com\/fr\/wp-json\/wp\/v2\/users\/2"}],"replies":[{"embeddable":true,"href":"https:\/\/www.europesays.com\/fr\/wp-json\/wp\/v2\/comments?post=427406"}],"version-history":[{"count":0,"href":"https:\/\/www.europesays.com\/fr\/wp-json\/wp\/v2\/posts\/427406\/revisions"}],"wp:featuredmedia":[{"embeddable":true,"href":"https:\/\/www.europesays.com\/fr\/wp-json\/wp\/v2\/media\/427407"}],"wp:attachment":[{"href":"https:\/\/www.europesays.com\/fr\/wp-json\/wp\/v2\/media?parent=427406"}],"wp:term":[{"taxonomy":"category","embeddable":true,"href":"https:\/\/www.europesays.com\/fr\/wp-json\/wp\/v2\/categories?post=427406"},{"taxonomy":"post_tag","embeddable":true,"href":"https:\/\/www.europesays.com\/fr\/wp-json\/wp\/v2\/tags?post=427406"}],"curies":[{"name":"wp","href":"https:\/\/api.w.org\/{rel}","templated":true}]}}