{"id":427410,"date":"2025-09-30T01:11:44","date_gmt":"2025-09-30T01:11:44","guid":{"rendered":"https:\/\/www.europesays.com\/fr\/427410\/"},"modified":"2025-09-30T01:11:44","modified_gmt":"2025-09-30T01:11:44","slug":"basket-lasvel-atomise-nancy-avant-de-retrouver-leuroligue","status":"publish","type":"post","link":"https:\/\/www.europesays.com\/fr\/427410\/","title":{"rendered":"Basket. L\u2019Asvel atomise Nancy avant de retrouver l\u2019Euroligue"},"content":{"rendered":"<p>Asvel &#8211; Nancy<\/p>\n<p>115-71<\/p>\n<p>Samedi, Paris avait pulv\u00e9ris\u00e9 Gravelines (66-109, +43), \u00e0 Dunkerque, pour faire honneur \u00e0 son premier titre de champion de France. Dans la foul\u00e9e, l\u2019Asvel a fait mieux en \u00e9trillant (+44) un SLUC Nancy qui s\u2019\u00e9tait pr\u00e9sent\u00e9 sans Gombaud, Goudou Sinha et Amini dans une Astroballe o\u00f9 il comprit tr\u00e8s vite que sa soir\u00e9e serait tr\u00e8s longue (41-6 \u00e0 l\u2019\u00e9valuation \u00e0 l\u2019issue du premier quart-temps).<\/p>\n<p>\u00ab\u00a0Notre plan de jeu \u00e9tait clair mais notre ex\u00e9cution a \u00e9t\u00e9 terrible\u00a0\u00bb, commenta Landers Nolley, meilleur marqueur d\u2019une formation qui afficha la pire d\u00e9fense de l\u2019\u00e9lite la saison derni\u00e8re. Et montra qu\u2019elle avait un immense chantier devant elle dans ce domaine sur un parquet o\u00f9 elle avait d\u00e9j\u00e0 rendu les armes \u00e0 la pause (58-26).<\/p>\n<p>Sans Heurtel&#8230;<\/p>\n","protected":false},"excerpt":{"rendered":"Asvel &#8211; Nancy 115-71 Samedi, Paris avait pulv\u00e9ris\u00e9 Gravelines (66-109, +43), \u00e0 Dunkerque, pour faire honneur \u00e0 son&hellip;\n","protected":false},"author":2,"featured_media":427411,"comment_status":"","ping_status":"","sticky":false,"template":"","format":"standard","meta":{"footnotes":""},"categories":[9635],"tags":[1111,11,36719,1791,2757,1777,674,1011,27,775,1702,12,25,2429,517,6345,6346],"class_list":{"0":"post-427410","1":"post","2":"type-post","3":"status-publish","4":"format-standard","5":"has-post-thumbnail","7":"category-nancy","8":"tag-actu","9":"tag-actualites","10":"tag-asvel-asvel-lyon-villeurbanne-basket","11":"tag-basket-ball","12":"tag-edition-lyon-villeurbanne","13":"tag-eu","14":"tag-europe","15":"tag-fr","16":"tag-france","17":"tag-grand-est","18":"tag-nancy","19":"tag-news","20":"tag-republique-francaise","21":"tag-rhone","22":"tag-sport","23":"tag-villeurbanne","24":"tag-villeurbanne-bassin"},"share_on_mastodon":{"url":"https:\/\/pubeurope.com\/@fr\/115290589432485296","error":""},"_links":{"self":[{"href":"https:\/\/www.europesays.com\/fr\/wp-json\/wp\/v2\/posts\/427410","targetHints":{"allow":["GET"]}}],"collection":[{"href":"https:\/\/www.europesays.com\/fr\/wp-json\/wp\/v2\/posts"}],"about":[{"href":"https:\/\/www.europesays.com\/fr\/wp-json\/wp\/v2\/types\/post"}],"author":[{"embeddable":true,"href":"https:\/\/www.europesays.com\/fr\/wp-json\/wp\/v2\/users\/2"}],"replies":[{"embeddable":true,"href":"https:\/\/www.europesays.com\/fr\/wp-json\/wp\/v2\/comments?post=427410"}],"version-history":[{"count":0,"href":"https:\/\/www.europesays.com\/fr\/wp-json\/wp\/v2\/posts\/427410\/revisions"}],"wp:featuredmedia":[{"embeddable":true,"href":"https:\/\/www.europesays.com\/fr\/wp-json\/wp\/v2\/media\/427411"}],"wp:attachment":[{"href":"https:\/\/www.europesays.com\/fr\/wp-json\/wp\/v2\/media?parent=427410"}],"wp:term":[{"taxonomy":"category","embeddable":true,"href":"https:\/\/www.europesays.com\/fr\/wp-json\/wp\/v2\/categories?post=427410"},{"taxonomy":"post_tag","embeddable":true,"href":"https:\/\/www.europesays.com\/fr\/wp-json\/wp\/v2\/tags?post=427410"}],"curies":[{"name":"wp","href":"https:\/\/api.w.org\/{rel}","templated":true}]}}