{"id":42742,"date":"2025-04-22T00:35:18","date_gmt":"2025-04-22T00:35:18","guid":{"rendered":"https:\/\/www.europesays.com\/fr\/42742\/"},"modified":"2025-04-22T00:35:18","modified_gmt":"2025-04-22T00:35:18","slug":"un-cherbourgeois-sort-son-livre-de-poesie","status":"publish","type":"post","link":"https:\/\/www.europesays.com\/fr\/42742\/","title":{"rendered":"Un Cherbourgeois sort son livre de po\u00e9sie"},"content":{"rendered":"<p>            Par<br \/>\n        <strong><br \/>\n            <a href=\"https:\/\/actu.fr\/auteur\/redaction-pressemanche\" title=\"Consulter tous les articles de R\u00e9daction La Presse de la Manche\" rel=\"nofollow noopener\" target=\"_blank\">R\u00e9daction La Presse de la Manche<\/a><br \/>\n        <\/strong><\/p>\n<p>        Publi\u00e9 le<\/p>\n<p>            21 avr. 2025 \u00e0 16h32        <\/p>\n<p>C\u2019est un bel objet qui est n\u00e9 d\u2019une belle rencontre. Ing\u00e9nieur retrait\u00e9 du nucl\u00e9aire, le Cherbourgeois Richard Coquin aime \u00e0 visiter toutes les expositions dans le Cotentin et \u00e0 prendre la plume depuis qu\u2019il a gagn\u00e9 le concours d\u2019\u00e9criture des Parapluies de <a href=\"https:\/\/actu.fr\/normandie\/cherbourg-en-cotentin_50129\" rel=\"nofollow noopener\" target=\"_blank\">Cherbourg<\/a> (Manche).<\/p>\n<p class=\" wall-content\">Dans une galerie de Barfleur, il a eu <b>un coup de c\u0153ur pour les agrandissements de macrophotographie florale de Blandine Legros<\/b> et lui a rendu visite \u00e0 Saint-Christophe-du-Foc pour lui proposer <b>quelques courts textes qui pourraient accompagner ses clich\u00e9s.<\/b><\/p>\n<p>Contraste entre texte et photo<\/p>\n<p class=\" wall-content\"><b>L\u2019envie commune d\u2019\u00e9laborer un livre est vite n\u00e9e<\/b>, dans lequel les modes d\u2019expression de chacun pourraient se compl\u00e9ter. Comme pour un enfantement, il a fallu <b>neuf mois de dialogue et d\u2019\u00e9changes entre la photographe et le po\u00e8te.<\/b><\/p>\n<p class=\" wall-content\">Blandine Legros est tr\u00e8s sensible \u00e0 la lumi\u00e8re et \u00e0 la ros\u00e9e du matin, porteuses d\u2019\u00e9motions et d\u2019imaginations pour celui ou celle qui les contemple. Elle a d\u00e9velopp\u00e9 <b>une technique unique en France de photographie de graines et ak\u00e8nes <\/b>qui flottent sur eau charg\u00e9e de quelques gouttes d\u2019aquarelles.<\/p>\n<p>\u00ab\u2009Toute perception est color\u00e9e par les \u00e9motions\u2009\u00bb<\/p>\n<p class=\" wall-content\"><b>Chacun des po\u00e8mes de l\u2019album a \u00e9t\u00e9 pens\u00e9, puis \u00e9crit par Richard en partant \u00e0 chaque fois d\u2019une photographie de Blandine<\/b>, dans laquelle il a trouv\u00e9 une parfaite lecture de la pens\u00e9e de Kant, qui \u00e9crivait : \u00ab\u2009Toute perception est color\u00e9e par les \u00e9motions\u2009\u00bb. L\u2019\u00e9criture ouverte de Richard permet \u00e0 chaque lecteur de mieux interpr\u00e9ter les photographies de Blandine.<\/p>\n<p class=\" wall-content\"><b>De notre correspondant \u00c9tienne DEVAILLY<\/b><\/p>\n<p>Perles de pluie est en vente 30\u00a0\u20ac dans les librairies Ryst et Schistes bleus.<\/p>\n<p>Vid\u00e9os : en ce moment sur Actu<\/p>\n<p class=\" wall-content\">Suivez toute l\u2019actualit\u00e9 de vos villes et m\u00e9dias favoris en vous inscrivant \u00e0 <a href=\"https:\/\/moncompte.actu.fr\" title=\"D\u00e9couvez Mon Actu\" rel=\"nofollow noopener\" data-trk=\"{&quot;cta&quot;:{&quot;action&quot;:&quot;https:\\\/\\\/moncompte.actu.fr&quot;,&quot;category&quot;:&quot;mon compte&quot;,&quot;from&quot;:&quot;article footer&quot;,&quot;name&quot;:&quot;Mon actu&quot;,&quot;type&quot;:&quot;cta&quot;}}\" target=\"_blank\">Mon Actu<\/a>.<\/p>\n","protected":false},"excerpt":{"rendered":"Par R\u00e9daction La Presse de la Manche Publi\u00e9 le 21 avr. 2025 \u00e0 16h32 C\u2019est un bel objet&hellip;\n","protected":false},"author":2,"featured_media":42743,"comment_status":"","ping_status":"","sticky":false,"template":"","format":"standard","meta":{"footnotes":""},"categories":[1357],"tags":[1379,3168,58,59,1011,27,1380,1652],"class_list":{"0":"post-42742","1":"post","2":"type-post","3":"status-publish","4":"format-standard","5":"has-post-thumbnail","7":"category-livres","8":"tag-books","9":"tag-cotentin","10":"tag-divertissement","11":"tag-entertainment","12":"tag-fr","13":"tag-france","14":"tag-livres","15":"tag-loisirs-culture"},"share_on_mastodon":{"url":"https:\/\/pubeurope.com\/@fr\/114378815793619888","error":""},"_links":{"self":[{"href":"https:\/\/www.europesays.com\/fr\/wp-json\/wp\/v2\/posts\/42742","targetHints":{"allow":["GET"]}}],"collection":[{"href":"https:\/\/www.europesays.com\/fr\/wp-json\/wp\/v2\/posts"}],"about":[{"href":"https:\/\/www.europesays.com\/fr\/wp-json\/wp\/v2\/types\/post"}],"author":[{"embeddable":true,"href":"https:\/\/www.europesays.com\/fr\/wp-json\/wp\/v2\/users\/2"}],"replies":[{"embeddable":true,"href":"https:\/\/www.europesays.com\/fr\/wp-json\/wp\/v2\/comments?post=42742"}],"version-history":[{"count":0,"href":"https:\/\/www.europesays.com\/fr\/wp-json\/wp\/v2\/posts\/42742\/revisions"}],"wp:featuredmedia":[{"embeddable":true,"href":"https:\/\/www.europesays.com\/fr\/wp-json\/wp\/v2\/media\/42743"}],"wp:attachment":[{"href":"https:\/\/www.europesays.com\/fr\/wp-json\/wp\/v2\/media?parent=42742"}],"wp:term":[{"taxonomy":"category","embeddable":true,"href":"https:\/\/www.europesays.com\/fr\/wp-json\/wp\/v2\/categories?post=42742"},{"taxonomy":"post_tag","embeddable":true,"href":"https:\/\/www.europesays.com\/fr\/wp-json\/wp\/v2\/tags?post=42742"}],"curies":[{"name":"wp","href":"https:\/\/api.w.org\/{rel}","templated":true}]}}