{"id":427424,"date":"2025-09-30T01:23:24","date_gmt":"2025-09-30T01:23:24","guid":{"rendered":"https:\/\/www.europesays.com\/fr\/427424\/"},"modified":"2025-09-30T01:23:24","modified_gmt":"2025-09-30T01:23:24","slug":"a-strasbourg-les-trains-de-nuit-supprimes-des-le-14-decembre","status":"publish","type":"post","link":"https:\/\/www.europesays.com\/fr\/427424\/","title":{"rendered":"\u00e0 Strasbourg, les trains de nuit supprim\u00e9s d\u00e8s le 14 d\u00e9cembre"},"content":{"rendered":"<p>    <img loading=\"lazy\" width=\"1800\" height=\"900\" src=\"https:\/\/www.europesays.com\/fr\/wp-content\/uploads\/2025\/08\/jeanne-callthepolice.jpg\" class=\"attachment-full size-full\" alt=\"\" id=\"imageLove\" decoding=\"async\"  \/><\/p>\n<p id=\"breadcrumbs\"><a href=\"https:\/\/pokaa.fr\/\" target=\"_blank\" rel=\"noopener\">Accueil<\/a> \/ <a href=\"https:\/\/pokaa.fr\/categories\/actu\/\" target=\"_blank\" rel=\"noopener\">Info locale<\/a> \/ Bye bye Berlin et Vienne : \u00e0 Strasbourg, les trains de nuit supprim\u00e9s d\u00e8s le 14 d\u00e9cembre<\/p>\n<p>                    Info locale<\/p>\n<p><b>Ce 29 septembre, la SNCF et sa coll\u00e8gue autrichienne \u00d6BB ont annonc\u00e9 la fin des trains de nuit Paris-Berlin et Paris-Vienne, passant par Strasbourg, le 14 d\u00e9cembre prochain, \u00e0 cause de l\u2019arr\u00eat d\u2019une subvention de 10 millions d\u2019euros du gouvernement fran\u00e7ais. Cons\u00e9quence : les Strasbourgeois(es) ne pourront plus se rendre de nuit dans les capitales allemande et autrichienne.<\/b><\/p>\n<p class=\"p1\">Un vrai coup dur pour les Strasbourgeois(es), les Alsacien(ne)s et plus globalement les utilisateurs\/rices de train : <b>quatre ans apr\u00e8s le lancement de la ligne Paris-Vienne et deux ans apr\u00e8s celui de la ligne Paris-Berlin, il ne sera plus possible d\u2019emprunter ces deux lignes le 14 d\u00e9cembre prochain<\/b>.<\/p>\n<p class=\"p1\">Une d\u00e9cision annonc\u00e9e par la SNCF et l\u2019\u00d6BB ce 29 septembre, <b>confirmant ainsi les craintes d\u2019usagers\/\u00e8res, de collectifs et d\u2019\u00e9lu(e)s politiques de tous bords<\/b>, particuli\u00e8rement celles et ceux qui s\u2019\u00e9taient engag\u00e9(e)s pour le passage de la ligne Paris-Berlin par Strasbourg.<\/p>\n<p>    <img width=\"800\" height=\"457\" src=\"https:\/\/www.europesays.com\/fr\/wp-content\/uploads\/2025\/04\/d1-800x457.png\" class=\"attachment-image-size-L size-image-size-L\" alt=\"train TGV Strasbourg gare\" decoding=\"async\" loading=\"lazy\"  \/>         \u00a9 Rob Dammers &#8211; Flickr \/ Photo d&rsquo;illustration <\/p>\n<p>Le gouvernement fran\u00e7ais met fin \u00e0 une subvention<\/p>\n<p class=\"p1\">Dans un communiqu\u00e9 de presse, l\u2019\u00d6BB et la SNCF ont justifi\u00e9 l\u2019arr\u00eat de ces lignes, connaissant pourtant un certain succ\u00e8s, <b>par la fin d\u2019une subvention du gouvernement fran\u00e7ais consid\u00e9r\u00e9e comme \u00ab indispensable pour assurer sa viabilit\u00e9 \u00e9conomique\u00a0\u00bb<\/b>, \u00e0 hauteur d\u2019environ 10 millions d\u2019euros.<\/p>\n<p class=\"p1\">Petit coup suppl\u00e9mentaire dans l\u2019\u00e9go strasbourgeois : <b>une ligne de nuit est maintenue entre Vienne et Bruxelles, rivale europ\u00e9enne de Strasbourg<\/b>. Cela explique peut-\u00eatre la r\u00e9action des \u00e9lu(e)s strasbourgeois(es) : le conseil municipal de ce 29 septembre a en effet adopt\u00e9 une motion en d\u00e9fense des trains de nuit.<\/p>\n<p>    <img width=\"800\" height=\"533\" src=\"https:\/\/www.europesays.com\/fr\/wp-content\/uploads\/2025\/09\/gare-de-strasbourg1-800x533.jpg\" class=\"attachment-image-size-L size-image-size-L\" alt=\"Gare de Strasbourg1\" decoding=\"async\" loading=\"lazy\"  \/>         \u00a9 David Lev\u00eaque \/ Pokaa <\/p>\n<p class=\"p1\">De son c\u00f4t\u00e9, le d\u00e9put\u00e9 PS de la 3e circonscription Thierry Sother appelle le futur gouvernement Lecornu <b>\u00e0 \u00ab revenir sur cette d\u00e9cision \u00bb <\/b>et explique que <b>\u00ab la Commission europ\u00e9enne doit agir pour sauvegarder ces lignes \u00bb.<\/b> Il annonce \u00e9galement d\u00e9fendre une r\u00e9solution en soutien aux trains de nuit lors de la prochaine r\u00e9union de l\u2019Assembl\u00e9e parlementaire franco-allemande.<\/p>\n<p class=\"p1\"><b>L\u2019affaire n\u2019est donc peut-\u00eatre pas tout \u00e0 fait termin\u00e9e<\/b>. Bien que la grande instabilit\u00e9 gouvernementale fran\u00e7aise [le nouveau gouvernement n\u2019a pas encore \u00e9t\u00e9 constitu\u00e9, 3 semaines apr\u00e8s la censure de Fran\u00e7ois Bayrou, ndlr] et la menace de la censure n\u2019incitent pas \u00e0 l\u2019optimisme pour le moment\u2026<\/p>\n","protected":false},"excerpt":{"rendered":"Accueil \/ Info locale \/ Bye bye Berlin et Vienne : \u00e0 Strasbourg, les trains de nuit supprim\u00e9s&hellip;\n","protected":false},"author":2,"featured_media":427425,"comment_status":"","ping_status":"","sticky":false,"template":"","format":"standard","meta":{"footnotes":""},"categories":[2820],"tags":[1111,11,1777,674,1011,27,775,12,25,640,926,55631],"class_list":{"0":"post-427424","1":"post","2":"type-post","3":"status-publish","4":"format-standard","5":"has-post-thumbnail","7":"category-strasbourg","8":"tag-actu","9":"tag-actualites","10":"tag-eu","11":"tag-europe","12":"tag-fr","13":"tag-france","14":"tag-grand-est","15":"tag-news","16":"tag-republique-francaise","17":"tag-strasbourg","18":"tag-train","19":"tag-train-de-nuit"},"share_on_mastodon":{"url":"https:\/\/pubeurope.com\/@fr\/115290637039639731","error":""},"_links":{"self":[{"href":"https:\/\/www.europesays.com\/fr\/wp-json\/wp\/v2\/posts\/427424","targetHints":{"allow":["GET"]}}],"collection":[{"href":"https:\/\/www.europesays.com\/fr\/wp-json\/wp\/v2\/posts"}],"about":[{"href":"https:\/\/www.europesays.com\/fr\/wp-json\/wp\/v2\/types\/post"}],"author":[{"embeddable":true,"href":"https:\/\/www.europesays.com\/fr\/wp-json\/wp\/v2\/users\/2"}],"replies":[{"embeddable":true,"href":"https:\/\/www.europesays.com\/fr\/wp-json\/wp\/v2\/comments?post=427424"}],"version-history":[{"count":0,"href":"https:\/\/www.europesays.com\/fr\/wp-json\/wp\/v2\/posts\/427424\/revisions"}],"wp:featuredmedia":[{"embeddable":true,"href":"https:\/\/www.europesays.com\/fr\/wp-json\/wp\/v2\/media\/427425"}],"wp:attachment":[{"href":"https:\/\/www.europesays.com\/fr\/wp-json\/wp\/v2\/media?parent=427424"}],"wp:term":[{"taxonomy":"category","embeddable":true,"href":"https:\/\/www.europesays.com\/fr\/wp-json\/wp\/v2\/categories?post=427424"},{"taxonomy":"post_tag","embeddable":true,"href":"https:\/\/www.europesays.com\/fr\/wp-json\/wp\/v2\/tags?post=427424"}],"curies":[{"name":"wp","href":"https:\/\/api.w.org\/{rel}","templated":true}]}}