{"id":427432,"date":"2025-09-30T01:27:39","date_gmt":"2025-09-30T01:27:39","guid":{"rendered":"https:\/\/www.europesays.com\/fr\/427432\/"},"modified":"2025-09-30T01:27:39","modified_gmt":"2025-09-30T01:27:39","slug":"basse-goulaine-le-plan-communal-de-sauvegarde-au-conseil","status":"publish","type":"post","link":"https:\/\/www.europesays.com\/fr\/427432\/","title":{"rendered":"Basse-Goulaine. Le plan communal de sauvegarde au conseil"},"content":{"rendered":"<p>Le conseil municipal de rentr\u00e9e comportait onze d\u00e9lib\u00e9rations dont la moiti\u00e9 ne comportait pas de vote. Le maire a insist\u00e9 sur le plan communal de sauvegarde (PCS) en particulier pour les risques d\u2019inondation. En cas de crise c\u2019est le maire ou le pr\u00e9fet qui active la cellule de crise. Cette derni\u00e8re \u00e9num\u00e8re les diff\u00e9rents acteurs la composant. En plus, la ville est \u00e9quip\u00e9e d\u2019une valise (radio, torche, sifflet, plan communal, gilet jaune, corne de brume, couverture de survie\u2026). Elle est \u00e0 disposition salle du conseil et salle des c\u00e9r\u00e9monies. En cas de n\u00e9cessit\u00e9 Nantes M\u00e9tropole peut intervenir.<\/p>\n<p>Les autres d\u00e9lib\u00e9rations en bref<\/p>\n<p>Les r\u00e8gles d\u2019amortissement ont \u00e9t\u00e9 modifi\u00e9es. Maintenant l\u2019amortissement d\u00e9bute \u00e0 partir de la mise en service du bien. Deux compl\u00e9ments de subvention ont \u00e9t\u00e9 accord\u00e9s \u00e0 trois associations\u00a0: Goulaine Country (571,20\u00a0\u20ac), Badminton (161,30\u00a0\u20ac) et \u00e0 ACBG (423\u00a0\u20ac). Une subvention a \u00e9t\u00e9 accord\u00e9e aux Virades de l\u2019espoir (1100 \u20ac) proportionnelle au nombre de participants des Sentiers de Goulaine. Un poste d\u2019adjoint \u00e0 l\u2019animation \u00e0 temps complet a \u00e9t\u00e9 cr\u00e9\u00e9.<\/p>\n<p>La r\u00e9habilitions du manoir de Ker Clar s\u2019est chiffr\u00e9e \u00e0 538\u00a0492,55\u00a0\u20ac apr\u00e8s la r\u00e9gularisation de six avenants.<\/p>\n<p>Questions de l\u2019opposition<\/p>\n<p>Michel Aub\u00e9 demande si le projet d\u2019aire d\u2019accueil des gens du voyage a \u00e9t\u00e9 relanc\u00e9\u00a0? Rien pour 2026 pr\u00e9cise le maire. Du m\u00eame \u00e9lu concernant les probl\u00e8mes de stationnement et de dangerosit\u00e9 du grand Point \u00e0 la Champagnere\u00a0? Une \u00e9vocation de zone bleue avec r\u00e9tr\u00e9cissement de la Chauss\u00e9e. Claudine Jouan pose la question de la s\u00e9curit\u00e9 du portail du jardin d\u2019enfants et quid des jeux au parc de la Champagn\u00e8re\u00a0? C\u2019est un probl\u00e8me qui est de la responsabilit\u00e9 des parents r\u00e9pond le maire pour le premier point et des nouveaux jeux seront install\u00e9s pour tenir compte de l\u2019\u00e2ge. Quel est le planning des travaux de longue Mine demande Jean-Pierre Dautais\u00a0? R\u00e9ponse, Ils seront termin\u00e9s d\u00e9but de l\u2019ann\u00e9e 2026 sauf si crues de la Loire. Du m\u00eame \u00e9lu\u00a0: le probl\u00e8me de rejet des micropolluants en lien avec le syst\u00e8me du r\u00e9seau d\u2019assainissement et station d\u2019\u00e9puration de l\u2019\u00eele Chaland a re\u00e7u un d\u00e9but de r\u00e9solutions mais insuffisants pour les rejets non trait\u00e9s bruts.<\/p>\n<p>\u00a0<\/p>\n","protected":false},"excerpt":{"rendered":"Le conseil municipal de rentr\u00e9e comportait onze d\u00e9lib\u00e9rations dont la moiti\u00e9 ne comportait pas de vote. Le maire&hellip;\n","protected":false},"author":2,"featured_media":427433,"comment_status":"","ping_status":"","sticky":false,"template":"","format":"standard","meta":{"footnotes":""},"categories":[2818],"tags":[1111,11,3266,38908,7516,1777,674,1011,27,766,12,2636,5355,25,55632],"class_list":{"0":"post-427432","1":"post","2":"type-post","3":"status-publish","4":"format-standard","5":"has-post-thumbnail","7":"category-nantes","8":"tag-actu","9":"tag-actualites","10":"tag-basse-goulaine","11":"tag-communal","12":"tag-conseil","13":"tag-eu","14":"tag-europe","15":"tag-fr","16":"tag-france","17":"tag-nantes","18":"tag-news","19":"tag-pays-de-la-loire","20":"tag-plan","21":"tag-republique-francaise","22":"tag-sauvegarde"},"share_on_mastodon":{"url":"https:\/\/pubeurope.com\/@fr\/115290652322059832","error":""},"_links":{"self":[{"href":"https:\/\/www.europesays.com\/fr\/wp-json\/wp\/v2\/posts\/427432","targetHints":{"allow":["GET"]}}],"collection":[{"href":"https:\/\/www.europesays.com\/fr\/wp-json\/wp\/v2\/posts"}],"about":[{"href":"https:\/\/www.europesays.com\/fr\/wp-json\/wp\/v2\/types\/post"}],"author":[{"embeddable":true,"href":"https:\/\/www.europesays.com\/fr\/wp-json\/wp\/v2\/users\/2"}],"replies":[{"embeddable":true,"href":"https:\/\/www.europesays.com\/fr\/wp-json\/wp\/v2\/comments?post=427432"}],"version-history":[{"count":0,"href":"https:\/\/www.europesays.com\/fr\/wp-json\/wp\/v2\/posts\/427432\/revisions"}],"wp:featuredmedia":[{"embeddable":true,"href":"https:\/\/www.europesays.com\/fr\/wp-json\/wp\/v2\/media\/427433"}],"wp:attachment":[{"href":"https:\/\/www.europesays.com\/fr\/wp-json\/wp\/v2\/media?parent=427432"}],"wp:term":[{"taxonomy":"category","embeddable":true,"href":"https:\/\/www.europesays.com\/fr\/wp-json\/wp\/v2\/categories?post=427432"},{"taxonomy":"post_tag","embeddable":true,"href":"https:\/\/www.europesays.com\/fr\/wp-json\/wp\/v2\/tags?post=427432"}],"curies":[{"name":"wp","href":"https:\/\/api.w.org\/{rel}","templated":true}]}}