{"id":427436,"date":"2025-09-30T01:29:20","date_gmt":"2025-09-30T01:29:20","guid":{"rendered":"https:\/\/www.europesays.com\/fr\/427436\/"},"modified":"2025-09-30T01:29:20","modified_gmt":"2025-09-30T01:29:20","slug":"assurance-emprunteur-et-sante-un-parcours-assoupli","status":"publish","type":"post","link":"https:\/\/www.europesays.com\/fr\/427436\/","title":{"rendered":"assurance emprunteur et sant\u00e9, un parcours assoupli"},"content":{"rendered":"<p>Depuis l\u2019entr\u00e9e en vigueur de la loi Lemoine en 2022, l\u2019assurance emprunteur a connu des changements notables. \u00c0 Bordeaux comme ailleurs, les propri\u00e9taires ou candidats \u00e0 l\u2019accession ayant connu des probl\u00e8mes de sant\u00e9 b\u00e9n\u00e9ficient d\u00e9sormais de r\u00e8gles plus favorables. Tour d\u2019horizon des effets concrets pour les m\u00e9nages girondins.<\/p>\n<p>Depuis l\u2019entr\u00e9e en vigueur de la loi Lemoine en 2022, l\u2019assurance emprunteur a connu des changements notables. \u00c0 Bordeaux comme ailleurs, les propri\u00e9taires ou candidats \u00e0 l\u2019accession ayant connu des probl\u00e8mes de sant\u00e9 b\u00e9n\u00e9ficient d\u00e9sormais de r\u00e8gles plus favorables. Tour d\u2019horizon des effets concrets pour les m\u00e9nages girondins.<\/p>\n<p>Un questionnaire m\u00e9dical supprim\u00e9 sous certaines conditions<\/p>\n<p>Jusqu\u2019en 2022, tout emprunteur devait remplir un questionnaire m\u00e9dical, parfois dissuasif pour les personnes ayant un ant\u00e9c\u00e9dent de sant\u00e9. D\u00e9sormais, pour les pr\u00eats immobiliers inf\u00e9rieurs \u00e0 200 000 euros (par assur\u00e9) et arrivant \u00e0 \u00e9ch\u00e9ance avant le 60\u1d49 anniversaire, cette obligation est supprim\u00e9e. \u00c0 Bordeaux, o\u00f9 le prix moyen d\u2019un appartement ancien atteint pr\u00e8s de 4 600 euros\/m\u00b2 (donn\u00e9es Notaires de France, 2024), cette mesure profite particuli\u00e8rement aux acc\u00e9dants modestes achetant un bien de taille moyenne.<\/p>\n<p>\u00ab\u00a0Le questionnaire m\u00e9dical constituait un frein r\u00e9el, notamment pour les jeunes actifs gu\u00e9ris d\u2019un cancer ou d\u2019une affection chronique\u00a0\u00bb, rappelle un conseiller de l\u2019Agence d\u00e9partementale d\u2019information sur le logement (ADIL 33). L\u2019assouplissement favorise donc l\u2019acc\u00e8s au cr\u00e9dit, m\u00eame dans une ville o\u00f9 les prix immobiliers restent parmi les plus \u00e9lev\u00e9s de Nouvelle-Aquitaine.<\/p>\n<p>Droit \u00e0 l\u2019oubli et maladies chroniques\u00a0: des d\u00e9lais r\u00e9duits<\/p>\n<p>La loi a \u00e9galement r\u00e9duit \u00e0 5 ans (contre 10 auparavant) le d\u00e9lai du droit \u00e0 l\u2019oubli pour les cancers et l\u2019h\u00e9patite C. Concr\u00e8tement, un Bordelais gu\u00e9ri d\u2019un cancer depuis plus de cinq ans n\u2019a plus \u00e0 le mentionner lors de sa demande de pr\u00eat. Cette avanc\u00e9e s\u2019applique \u00e0 plusieurs milliers de personnes en Nouvelle-Aquitaine, o\u00f9 l\u2019Agence r\u00e9gionale de sant\u00e9 (ARS) recense chaque ann\u00e9e environ 23 000 nouveaux cas de cancers.<\/p>\n<p>Les associations locales de patients, comme la Ligue contre le cancer \u2013 comit\u00e9 de Gironde, insistent toutefois sur la n\u00e9cessit\u00e9 d\u2019une meilleure information\u00a0: \u00ab\u00a0Beaucoup de personnes ignorent encore qu\u2019elles n\u2019ont plus \u00e0 d\u00e9clarer leur ancienne maladie au-del\u00e0 de ce d\u00e9lai\u00a0\u00bb, souligne un responsable.<\/p>\n<p>Des d\u00e9marches encore complexes pour les seniors<\/p>\n<p>Si les jeunes emprunteurs b\u00e9n\u00e9ficient de ces all\u00e8gements, la situation reste plus difficile pour les seniors ou les personnes en affection longue dur\u00e9e (ALD). Selon l\u2019Insee, un habitant sur quatre en Gironde a plus de 60 ans, ce qui concerne directement le march\u00e9 immobilier local. Pour eux, le questionnaire m\u00e9dical et les surprimes demeurent la r\u00e8gle. Des comparaisons d\u2019offres restent donc indispensables, tout comme l\u2019\u00e9ventualit\u00e9 de <a href=\"https:\/\/www.santiane.fr\/assurance-pret\" class=\"spip_out\" rel=\"external nofollow noopener\" target=\"_blank\">souscrire \u00e0 une nouvelle assurance emprunteur<\/a> afin d\u2019adapter sa couverture \u00e0 sa situation de sant\u00e9 et \u00e0 son \u00e2ge.<\/p>\n<p>Les courtiers bordelais rappellent qu\u2019un changement d\u2019assurance est possible \u00e0 tout moment depuis la loi Lemoine. Mais l\u2019arbitrage doit se faire avec prudence, afin de ne pas se retrouver avec une couverture insuffisante.<\/p>\n<p>\u00c0 retenir<\/p>\n<ul class=\"spip\">\n<li> Depuis 2022, plus de questionnaire m\u00e9dical pour certains pr\u00eats immobiliers (\u2264200 000 \u20ac et fin avant 60 ans).<\/li>\n<\/ul>\n<ul class=\"spip\">\n<li> Le droit \u00e0 l\u2019oubli pour les cancers et l\u2019h\u00e9patite C est r\u00e9duit \u00e0 5 ans, am\u00e9liorant l\u2019acc\u00e8s au cr\u00e9dit.<\/li>\n<\/ul>\n<ul class=\"spip\">\n<li> Les seniors et personnes en ALD restent soumis \u00e0 des formalit\u00e9s m\u00e9dicales et \u00e0 des surprimes, d\u2019o\u00f9 l\u2019importance de comparer les offres.<\/li>\n<\/ul>\n","protected":false},"excerpt":{"rendered":"Depuis l\u2019entr\u00e9e en vigueur de la loi Lemoine en 2022, l\u2019assurance emprunteur a connu des changements notables. \u00c0&hellip;\n","protected":false},"author":2,"featured_media":427437,"comment_status":"","ping_status":"","sticky":false,"template":"","format":"standard","meta":{"footnotes":""},"categories":[2817],"tags":[1111,11,1997,1777,674,1011,27,12,2219,25],"class_list":{"0":"post-427436","1":"post","2":"type-post","3":"status-publish","4":"format-standard","5":"has-post-thumbnail","7":"category-bordeaux","8":"tag-actu","9":"tag-actualites","10":"tag-bordeaux","11":"tag-eu","12":"tag-europe","13":"tag-fr","14":"tag-france","15":"tag-news","16":"tag-nouvelle-aquitaine","17":"tag-republique-francaise"},"share_on_mastodon":{"url":"https:\/\/pubeurope.com\/@fr\/115290660339939462","error":""},"_links":{"self":[{"href":"https:\/\/www.europesays.com\/fr\/wp-json\/wp\/v2\/posts\/427436","targetHints":{"allow":["GET"]}}],"collection":[{"href":"https:\/\/www.europesays.com\/fr\/wp-json\/wp\/v2\/posts"}],"about":[{"href":"https:\/\/www.europesays.com\/fr\/wp-json\/wp\/v2\/types\/post"}],"author":[{"embeddable":true,"href":"https:\/\/www.europesays.com\/fr\/wp-json\/wp\/v2\/users\/2"}],"replies":[{"embeddable":true,"href":"https:\/\/www.europesays.com\/fr\/wp-json\/wp\/v2\/comments?post=427436"}],"version-history":[{"count":0,"href":"https:\/\/www.europesays.com\/fr\/wp-json\/wp\/v2\/posts\/427436\/revisions"}],"wp:featuredmedia":[{"embeddable":true,"href":"https:\/\/www.europesays.com\/fr\/wp-json\/wp\/v2\/media\/427437"}],"wp:attachment":[{"href":"https:\/\/www.europesays.com\/fr\/wp-json\/wp\/v2\/media?parent=427436"}],"wp:term":[{"taxonomy":"category","embeddable":true,"href":"https:\/\/www.europesays.com\/fr\/wp-json\/wp\/v2\/categories?post=427436"},{"taxonomy":"post_tag","embeddable":true,"href":"https:\/\/www.europesays.com\/fr\/wp-json\/wp\/v2\/tags?post=427436"}],"curies":[{"name":"wp","href":"https:\/\/api.w.org\/{rel}","templated":true}]}}