{"id":427438,"date":"2025-09-30T01:30:17","date_gmt":"2025-09-30T01:30:17","guid":{"rendered":"https:\/\/www.europesays.com\/fr\/427438\/"},"modified":"2025-09-30T01:30:17","modified_gmt":"2025-09-30T01:30:17","slug":"suspecte-davoir-tue-un-cycliste-un-chauffeur-de-poids-lourd-mis-en-examen-2","status":"publish","type":"post","link":"https:\/\/www.europesays.com\/fr\/427438\/","title":{"rendered":"Suspect\u00e9 d\u2019avoir tu\u00e9 un cycliste, un chauffeur de poids lourd mis en examen"},"content":{"rendered":"<p class=\"mb-4 text-lg md:leading-8 break-words\"><strong>JUSTICE &#8211; A Bordeaux, un chauffeur routier de 28 ans a \u00e9t\u00e9 mis en examen pour \u00ab\u00a0homicide routier avec d\u00e9lit de fuite\u00a0\u00bb apr\u00e8s avoir mortellement renvers\u00e9 un cycliste de 55 ans<\/strong><\/p>\n<p class=\"mb-4 text-lg md:leading-8 break-words\">Le drame survenu dans la nuit du 21 au 22\u00a0septembre au Haillan, \u00e0 l\u2019ouest de <a href=\"https:\/\/www.20minutes.fr\/bordeaux\/?at_medium=RSS%20feed&amp;at_campaign=ynews&amp;utm_source=yahoo&amp;utm_medium=rss&amp;utm_campaign=news_feed&amp;utm_content=in_article_link\" rel=\"nofollow noopener\" target=\"_blank\" data-ylk=\"slk:Bordeaux;elm:context_link;itc:0;sec:content-canvas\" class=\"link \">Bordeaux<\/a>, a d\u00e9bouch\u00e9 sur la premi\u00e8re <a href=\"https:\/\/www.20minutes.fr\/dossier\/mise_en_examen?at_medium=RSS%20feed&amp;at_campaign=ynews&amp;utm_source=yahoo&amp;utm_medium=rss&amp;utm_campaign=news_feed&amp;utm_content=in_article_link\" rel=\"nofollow noopener\" target=\"_blank\" data-ylk=\"slk:mise en examen;elm:context_link;itc:0;sec:content-canvas\" class=\"link \">mise en examen<\/a> pour \u00ab\u00a0homicide routier avec d\u00e9lit de fuite\u00a0\u00bb depuis l\u2019entr\u00e9e en vigueur de la nouvelle loi. Un <a href=\"https:\/\/www.20minutes.fr\/dossier\/routiers?at_medium=RSS%20feed&amp;at_campaign=ynews&amp;utm_source=yahoo&amp;utm_medium=rss&amp;utm_campaign=news_feed&amp;utm_content=in_article_link\" rel=\"nofollow noopener\" target=\"_blank\" data-ylk=\"slk:chauffeur routier;elm:context_link;itc:0;sec:content-canvas\" class=\"link \">chauffeur routier<\/a> de 28 ans a \u00e9t\u00e9 interpell\u00e9 jeudi et pr\u00e9sent\u00e9 samedi \u00e0 un juge d\u2019instruction, selon des informations initialement r\u00e9v\u00e9l\u00e9es par Sud Ouest. L\u2019homme est suspect\u00e9 d\u2019avoir mortellement renvers\u00e9 un <a href=\"https:\/\/www.20minutes.fr\/dossier\/cycliste?at_medium=RSS%20feed&amp;at_campaign=ynews&amp;utm_source=yahoo&amp;utm_medium=rss&amp;utm_campaign=news_feed&amp;utm_content=in_article_link\" rel=\"nofollow noopener\" target=\"_blank\" data-ylk=\"slk:cycliste;elm:context_link;itc:0;sec:content-canvas\" class=\"link \">cycliste<\/a>.<\/p>\n<p class=\"mb-4 text-lg md:leading-8 break-words\">Le corps de la victime, un homme de 55 ans domicili\u00e9 \u00e0 Eysines, avait \u00e9t\u00e9 d\u00e9couvert au niveau d\u2019un rond-point alors qu\u2019il se rendait \u00e0 son travail, v\u00eatu d\u2019un gilet orange. Dans un communiqu\u00e9, le procureur de la R\u00e9publique de Bordeaux, Renaud Gaudeul, pr\u00e9cise\u00a0: \u00ab\u00a0S\u2019il a admis \u00eatre \u00e0 l\u2019origine du d\u00e9c\u00e8s de la victime, il a contest\u00e9 avoir sciemment pris la fuite.\u00a0\u00bb<\/p>\n<p>Un long combat des associations et des victimes<\/p>\n<p class=\"mb-4 text-lg md:leading-8 break-words\">Le conducteur a \u00e9t\u00e9 plac\u00e9 sous contr\u00f4le judiciaire avec interdiction de conduire tout v\u00e9hicule terrestre \u00e0 moteur et obligation de soins. Cette affaire illustre l\u2019application de la loi du 9\u00a0juillet, issue d\u2019un long combat des familles et associations de victimes, qui cr\u00e9e le d\u00e9lit d\u2019homicide routier pour les accidents mortels de la circulation accompagn\u00e9s d\u2019au moins une circonstance aggravante.<\/p>\n<p><a href=\"https:\/\/www.20minutes.fr\/dossier\/gironde\" rel=\"nofollow noopener\" target=\"_blank\" data-ylk=\"slk:Toute l&#039;actualit\u00e9 en Gironde;elm:context_link;itc:0;sec:content-canvas\" class=\"link \">Toute l&rsquo;actualit\u00e9 en Gironde<\/a><\/p>\n<p class=\"mb-4 text-lg md:leading-8 break-words\">Jusque-l\u00e0, de tels faits \u00e9taient poursuivis au titre d\u2019homicides involontaires, m\u00eame en cas de comportements d\u00e9lib\u00e9r\u00e9ment dangereux comme la conduite sous stup\u00e9fiants ou sans permis.<\/p>\n<p class=\"mb-4 text-lg md:leading-8 break-words\"><a href=\"https:\/\/www.20minutes.fr\/faits_divers\/4176040-20250929-bordeaux-suspecte-avoir-tue-cycliste-chauffeur-poids-lourd-mis-examen?at_medium=RSS%20feed&amp;at_campaign=ynews&amp;utm_source=yahoo&amp;utm_medium=rss&amp;utm_campaign=news_feed&amp;utm_content=read_more_link&quot;\" rel=\"nofollow noopener\" target=\"_blank\" data-ylk=\"slk:Lire la suite sur 20minutes;elm:context_link;itc:0;sec:content-canvas\" class=\"link \">Lire la suite sur 20minutes<\/a><\/p>\n<p>\u00c0 lire aussi :<br \/><a href=\"https:\/\/www.20minutes.fr\/faits_divers\/4174970-20250924-deux-sevres-cycliste-percutee-niort-sous-yeux-enfant?at_medium=RSS%20feed&amp;at_campaign=ynews&amp;utm_source=yahoo&amp;utm_medium=rss&amp;utm_campaign=news_feed&amp;utm_content=related_content_link\" rel=\"nofollow noopener\" target=\"_blank\" data-ylk=\"slk:Deux-S\u00e8vres\u00a0: Une cycliste percut\u00e9e \u00e0 Niort sous les yeux de son enfant;elm:context_link;itc:0;sec:content-canvas\" class=\"link \">Deux-S\u00e8vres\u00a0: Une cycliste percut\u00e9e \u00e0 Niort sous les yeux de son enfant<\/a><br \/><a href=\"https:\/\/www.20minutes.fr\/faits_divers\/4174643-20250923-gironde-cycliste-decede-percute-nuit-automobiliste-pris-fuite?at_medium=RSS%20feed&amp;at_campaign=ynews&amp;utm_source=yahoo&amp;utm_medium=rss&amp;utm_campaign=news_feed&amp;utm_content=related_content_link\" rel=\"nofollow noopener\" target=\"_blank\" data-ylk=\"slk:Gironde\u00a0: Un cycliste d\u00e9c\u00e8de percut\u00e9 de nuit par un automobiliste qui a pris la fuite;elm:context_link;itc:0;sec:content-canvas\" class=\"link \">Gironde\u00a0: Un cycliste d\u00e9c\u00e8de percut\u00e9 de nuit par un automobiliste qui a pris la fuite<\/a><\/p>\n","protected":false},"excerpt":{"rendered":"JUSTICE &#8211; A Bordeaux, un chauffeur routier de 28 ans a \u00e9t\u00e9 mis en examen pour \u00ab\u00a0homicide routier&hellip;\n","protected":false},"author":2,"featured_media":427439,"comment_status":"","ping_status":"","sticky":false,"template":"","format":"standard","meta":{"footnotes":""},"categories":[2817],"tags":[1111,11,55634,1997,55633,22098,19462,1777,674,1011,27,12,2219,4491,25],"class_list":{"0":"post-427438","1":"post","2":"type-post","3":"status-publish","4":"format-standard","5":"has-post-thumbnail","7":"category-bordeaux","8":"tag-actu","9":"tag-actualites","10":"tag-associations-de-victimes","11":"tag-bordeaux","12":"tag-chauffeur-routier","13":"tag-cycliste","14":"tag-delit-de-fuite","15":"tag-eu","16":"tag-europe","17":"tag-fr","18":"tag-france","19":"tag-news","20":"tag-nouvelle-aquitaine","21":"tag-obligation-de-soins","22":"tag-republique-francaise"},"share_on_mastodon":{"url":"https:\/\/pubeurope.com\/@fr\/115290664120665346","error":""},"_links":{"self":[{"href":"https:\/\/www.europesays.com\/fr\/wp-json\/wp\/v2\/posts\/427438","targetHints":{"allow":["GET"]}}],"collection":[{"href":"https:\/\/www.europesays.com\/fr\/wp-json\/wp\/v2\/posts"}],"about":[{"href":"https:\/\/www.europesays.com\/fr\/wp-json\/wp\/v2\/types\/post"}],"author":[{"embeddable":true,"href":"https:\/\/www.europesays.com\/fr\/wp-json\/wp\/v2\/users\/2"}],"replies":[{"embeddable":true,"href":"https:\/\/www.europesays.com\/fr\/wp-json\/wp\/v2\/comments?post=427438"}],"version-history":[{"count":0,"href":"https:\/\/www.europesays.com\/fr\/wp-json\/wp\/v2\/posts\/427438\/revisions"}],"wp:featuredmedia":[{"embeddable":true,"href":"https:\/\/www.europesays.com\/fr\/wp-json\/wp\/v2\/media\/427439"}],"wp:attachment":[{"href":"https:\/\/www.europesays.com\/fr\/wp-json\/wp\/v2\/media?parent=427438"}],"wp:term":[{"taxonomy":"category","embeddable":true,"href":"https:\/\/www.europesays.com\/fr\/wp-json\/wp\/v2\/categories?post=427438"},{"taxonomy":"post_tag","embeddable":true,"href":"https:\/\/www.europesays.com\/fr\/wp-json\/wp\/v2\/tags?post=427438"}],"curies":[{"name":"wp","href":"https:\/\/api.w.org\/{rel}","templated":true}]}}