{"id":427442,"date":"2025-09-30T01:32:18","date_gmt":"2025-09-30T01:32:18","guid":{"rendered":"https:\/\/www.europesays.com\/fr\/427442\/"},"modified":"2025-09-30T01:32:18","modified_gmt":"2025-09-30T01:32:18","slug":"toulouse-la-video-choc-de-passagers-alcoolises-qui-se-revoltent-contre-des-gendarmes-venus-retablir-lordre-a-bord-dun-vol-ryanair-ou-des-bagarres-ont-eclate-regardez","status":"publish","type":"post","link":"https:\/\/www.europesays.com\/fr\/427442\/","title":{"rendered":"Toulouse: La vid\u00e9o choc de passagers alcoolis\u00e9s qui se r\u00e9voltent contre des gendarmes venus r\u00e9tablir l&rsquo;ordre \u00e0 bord d&rsquo;un vol Ryanair o\u00f9 des bagarres ont \u00e9clat\u00e9 &#8211; Regardez"},"content":{"rendered":"<p>Des images choc tourn\u00e9es \u00e0 Toulouse samedi montrent le difficile travail de nos gendarmes, et elle circulent depuis quelques heures sur les r\u00e9seaux sociaux. On peut y voir nos militaires qui sont bouscul\u00e9s par les passagers d&rsquo;un avion, alors qu&rsquo;ils tentent de r\u00e9tablir l&rsquo;ordre.<\/p>\n<p>Nous sommes dans un vol de la compagnie Ryanair qui relie normalement l\u2019Angleterre \u00e0 l\u2019Espagne et qui a \u00e9t\u00e9 oblig\u00e9 d\u2019atterrir en urgence \u00e0 l\u2019a\u00e9roport de Toulouse Blagnac et r\u00e9clame l\u2019intervention des gendarmes pour r\u00e9tablir le calme.<\/p>\n<p>A bord de l\u2019avion, les gendarmes vont \u00eatre confront\u00e9s \u00e0 des passagers ivres, \u00e0 des bagarres, le personnel navigant a \u00e9t\u00e9 insult\u00e9 comme le rapporte le syndicat des Officiers et Commissaires de police.\u00a0<\/p>\n<p>Mais loin de respecter l&rsquo;autorit\u00e9 des forces de l&rsquo;ordre, les passagers r\u00e9calcitrants vont tenter de se r\u00e9volter, le tout \u00e9tant film\u00e9 par des dizaines de t\u00e9l\u00e9phones portables&#8230;<\/p>\n<p>jeanmarcmorandini.com vous propose de regarder cette s\u00e9quence choc.<\/p>\n<p>\u00a0<\/p>\n","protected":false},"excerpt":{"rendered":"Des images choc tourn\u00e9es \u00e0 Toulouse samedi montrent le difficile travail de nos gendarmes, et elle circulent depuis&hellip;\n","protected":false},"author":2,"featured_media":427443,"comment_status":"","ping_status":"","sticky":false,"template":"","format":"standard","meta":{"footnotes":""},"categories":[2816],"tags":[1111,11,1777,674,1011,27,12,2680,13642,25,8683,2312,2949],"class_list":{"0":"post-427442","1":"post","2":"type-post","3":"status-publish","4":"format-standard","5":"has-post-thumbnail","7":"category-toulouse","8":"tag-actu","9":"tag-actualites","10":"tag-eu","11":"tag-europe","12":"tag-fr","13":"tag-france","14":"tag-news","15":"tag-occitanie","16":"tag-passagers","17":"tag-republique-francaise","18":"tag-ryanair","19":"tag-toulouse","20":"tag-violences"},"share_on_mastodon":{"url":"https:\/\/pubeurope.com\/@fr\/115290671906973821","error":""},"_links":{"self":[{"href":"https:\/\/www.europesays.com\/fr\/wp-json\/wp\/v2\/posts\/427442","targetHints":{"allow":["GET"]}}],"collection":[{"href":"https:\/\/www.europesays.com\/fr\/wp-json\/wp\/v2\/posts"}],"about":[{"href":"https:\/\/www.europesays.com\/fr\/wp-json\/wp\/v2\/types\/post"}],"author":[{"embeddable":true,"href":"https:\/\/www.europesays.com\/fr\/wp-json\/wp\/v2\/users\/2"}],"replies":[{"embeddable":true,"href":"https:\/\/www.europesays.com\/fr\/wp-json\/wp\/v2\/comments?post=427442"}],"version-history":[{"count":0,"href":"https:\/\/www.europesays.com\/fr\/wp-json\/wp\/v2\/posts\/427442\/revisions"}],"wp:featuredmedia":[{"embeddable":true,"href":"https:\/\/www.europesays.com\/fr\/wp-json\/wp\/v2\/media\/427443"}],"wp:attachment":[{"href":"https:\/\/www.europesays.com\/fr\/wp-json\/wp\/v2\/media?parent=427442"}],"wp:term":[{"taxonomy":"category","embeddable":true,"href":"https:\/\/www.europesays.com\/fr\/wp-json\/wp\/v2\/categories?post=427442"},{"taxonomy":"post_tag","embeddable":true,"href":"https:\/\/www.europesays.com\/fr\/wp-json\/wp\/v2\/tags?post=427442"}],"curies":[{"name":"wp","href":"https:\/\/api.w.org\/{rel}","templated":true}]}}