{"id":427448,"date":"2025-09-30T01:36:16","date_gmt":"2025-09-30T01:36:16","guid":{"rendered":"https:\/\/www.europesays.com\/fr\/427448\/"},"modified":"2025-09-30T01:36:16","modified_gmt":"2025-09-30T01:36:16","slug":"mama-shelter-marseille-joyau-urbain-de-lhotellerie-signe-philippe-stark","status":"publish","type":"post","link":"https:\/\/www.europesays.com\/fr\/427448\/","title":{"rendered":"Mama Shelter Marseille, joyau urbain de l&rsquo;h\u00f4tellerie sign\u00e9 Philippe Stark"},"content":{"rendered":"<p class=\"mb-4 text-lg md:leading-8 break-words\">On ne compte plus le nombre de Mama Shelter en Europe mais aussi dans le monde. Rome, Los Angeles, Rio de Janeiro, sans oublier les grandes villes fran\u00e7aises \u00e0 l&rsquo;instar de Paris, Bordeaux ou encore Marseille. Et toutes ont cette particularit\u00e9 d&rsquo;avoir \u00e9t\u00e9 d\u00e9cor\u00e9es par Philippe Stark, g\u00e9ant du design.<\/p>\n<p>Mama Shelter Marseille, un v\u00e9ritable lieu de vie dans la cit\u00e9 Phoc\u00e9enne<\/p>\n<p class=\"mb-4 text-lg md:leading-8 break-words\">Plus qu&rsquo;un simple h\u00f4tel, <strong>le Mama Shelter Marseille<\/strong> (\u00e0 l&rsquo;image de toutes les adresses du groupe) a \u00e9t\u00e9 imagin\u00e9 comme un<strong> v\u00e9ritable lieu de vie,<\/strong> une <a href=\"https:\/\/www.lejournaldelamaison.fr\/le-journal-de-la-maison\/reportages-maisons\/appartements\/marion-cotillard-habitait-cite-dans-tour-dix-huit-etages-elle-evoque-ancien-appartement-banlieue-parisienne-522408.html\" rel=\"nofollow noopener\" target=\"_blank\" data-ylk=\"slk:sorte d&#039;appartement;elm:context_link;itc:0;sec:content-canvas\" class=\"link \">sorte d&rsquo;appartement<\/a> XXL o\u00f9 les voyageurs se sentent imm\u00e9diatement chez eux. On circule librement entre la grande pi\u00e8ce commune, qui fait \u00e0 la fois <strong>restaurant, bar et cuisine ouverte<\/strong>, le lobby convivial anim\u00e9 par un baby-foot et <a href=\"https:\/\/www.lejournaldelamaison.fr\/le-journal-de-la-maison\/piece-par-piece\/chambre\/deco-chambre\/adieu-lampes-chevet-tendance-elegante-chambres-automne-522470.html\" rel=\"nofollow noopener\" target=\"_blank\" data-ylk=\"slk:les chambres-cocons;elm:context_link;itc:0;sec:content-canvas\" class=\"link \">les chambres-cocons <\/a>o\u00f9 l&rsquo;on aime se retirer. \u00c0 l&rsquo;ext\u00e9rieur, la fa\u00e7ade grise, massive et brute, tranche semblable \u00e0 un bloc de b\u00e9ton, tranche volontairement avec l&rsquo;int\u00e9rieur explosif de <strong>couleurs et d&rsquo;\u00e9nergie.<\/strong> Et c&rsquo;est bien l\u00e0 toute la<strong> force du Mama Shelter<\/strong> : surprendre, offrir une parenth\u00e8se inattendue que rien ne laissait deviner avant de franchir la porte.<\/p>\n<p>Mama Shelter Marseille : des chambres pens\u00e9es comme des cocons<\/p>\n<p class=\"mb-4 text-lg md:leading-8 break-words\">\u00c0 l&rsquo;image du lobby et des espaces communs, <strong>les chambres<\/strong> jouent la carte de <a href=\"https:\/\/www.lejournaldelamaison.fr\/le-journal-de-la-maison\/decoration-par-style\/grands-hotels\/mama-shelter-marseille-joyau-urbain-de-lhotellerie-signe-philippe-stark-522816.html\" rel=\"nofollow noopener\" target=\"_blank\" data-ylk=\"slk:Lire la suite sur Le Journal de la Maison;elm:context_link;itc:0;sec:content-canvas\" class=\"link \">Lire la suite sur Le Journal de la Maison<\/a><\/p>\n","protected":false},"excerpt":{"rendered":"On ne compte plus le nombre de Mama Shelter en Europe mais aussi dans le monde. Rome, Los&hellip;\n","protected":false},"author":2,"featured_media":427449,"comment_status":"","ping_status":"","sticky":false,"template":"","format":"standard","meta":{"footnotes":""},"categories":[2814],"tags":[1111,11,55639,1777,674,1011,27,55636,7243,55638,6116,55635,884,12,55637,882,25,17718],"class_list":{"0":"post-427448","1":"post","2":"type-post","3":"status-publish","4":"format-standard","5":"has-post-thumbnail","7":"category-marseille","8":"tag-actu","9":"tag-actualites","10":"tag-bloc-de-beton","11":"tag-eu","12":"tag-europe","13":"tag-fr","14":"tag-france","15":"tag-grandes-villes-francaises","16":"tag-le-monde","17":"tag-lieu-de-vie","18":"tag-los-angeles","19":"tag-mama-shelter","20":"tag-marseille","21":"tag-news","22":"tag-philippe-stark","23":"tag-provence-alpes-cote-dazur","24":"tag-republique-francaise","25":"tag-rio-de-janeiro"},"share_on_mastodon":{"url":"https:\/\/pubeurope.com\/@fr\/115290687648055411","error":""},"_links":{"self":[{"href":"https:\/\/www.europesays.com\/fr\/wp-json\/wp\/v2\/posts\/427448","targetHints":{"allow":["GET"]}}],"collection":[{"href":"https:\/\/www.europesays.com\/fr\/wp-json\/wp\/v2\/posts"}],"about":[{"href":"https:\/\/www.europesays.com\/fr\/wp-json\/wp\/v2\/types\/post"}],"author":[{"embeddable":true,"href":"https:\/\/www.europesays.com\/fr\/wp-json\/wp\/v2\/users\/2"}],"replies":[{"embeddable":true,"href":"https:\/\/www.europesays.com\/fr\/wp-json\/wp\/v2\/comments?post=427448"}],"version-history":[{"count":0,"href":"https:\/\/www.europesays.com\/fr\/wp-json\/wp\/v2\/posts\/427448\/revisions"}],"wp:featuredmedia":[{"embeddable":true,"href":"https:\/\/www.europesays.com\/fr\/wp-json\/wp\/v2\/media\/427449"}],"wp:attachment":[{"href":"https:\/\/www.europesays.com\/fr\/wp-json\/wp\/v2\/media?parent=427448"}],"wp:term":[{"taxonomy":"category","embeddable":true,"href":"https:\/\/www.europesays.com\/fr\/wp-json\/wp\/v2\/categories?post=427448"},{"taxonomy":"post_tag","embeddable":true,"href":"https:\/\/www.europesays.com\/fr\/wp-json\/wp\/v2\/tags?post=427448"}],"curies":[{"name":"wp","href":"https:\/\/api.w.org\/{rel}","templated":true}]}}