{"id":427450,"date":"2025-09-30T01:37:13","date_gmt":"2025-09-30T01:37:13","guid":{"rendered":"https:\/\/www.europesays.com\/fr\/427450\/"},"modified":"2025-09-30T01:37:13","modified_gmt":"2025-09-30T01:37:13","slug":"lyon-lidl-va-bien-ouvrir-des-nouveaux-magasins-en-rachetant-ces-deux-auchan","status":"publish","type":"post","link":"https:\/\/www.europesays.com\/fr\/427450\/","title":{"rendered":"Lyon. Lidl va bien ouvrir des nouveaux magasins en rachetant ces deux Auchan"},"content":{"rendered":"<p>            Par<br \/>\n        <strong><br \/>\n            <a href=\"https:\/\/actu.fr\/auteur\/nicolas-zaugra\" title=\"Consulter tous les articles de Nicolas Zaugra\" target=\"_blank\" rel=\"noopener\">Nicolas Zaugra<\/a><br \/>\n        <\/strong><\/p>\n<p>        Publi\u00e9 le<\/p>\n<p>            29 sept. 2025 \u00e0 19h21        <\/p>\n<p>C\u2019est officiel et d\u00e9finitif. L\u2019Autorit\u00e9 de la concurrence a valid\u00e9 la <a href=\"https:\/\/actu.fr\/auvergne-rhone-alpes\/lyon_69123\/lyon-ces-deux-grands-supermarches-auchan-vont-etre-vendus-a-lidl-voici-lesquels_62921590.html\" target=\"_blank\" rel=\"noopener\">reprise par Lidl de 19 magasins Auchan<\/a> en France, dont deux \u00e0 Lyon.<\/p>\n<p>Un magasin \u00e0 La Duch\u00e8re, un autre aux \u00c9tats-Unis<\/p>\n<p class=\" wall-content\">Le g\u00e9ant allemand de la distribution va donc \u00e9tendre encore sa toile alors qu\u2019il doit encore ouvrir deux magasins dans le 7e, l\u2019un plus grand \u00e0 la Guilloti\u00e8re, l\u2019autre \u00e0 Gerland. La marque Lidl devrait alors compter 1 627 magasins dans toute la France d\u2019ici la fin de l\u2019ann\u00e9e et veut atteindre les 10% de parts de march\u00e9 dans le pays.<\/p>\n<p class=\" wall-content\">\u00c0 Lyon, les deux magasins Auchan du <strong>8e et du 9e arrondissement<\/strong> vont donc changer d\u2019enseigne en faveur de Lidl. Le premier est situ\u00e9 dans le quartier des \u00c9tats-Unis, au 8 rue Philippe-Fabia, \u00e0 proximit\u00e9 des tramways T6 et T4. Le second est \u00e0 La Duch\u00e8re, au 3 rue Victor-Schoelcher, en plein c\u0153ur du quartier.<\/p>\n<p>Lidl tisse sa toile \u00e0 Lyon<\/p>\n<p class=\" wall-content\">\u00c0 Lyon, Lidl est d\u00e9j\u00e0 implant\u00e9 cours Lafayette dans le 3e arrondissement, rue de Marseille et Grande rue de la Guilloti\u00e8re dans le 7e, rue Marius-Berliet dans le 8e, place de l\u2019Abb\u00e9-Pierre dans le 9e et cours Charlemagne dans le 2e arrondissement.<\/p>\n<p class=\" wall-content\">Ces nouveaux magasins montrent l\u2019app\u00e9tit du distributeur pour la ville, en plus de son projet de d\u00e9m\u00e9nagement de son magasin rue de Marseille vers l\u2019ancien garage Citro\u00ebn, qui en fera son vaisseau. Mais le projet prend du retard et son ouverture est report\u00e9e apr\u00e8s 2026. Il s\u2019agira du plus grand magasin du r\u00e9seau de la marque.<\/p>\n<p class=\" wall-content\">Plus loin dans l\u2019arrondissement, \u00e0 Gerland, son nouveau point de vente dans un quartier en plein boom a aussi <a href=\"https:\/\/actu.fr\/auvergne-rhone-alpes\/lyon_69123\/lyon-lidl-gagne-son-bras-de-fer-et-pourra-bien-ouvrir-un-magasin-dans-ce-quartier_62696548.html\" target=\"_blank\" rel=\"noopener\">pris du retard \u00e0 cause de recours, perdus, d\u00e9pos\u00e9s par des concurrents<\/a>.<\/p>\n<p class=\" wall-content\">Personnalisez votre actualit\u00e9 en ajoutant vos villes et m\u00e9dias en favori avec <a href=\"https:\/\/moncompte.actu.fr\" title=\"D\u00e9couvez Mon Actu\" rel=\"nofollow noopener\" data-trk=\"{&quot;cta&quot;:{&quot;action&quot;:&quot;https:\\\/\\\/moncompte.actu.fr&quot;,&quot;category&quot;:&quot;mon compte&quot;,&quot;from&quot;:&quot;article footer&quot;,&quot;name&quot;:&quot;Mon actu&quot;,&quot;type&quot;:&quot;cta&quot;}}\" target=\"_blank\">Mon Actu<\/a>.<\/p>\n","protected":false},"excerpt":{"rendered":"Par Nicolas Zaugra Publi\u00e9 le 29 sept. 2025 \u00e0 19h21 C\u2019est officiel et d\u00e9finitif. L\u2019Autorit\u00e9 de la concurrence&hellip;\n","protected":false},"author":2,"featured_media":427451,"comment_status":"","ping_status":"","sticky":false,"template":"","format":"standard","meta":{"footnotes":""},"categories":[1889],"tags":[1111,11,14474,2430,215,33,1777,674,1011,27,18542,2428,12,25],"class_list":{"0":"post-427450","1":"post","2":"type-post","3":"status-publish","4":"format-standard","5":"has-post-thumbnail","7":"category-lyon","8":"tag-actu","9":"tag-actualites","10":"tag-auchan","11":"tag-auvergne-rhone-alpes","12":"tag-commerce","13":"tag-economie","14":"tag-eu","15":"tag-europe","16":"tag-fr","17":"tag-france","18":"tag-lidl","19":"tag-lyon","20":"tag-news","21":"tag-republique-francaise"},"share_on_mastodon":{"url":"https:\/\/pubeurope.com\/@fr\/115290691585000946","error":""},"_links":{"self":[{"href":"https:\/\/www.europesays.com\/fr\/wp-json\/wp\/v2\/posts\/427450","targetHints":{"allow":["GET"]}}],"collection":[{"href":"https:\/\/www.europesays.com\/fr\/wp-json\/wp\/v2\/posts"}],"about":[{"href":"https:\/\/www.europesays.com\/fr\/wp-json\/wp\/v2\/types\/post"}],"author":[{"embeddable":true,"href":"https:\/\/www.europesays.com\/fr\/wp-json\/wp\/v2\/users\/2"}],"replies":[{"embeddable":true,"href":"https:\/\/www.europesays.com\/fr\/wp-json\/wp\/v2\/comments?post=427450"}],"version-history":[{"count":0,"href":"https:\/\/www.europesays.com\/fr\/wp-json\/wp\/v2\/posts\/427450\/revisions"}],"wp:featuredmedia":[{"embeddable":true,"href":"https:\/\/www.europesays.com\/fr\/wp-json\/wp\/v2\/media\/427451"}],"wp:attachment":[{"href":"https:\/\/www.europesays.com\/fr\/wp-json\/wp\/v2\/media?parent=427450"}],"wp:term":[{"taxonomy":"category","embeddable":true,"href":"https:\/\/www.europesays.com\/fr\/wp-json\/wp\/v2\/categories?post=427450"},{"taxonomy":"post_tag","embeddable":true,"href":"https:\/\/www.europesays.com\/fr\/wp-json\/wp\/v2\/tags?post=427450"}],"curies":[{"name":"wp","href":"https:\/\/api.w.org\/{rel}","templated":true}]}}