{"id":427452,"date":"2025-09-30T01:38:11","date_gmt":"2025-09-30T01:38:11","guid":{"rendered":"https:\/\/www.europesays.com\/fr\/427452\/"},"modified":"2025-09-30T01:38:11","modified_gmt":"2025-09-30T01:38:11","slug":"previsions-du-mardi-30-septembre-2025-14","status":"publish","type":"post","link":"https:\/\/www.europesays.com\/fr\/427452\/","title":{"rendered":"pr\u00e9visions du mardi 30 septembre 2025"},"content":{"rendered":"<p class=\"mb-4 text-lg md:leading-8 break-words\"><strong>M\u00e9t\u00e9o &#8211; Aujourd&rsquo;hui, le beau temps va peu \u00e0 peu se substituer aux nuages. Les temp\u00e9ratures seront de 14\u00b0C la matin\u00e9e et de 18\u00b0C l&rsquo;apr\u00e8s-midi&#8230;<\/strong><\/p>\n<p class=\"mb-4 text-lg md:leading-8 break-words\">Il va faire en moyenne 14\u00b0C \u00e0 Lyon, aujourd&rsquo;hui. Une brise de nord-ouest soufflera l\u00e9g\u00e8rement. Petits et grands pourront appr\u00e9cier leur matin\u00e9e sous un ciel un peu nuageux. L&rsquo;apr\u00e8s-midi, un important soleil brillera. Les temp\u00e9ratures vont conna\u00eetre une augmentation de quelques degr\u00e9s. Les maximales pourront atteindre 19\u00b0C tandis que les minimales seront de 16\u00b0C. Apr\u00e8s un bref \u00e9pisode nuageux, on annonce une embellie pour cette soir\u00e9e. Les temp\u00e9ratures avoisineront les 13\u00b0C. Pour les adeptes d&rsquo;astronomie, sachez que la nuit sera claire.<\/p>\n<p class=\"mb-4 text-lg md:leading-8 break-words\">Demain, on anticipe pour Lyon des valeurs avoisinant 14\u00b0C. Un vent de nord-ouest rafra\u00eechira l\u00e9g\u00e8rement l&rsquo;atmosph\u00e8re. Des \u00e9claircies sont attendues : on passera une matin\u00e9e cl\u00e9mente. C&rsquo;est un soleil radieux qui va se montrer demain apr\u00e8s-midi. Le temps va se r\u00e9chauffer avec une hausse de plusieurs degr\u00e9s. Les temp\u00e9ratures afficheront entre 15 et 19\u00b0C. La ville profitera de quelques \u00e9claircies demain soir.<\/p>\n<p class=\"mb-4 text-lg md:leading-8 break-words\">Les jours suivants s&rsquo;annoncent similaires. Des temp\u00e9ratures dans les 12\u00b0C iront de pair avec un ciel ensoleill\u00e9.<\/p>\n<p class=\"mb-4 text-lg md:leading-8 break-words\"><a href=\"https:\/\/www.20minutes.fr\/planete\/previsions-meteo\/4176048-20250930-meteo-lyon-previsions-mardi-30-septembre-2025?at_medium=RSS%20feed&amp;at_campaign=ynews&amp;utm_source=yahoo&amp;utm_medium=rss&amp;utm_campaign=news_feed&amp;utm_content=read_more_link&quot;\" rel=\"nofollow noopener\" target=\"_blank\" data-ylk=\"slk:Lire la suite sur 20minutes;elm:context_link;itc:0;sec:content-canvas\" class=\"link \">Lire la suite sur 20minutes<\/a><\/p>\n","protected":false},"excerpt":{"rendered":"M\u00e9t\u00e9o &#8211; Aujourd&rsquo;hui, le beau temps va peu \u00e0 peu se substituer aux nuages. Les temp\u00e9ratures seront de&hellip;\n","protected":false},"author":2,"featured_media":427453,"comment_status":"","ping_status":"","sticky":false,"template":"","format":"standard","meta":{"footnotes":""},"categories":[1889],"tags":[1111,11,2430,1777,674,1011,27,51394,2428,2487,12,25],"class_list":{"0":"post-427452","1":"post","2":"type-post","3":"status-publish","4":"format-standard","5":"has-post-thumbnail","7":"category-lyon","8":"tag-actu","9":"tag-actualites","10":"tag-auvergne-rhone-alpes","11":"tag-eu","12":"tag-europe","13":"tag-fr","14":"tag-france","15":"tag-la-matinee","16":"tag-lyon","17":"tag-meteo","18":"tag-news","19":"tag-republique-francaise"},"share_on_mastodon":{"url":"https:\/\/pubeurope.com\/@fr\/115290695445548700","error":""},"_links":{"self":[{"href":"https:\/\/www.europesays.com\/fr\/wp-json\/wp\/v2\/posts\/427452","targetHints":{"allow":["GET"]}}],"collection":[{"href":"https:\/\/www.europesays.com\/fr\/wp-json\/wp\/v2\/posts"}],"about":[{"href":"https:\/\/www.europesays.com\/fr\/wp-json\/wp\/v2\/types\/post"}],"author":[{"embeddable":true,"href":"https:\/\/www.europesays.com\/fr\/wp-json\/wp\/v2\/users\/2"}],"replies":[{"embeddable":true,"href":"https:\/\/www.europesays.com\/fr\/wp-json\/wp\/v2\/comments?post=427452"}],"version-history":[{"count":0,"href":"https:\/\/www.europesays.com\/fr\/wp-json\/wp\/v2\/posts\/427452\/revisions"}],"wp:featuredmedia":[{"embeddable":true,"href":"https:\/\/www.europesays.com\/fr\/wp-json\/wp\/v2\/media\/427453"}],"wp:attachment":[{"href":"https:\/\/www.europesays.com\/fr\/wp-json\/wp\/v2\/media?parent=427452"}],"wp:term":[{"taxonomy":"category","embeddable":true,"href":"https:\/\/www.europesays.com\/fr\/wp-json\/wp\/v2\/categories?post=427452"},{"taxonomy":"post_tag","embeddable":true,"href":"https:\/\/www.europesays.com\/fr\/wp-json\/wp\/v2\/tags?post=427452"}],"curies":[{"name":"wp","href":"https:\/\/api.w.org\/{rel}","templated":true}]}}